{"id":550073,"date":"2022-12-27T14:50:20","date_gmt":"2022-12-27T11:50:20","guid":{"rendered":"https:\/\/arantv.az\/?p=550073"},"modified":"2022-12-27T14:50:20","modified_gmt":"2022-12-27T11:50:20","slug":"nazir-susada-bmt-bayraginin-dalgalandirilmasi-tarixi-hadis%c9%99dir","status":"publish","type":"post","link":"https:\/\/arantv.az\/?p=550073","title":{"rendered":"Nazir: \u201c\u015eu\u015fada BMT bayra\u011f\u0131n\u0131n dal\u011faland\u0131r\u0131lmas\u0131 tarixi hadis\u0259dir\u201d"},"content":{"rendered":"<p>\u201cBu il ilk d\u0259f\u0259 \u015eu\u015fa \u015f\u0259h\u0259rind\u0259 BMT bayra\u011f\u0131 dal\u011faland\u0131r\u0131l\u0131b\u201d.<\/p>\n<p><strong>ARANTV.AZ <\/strong>\u00a0bildirir ki, bunu Az\u0259rbaycan xarici i\u015fl\u0259r naziri Ceyhun Bayramov ilin yekunlar\u0131na dair ke\u00e7irdiyi m\u0259tbuat konfrans\u0131nda deyib.<\/p>\n<div class=\"AdviadNativeVideo\"><\/div>\n<p>Nazir xat\u0131rlad\u0131b ki, bu il Az\u0259rbaycan\u0131n BMT-y\u0259 \u00fczvl\u00fcy\u0259 q\u0259bulunun 30 ili tamam oldu:<\/p>\n<p>\u201cHesab edir\u0259m ki, \u015eu\u015fada BMT bayra\u011f\u0131n\u0131n dal\u011faland\u0131r\u0131lmas\u0131 tarixi hadis\u0259dir\u201d.<\/p>\n<p>Xat\u0131rladaq ki, bu ilin mart\u0131n 18-d\u0259 \u015eu\u015fa \u015f\u0259h\u0259rind\u0259 Az\u0259rbaycan-BMT t\u0259r\u0259fda\u015fl\u0131\u011f\u0131n\u0131n 30 illiyin\u0259 h\u0259sr olunmu\u015f toplant\u0131 ke\u00e7irilib. T\u0259dbird\u0259 Az\u0259rbaycan Respublikas\u0131n\u0131n y\u00fcks\u0259k s\u0259viyy\u0259li d\u00f6vl\u0259t v\u0259 h\u00f6kum\u0259t r\u0259smil\u0259ri, BMT-nin \u00f6lk\u0259mizd\u0259ki rezident \u0259laq\u0259l\u0259ndiricisi, BMT-nin Az\u0259rbaycandak\u0131 qurumlar\u0131n\u0131n r\u0259hb\u0259r \u015f\u0259xsl\u0259ri i\u015ftirak edibl\u0259r.<\/p>\n","protected":false},"excerpt":{"rendered":"<p>\u201cBu il ilk d\u0259f\u0259 \u015eu\u015fa \u015f\u0259h\u0259rind\u0259 BMT bayra\u011f\u0131 dal\u011faland\u0131r\u0131l\u0131b\u201d. ARANTV.AZ \u00a0bildirir ki, bunu Az\u0259rbaycan xarici i\u015fl\u0259r naziri Ceyhun Bayramov ilin yekunlar\u0131na dair ke\u00e7irdiyi m\u0259tbuat konfrans\u0131nda deyib. Nazir xat\u0131rlad\u0131b ki, bu il Az\u0259rbaycan\u0131n BMT-y\u0259 \u00fczvl\u00fcy\u0259 q\u0259bulunun 30 ili tamam oldu: \u201cHesab edir\u0259m ki, \u015eu\u015fada BMT bayra\u011f\u0131n\u0131n dal\u011faland\u0131r\u0131lmas\u0131 tarixi hadis\u0259dir\u201d. Xat\u0131rladaq ki, bu ilin mart\u0131n 18-d\u0259 \u015eu\u015fa \u015f\u0259h\u0259rind\u0259 Az\u0259rbaycan-BMT t\u0259r\u0259fda\u015fl\u0131\u011f\u0131n\u0131n 30 illiyin\u0259 h\u0259sr olunmu\u015f toplant\u0131 ke\u00e7irilib. T\u0259dbird\u0259 Az\u0259rbaycan Respublikas\u0131n\u0131n y\u00fcks\u0259k s\u0259viyy\u0259li d\u00f6vl\u0259t v\u0259 h\u00f6kum\u0259t r\u0259smil\u0259ri, BMT-nin \u00f6lk\u0259mizd\u0259ki rezident \u0259laq\u0259l\u0259ndiricisi, BMT-nin Az\u0259rbaycandak\u0131 qurumlar\u0131n\u0131n r\u0259hb\u0259r \u015f\u0259xsl\u0259ri i\u015ftirak edibl\u0259r.<\/p>\n","protected":false},"author":2,"featured_media":550074,"comment_status":"closed","ping_status":"closed","sticky":false,"template":"","format":"standard","meta":{"om_disable_all_campaigns":false,"_monsterinsights_skip_tracking":false,"_monsterinsights_sitenote_active":false,"_monsterinsights_sitenote_note":"","_monsterinsights_sitenote_category":0},"categories":[4],"tags":[],"aioseo_notices":[],"gutentor_comment":0,"rttpg_featured_image_url":{"full":["https:\/\/arantv.az\/wp-content\/uploads\/2022\/12\/VWLXiYT9j2wBc0udK0kiTQSHWbva88IuJ1abQCtx-2.jpg",620,413,false],"landscape":["https:\/\/arantv.az\/wp-content\/uploads\/2022\/12\/VWLXiYT9j2wBc0udK0kiTQSHWbva88IuJ1abQCtx-2.jpg",620,413,false],"portraits":["https:\/\/arantv.az\/wp-content\/uploads\/2022\/12\/VWLXiYT9j2wBc0udK0kiTQSHWbva88IuJ1abQCtx-2.jpg",620,413,false],"thumbnail":["https:\/\/arantv.az\/wp-content\/uploads\/2022\/12\/VWLXiYT9j2wBc0udK0kiTQSHWbva88IuJ1abQCtx-2-500x280.jpg",500,280,true],"medium":["https:\/\/arantv.az\/wp-content\/uploads\/2022\/12\/VWLXiYT9j2wBc0udK0kiTQSHWbva88IuJ1abQCtx-2-548x365.jpg",548,365,true],"large":["https:\/\/arantv.az\/wp-content\/uploads\/2022\/12\/VWLXiYT9j2wBc0udK0kiTQSHWbva88IuJ1abQCtx-2.jpg",620,413,false],"1536x1536":["https:\/\/arantv.az\/wp-content\/uploads\/2022\/12\/VWLXiYT9j2wBc0udK0kiTQSHWbva88IuJ1abQCtx-2.jpg",620,413,false],"2048x2048":["https:\/\/arantv.az\/wp-content\/uploads\/2022\/12\/VWLXiYT9j2wBc0udK0kiTQSHWbva88IuJ1abQCtx-2.jpg",620,413,false],"post-thumbnail":["https:\/\/arantv.az\/wp-content\/uploads\/2022\/12\/VWLXiYT9j2wBc0udK0kiTQSHWbva88IuJ1abQCtx-2-240x172.jpg",240,172,true],"advps-thumb-one":["https:\/\/arantv.az\/wp-content\/uploads\/2022\/12\/VWLXiYT9j2wBc0udK0kiTQSHWbva88IuJ1abQCtx-2.jpg",620,413,false]},"rttpg_author":{"display_name":"V\u00fcsal Rafiqo\u011flu","author_link":"https:\/\/arantv.az\/?author=2"},"rttpg_comment":0,"rttpg_category":"<a href=\"https:\/\/arantv.az\/?cat=4\" rel=\"category\">Siyas\u0259t<\/a>","rttpg_excerpt":"\u201cBu il ilk d\u0259f\u0259 \u015eu\u015fa \u015f\u0259h\u0259rind\u0259 BMT bayra\u011f\u0131 dal\u011faland\u0131r\u0131l\u0131b\u201d. ARANTV.AZ \u00a0bildirir ki, bunu Az\u0259rbaycan xarici i\u015fl\u0259r naziri Ceyhun Bayramov ilin yekunlar\u0131na dair ke\u00e7irdiyi m\u0259tbuat konfrans\u0131nda deyib. Nazir xat\u0131rlad\u0131b ki, bu il Az\u0259rbaycan\u0131n BMT-y\u0259 \u00fczvl\u00fcy\u0259 q\u0259bulunun 30 ili tamam oldu: \u201cHesab edir\u0259m ki, \u015eu\u015fada BMT bayra\u011f\u0131n\u0131n dal\u011faland\u0131r\u0131lmas\u0131 tarixi hadis\u0259dir\u201d. Xat\u0131rladaq ki, bu ilin mart\u0131n 18-d\u0259 \u015eu\u015fa&hellip;","_links":{"self":[{"href":"https:\/\/arantv.az\/index.php?rest_route=\/wp\/v2\/posts\/550073"}],"collection":[{"href":"https:\/\/arantv.az\/index.php?rest_route=\/wp\/v2\/posts"}],"about":[{"href":"https:\/\/arantv.az\/index.php?rest_route=\/wp\/v2\/types\/post"}],"author":[{"embeddable":true,"href":"https:\/\/arantv.az\/index.php?rest_route=\/wp\/v2\/users\/2"}],"replies":[{"embeddable":true,"href":"https:\/\/arantv.az\/index.php?rest_route=%2Fwp%2Fv2%2Fcomments&post=550073"}],"version-history":[{"count":0,"href":"https:\/\/arantv.az\/index.php?rest_route=\/wp\/v2\/posts\/550073\/revisions"}],"wp:featuredmedia":[{"embeddable":true,"href":"https:\/\/arantv.az\/index.php?rest_route=\/wp\/v2\/media\/550074"}],"wp:attachment":[{"href":"https:\/\/arantv.az\/index.php?rest_route=%2Fwp%2Fv2%2Fmedia&parent=550073"}],"wp:term":[{"taxonomy":"category","embeddable":true,"href":"https:\/\/arantv.az\/index.php?rest_route=%2Fwp%2Fv2%2Fcategories&post=550073"},{"taxonomy":"post_tag","embeddable":true,"href":"https:\/\/arantv.az\/index.php?rest_route=%2Fwp%2Fv2%2Ftags&post=550073"}],"curies":[{"name":"wp","href":"https:\/\/api.w.org\/{rel}","templated":true}]}}