{"id":556035,"date":"2023-01-18T15:38:43","date_gmt":"2023-01-18T12:38:43","guid":{"rendered":"https:\/\/arantv.az\/?p=556035"},"modified":"2023-01-18T15:38:43","modified_gmt":"2023-01-18T12:38:43","slug":"turkiy%c9%99-prezidenti-az%c9%99rbaycanli-usaqlara-bayraktar-adi-verilir","status":"publish","type":"post","link":"https:\/\/arantv.az\/?p=556035","title":{"rendered":"T\u00fcrkiy\u0259 Prezidenti: \u201cAz\u0259rbaycanl\u0131 u\u015faqlara Bayraktar ad\u0131 verilir\u201d"},"content":{"rendered":"<p>\u201cAz\u0259rbaycanda d\u00fcnyaya g\u00f6z a\u00e7an u\u015faqlara\u00a0Bayraktar ad\u0131 verilir\u201d.<\/p>\n<div class=\"AdviadNativeVideo\"><\/div>\n<p>Bu s\u00f6zl\u0259ri T\u00fcrkiy\u0259 Prezidenti R\u0259c\u0259b Tayyib \u018frdo\u011fan T\u00fcrkiy\u0259 B\u00f6y\u00fck Mill\u0259t M\u0259clisind\u0259ki \u00e7\u0131x\u0131\u015f\u0131nda deyib.<\/p>\n<p>O bildirib ki, \u201cBayraktar\u201dlar Liviyadan Qaraba\u011fa q\u0259d\u0259r h\u0259r yerd\u0259 \u00f6z s\u00f6z\u00fcn\u00fc deyib.<\/p>\n<p>\u201c\u018flb\u0259tt\u0259, i\u015fl\u0259rimiz davam edir. \u0130ndi d\u0259 \u201cQ\u0131z\u0131l Elma\u201d v\u0259 milli d\u00f6y\u00fc\u015f t\u0259yyar\u0259l\u0259rimiz g\u0259lir\u201d, &#8211; dey\u0259 T\u00fcrkiy\u0259 lideri vur\u011fulay\u0131b.<\/p>\n<p>M\u0259nb\u0259: Haber Global<\/p>\n","protected":false},"excerpt":{"rendered":"<p>\u201cAz\u0259rbaycanda d\u00fcnyaya g\u00f6z a\u00e7an u\u015faqlara\u00a0Bayraktar ad\u0131 verilir\u201d. Bu s\u00f6zl\u0259ri T\u00fcrkiy\u0259 Prezidenti R\u0259c\u0259b Tayyib \u018frdo\u011fan T\u00fcrkiy\u0259 B\u00f6y\u00fck Mill\u0259t M\u0259clisind\u0259ki \u00e7\u0131x\u0131\u015f\u0131nda deyib. O bildirib ki, \u201cBayraktar\u201dlar Liviyadan Qaraba\u011fa q\u0259d\u0259r h\u0259r yerd\u0259 \u00f6z s\u00f6z\u00fcn\u00fc deyib. \u201c\u018flb\u0259tt\u0259, i\u015fl\u0259rimiz davam edir. \u0130ndi d\u0259 \u201cQ\u0131z\u0131l Elma\u201d v\u0259 milli d\u00f6y\u00fc\u015f t\u0259yyar\u0259l\u0259rimiz g\u0259lir\u201d, &#8211; dey\u0259 T\u00fcrkiy\u0259 lideri vur\u011fulay\u0131b. M\u0259nb\u0259: Haber Global<\/p>\n","protected":false},"author":2,"featured_media":556036,"comment_status":"closed","ping_status":"closed","sticky":false,"template":"","format":"standard","meta":{"om_disable_all_campaigns":false,"_monsterinsights_skip_tracking":false,"_monsterinsights_sitenote_active":false,"_monsterinsights_sitenote_note":"","_monsterinsights_sitenote_category":0},"categories":[1],"tags":[],"aioseo_notices":[],"gutentor_comment":0,"rttpg_featured_image_url":{"full":["https:\/\/arantv.az\/wp-content\/uploads\/2023\/01\/FotoJet-2023-01-18T141153.690.jpg",620,413,false],"landscape":["https:\/\/arantv.az\/wp-content\/uploads\/2023\/01\/FotoJet-2023-01-18T141153.690.jpg",620,413,false],"portraits":["https:\/\/arantv.az\/wp-content\/uploads\/2023\/01\/FotoJet-2023-01-18T141153.690.jpg",620,413,false],"thumbnail":["https:\/\/arantv.az\/wp-content\/uploads\/2023\/01\/FotoJet-2023-01-18T141153.690-500x280.jpg",500,280,true],"medium":["https:\/\/arantv.az\/wp-content\/uploads\/2023\/01\/FotoJet-2023-01-18T141153.690-548x365.jpg",548,365,true],"large":["https:\/\/arantv.az\/wp-content\/uploads\/2023\/01\/FotoJet-2023-01-18T141153.690.jpg",620,413,false],"1536x1536":["https:\/\/arantv.az\/wp-content\/uploads\/2023\/01\/FotoJet-2023-01-18T141153.690.jpg",620,413,false],"2048x2048":["https:\/\/arantv.az\/wp-content\/uploads\/2023\/01\/FotoJet-2023-01-18T141153.690.jpg",620,413,false],"post-thumbnail":["https:\/\/arantv.az\/wp-content\/uploads\/2023\/01\/FotoJet-2023-01-18T141153.690-240x172.jpg",240,172,true],"advps-thumb-one":["https:\/\/arantv.az\/wp-content\/uploads\/2023\/01\/FotoJet-2023-01-18T141153.690.jpg",620,413,false]},"rttpg_author":{"display_name":"V\u00fcsal Rafiqo\u011flu","author_link":"https:\/\/arantv.az\/?author=2"},"rttpg_comment":0,"rttpg_category":"<a href=\"https:\/\/arantv.az\/?cat=1\" rel=\"category\">C\u0259miyy\u0259t<\/a>","rttpg_excerpt":"\u201cAz\u0259rbaycanda d\u00fcnyaya g\u00f6z a\u00e7an u\u015faqlara\u00a0Bayraktar ad\u0131 verilir\u201d. Bu s\u00f6zl\u0259ri T\u00fcrkiy\u0259 Prezidenti R\u0259c\u0259b Tayyib \u018frdo\u011fan T\u00fcrkiy\u0259 B\u00f6y\u00fck Mill\u0259t M\u0259clisind\u0259ki \u00e7\u0131x\u0131\u015f\u0131nda deyib. O bildirib ki, \u201cBayraktar\u201dlar Liviyadan Qaraba\u011fa q\u0259d\u0259r h\u0259r yerd\u0259 \u00f6z s\u00f6z\u00fcn\u00fc deyib. \u201c\u018flb\u0259tt\u0259, i\u015fl\u0259rimiz davam edir. \u0130ndi d\u0259 \u201cQ\u0131z\u0131l Elma\u201d v\u0259 milli d\u00f6y\u00fc\u015f t\u0259yyar\u0259l\u0259rimiz g\u0259lir\u201d, &#8211; dey\u0259 T\u00fcrkiy\u0259 lideri vur\u011fulay\u0131b. M\u0259nb\u0259: Haber Global","_links":{"self":[{"href":"https:\/\/arantv.az\/index.php?rest_route=\/wp\/v2\/posts\/556035"}],"collection":[{"href":"https:\/\/arantv.az\/index.php?rest_route=\/wp\/v2\/posts"}],"about":[{"href":"https:\/\/arantv.az\/index.php?rest_route=\/wp\/v2\/types\/post"}],"author":[{"embeddable":true,"href":"https:\/\/arantv.az\/index.php?rest_route=\/wp\/v2\/users\/2"}],"replies":[{"embeddable":true,"href":"https:\/\/arantv.az\/index.php?rest_route=%2Fwp%2Fv2%2Fcomments&post=556035"}],"version-history":[{"count":0,"href":"https:\/\/arantv.az\/index.php?rest_route=\/wp\/v2\/posts\/556035\/revisions"}],"wp:featuredmedia":[{"embeddable":true,"href":"https:\/\/arantv.az\/index.php?rest_route=\/wp\/v2\/media\/556036"}],"wp:attachment":[{"href":"https:\/\/arantv.az\/index.php?rest_route=%2Fwp%2Fv2%2Fmedia&parent=556035"}],"wp:term":[{"taxonomy":"category","embeddable":true,"href":"https:\/\/arantv.az\/index.php?rest_route=%2Fwp%2Fv2%2Fcategories&post=556035"},{"taxonomy":"post_tag","embeddable":true,"href":"https:\/\/arantv.az\/index.php?rest_route=%2Fwp%2Fv2%2Ftags&post=556035"}],"curies":[{"name":"wp","href":"https:\/\/api.w.org\/{rel}","templated":true}]}}