{"id":556078,"date":"2023-01-18T16:54:25","date_gmt":"2023-01-18T13:54:25","guid":{"rendered":"https:\/\/arantv.az\/?p=556078"},"modified":"2023-01-18T16:54:25","modified_gmt":"2023-01-18T13:54:25","slug":"az%c9%99rbaycan-v%c9%99-qirgizistan-prezidentl%c9%99ri-arasinda-m%c9%99ktub-mubadil%c9%99si-olub","status":"publish","type":"post","link":"https:\/\/arantv.az\/?p=556078","title":{"rendered":"Az\u0259rbaycan v\u0259 Q\u0131r\u011f\u0131z\u0131stan prezidentl\u0259ri aras\u0131nda m\u0259ktub m\u00fcbadil\u0259si olub"},"content":{"rendered":"<p>Q\u0131r\u011f\u0131z Respublikas\u0131n\u0131n Prezidenti Sad\u0131r Japarov Az\u0259rbaycan Respublikas\u0131n\u0131n Prezidenti\u00a0<strong>\u0130lham \u018fliyev\u0259<\/strong>\u00a0m\u0259ktub g\u00f6nd\u0259rib.<\/p>\n<p>Prezident.az x\u0259b\u0259r verir ki,\u00a0<a href=\"https:\/\/president.az\/az\/articles\/view\/58648\" target=\"_blank\" rel=\"noopener\">m\u0259ktubda<\/a>\u00a0deyilir:<\/p>\n<div class=\"AdviadNativeVideo\"><\/div>\n<p>\u201c2023-c\u00fc ilin \u0259vv\u0259li yuvarlaq tarixl\u0259 &#8211; Q\u0131r\u011f\u0131z Respublikas\u0131 v\u0259 Az\u0259rbaycan Respublikas\u0131 aras\u0131nda diplomatik m\u00fcnasib\u0259tl\u0259rin qurulmas\u0131n\u0131n 30 illiyi il\u0259 \u0259lam\u0259tdard\u0131r. Bu tarixi hadis\u0259 m\u00fcnasib\u0259til\u0259 Sizi v\u0259 qarda\u015f Az\u0259rbaycan xalq\u0131n\u0131 t\u0259brik etm\u0259y\u0259 \u00fcr\u0259kd\u0259n \u015fadam.<\/p>\n<p>F\u0259xr edir\u0259m ki, xalqlar\u0131m\u0131z aras\u0131nda \u00e7ox\u0259srlik dostluq, dil, m\u0259d\u0259niyy\u0259t, din v\u0259 tarix bax\u0131m\u0131ndan yax\u0131nl\u0131q tell\u0259rinin m\u00f6hk\u0259m b\u00fcn\u00f6vr\u0259si \u00fcz\u0259rind\u0259 qurulmu\u015f qar\u015f\u0131l\u0131ql\u0131 m\u00fcnasib\u0259tl\u0259r d\u00f6vl\u0259tl\u0259raras\u0131 v\u0259 diplomatik status k\u0259sb edib.<\/p>\n<p>Ticari-iqtisadi, n\u0259qliyyat-logistika v\u0259 m\u0259d\u0259ni-humanitar sah\u0259l\u0259rd\u0259 \u00f6t\u0259n il bizim aprel v\u0259 oktyabr aylar\u0131ndak\u0131 qar\u015f\u0131l\u0131ql\u0131 s\u0259f\u0259rl\u0259rimizin yekunlar\u0131na \u0259sas\u0259n strateji m\u00fcst\u0259viy\u0259 qalxm\u0131\u015f siyasi \u0259laq\u0259l\u0259rimizin birg\u0259 s\u0259yl\u0259rimizl\u0259 \u0259ld\u0259 edilmi\u015f s\u0259viyy\u0259sini y\u00fcks\u0259k qiym\u0259tl\u0259ndirir\u0259m.<\/p>\n<p>\u018fmin\u0259m ki, birg\u0259 s\u0259yl\u0259rimiz say\u0259sind\u0259 xalqlar\u0131m\u0131z aras\u0131nda dostluq m\u00fcnasib\u0259tl\u0259ri bundan sonra da inki\u015faf ed\u0259c\u0259k v\u0259 m\u00f6hk\u0259ml\u0259n\u0259c\u0259k, g\u0259l\u0259c\u0259kd\u0259 d\u0259 ard\u0131c\u0131l xarakter da\u015f\u0131yacaq.<\/p>\n<p>Zati-alil\u0259ri, Siz\u0259 m\u00f6hk\u0259m cansa\u011fl\u0131\u011f\u0131, ali d\u00f6vl\u0259ti f\u0259aliyy\u0259tinizd\u0259 u\u011furlar, Az\u0259rbaycan xalq\u0131na s\u00fclh v\u0259 firavanl\u0131q arzu edir\u0259m\u201d.<\/p>\n<p>Eyni zamanda, Az\u0259rbaycan Prezidenti \u0130lham \u018fliyev q\u0131r\u011f\u0131z h\u0259mkar\u0131 Sad\u0131r Japarova m\u0259ktub \u00fcnvanlay\u0131b.<\/p>\n<p><a href=\"https:\/\/president.az\/az\/articles\/view\/58649\" target=\"_blank\" rel=\"noopener\">M\u0259ktubda<\/a>\u00a0deyilir:<\/p>\n<p>\u201cAz\u0259rbaycan Respublikas\u0131 il\u0259 Q\u0131r\u011f\u0131z Respublikas\u0131 aras\u0131nda \u0259lam\u0259tdar tarix \u2013 diplomatik m\u00fcnasib\u0259tl\u0259rin qurulmas\u0131n\u0131n 30-cu ild\u00f6n\u00fcm\u00fc m\u00fcnasib\u0259til\u0259 Sizi v\u0259 qarda\u015f xalq\u0131n\u0131z\u0131 \u015f\u0259xs\u0259n \u00f6z ad\u0131mdan v\u0259 Az\u0259rbaycan xalq\u0131 ad\u0131ndan \u00fcr\u0259kd\u0259n t\u0259brik edir, \u0259n xo\u015f arzular\u0131m\u0131 \u00e7atd\u0131r\u0131ram.<\/p>\n<p>Biz d\u0259rin tarixi, m\u0259d\u0259ni v\u0259 m\u0259n\u0259vi k\u00f6kl\u0259rl\u0259 ba\u011fl\u0131 oldu\u011fumuz qarda\u015f Q\u0131r\u011f\u0131z\u0131stan il\u0259 dostluq v\u0259 \u0259m\u0259kda\u015fl\u0131q \u0259laq\u0259l\u0259rin\u0259 x\u00fcsusi \u0259h\u0259miyy\u0259t veririk. Otuz il \u0259vv\u0259l bu m\u00f6hk\u0259m t\u0259m\u0259ll\u0259r \u00fcz\u0259rind\u0259 qurulmu\u015f d\u00f6vl\u0259tl\u0259raras\u0131 m\u00fcnasib\u0259tl\u0259rimizin x\u00fcsus\u0259n son ill\u0259rd\u0259 y\u00fcks\u0259l\u0259n x\u0259tl\u0259 inki\u015faf ed\u0259r\u0259k strateji t\u0259r\u0259fda\u015fl\u0131q s\u0259viyy\u0259sin\u0259 \u00e7atmas\u0131 b\u00f6y\u00fck m\u0259mnunluq do\u011furur.<\/p>\n<p>Qar\u015f\u0131l\u0131ql\u0131 s\u0259f\u0259rl\u0259r, m\u00fcnt\u0259z\u0259m t\u0259maslar, m\u00fcxt\u0259lif sah\u0259l\u0259rd\u0259 imzalanan s\u0259n\u0259dl\u0259r \u0259m\u0259kda\u015fl\u0131\u011f\u0131m\u0131z\u0131n y\u00fcks\u0259k inki\u015faf dinamikas\u0131ndan x\u0259b\u0259r verir. X\u00fcsusil\u0259 d\u0259 ke\u00e7\u0259n il qarda\u015f \u00f6lk\u0259l\u0259rimiz\u0259 h\u0259yata ke\u00e7irdiyimiz s\u0259f\u0259rl\u0259r ikit\u0259r\u0259fli \u0259laq\u0259l\u0259rimizin keyfiyy\u0259tc\u0259 yeni pill\u0259y\u0259 qald\u0131r\u0131lmas\u0131nda vacib rol oynam\u0131\u015fd\u0131r. Sevindiricidir ki, h\u0259m Bak\u0131da, h\u0259m d\u0259 Bi\u015fkekd\u0259 Sizinl\u0259 apard\u0131\u011f\u0131m\u0131z m\u00fczakir\u0259l\u0259r, \u0259ld\u0259 etdiyimiz raz\u0131la\u015fmalar v\u0259 imzalad\u0131\u011f\u0131m\u0131z \u00e7oxsayl\u0131 m\u00fch\u00fcm s\u0259n\u0259dl\u0259r Az\u0259rbaycan-Q\u0131r\u011f\u0131z\u0131stan t\u0259r\u0259fda\u015fl\u0131\u011f\u0131n\u0131n b\u00fct\u00fcn sah\u0259l\u0259rd\u0259 inki\u015faf\u0131na v\u0259 yeni m\u0259zmunla z\u0259nginl\u0259\u015fm\u0259sin\u0259 t\u0259kan vermi\u015fdir.<\/p>\n<p>\u0130nan\u0131ram ki, haz\u0131rda \u00f6lk\u0259l\u0259rimiz aras\u0131nda qar\u015f\u0131l\u0131ql\u0131 faydal\u0131 \u0259m\u0259kda\u015fl\u0131\u011f\u0131n \u0259hat\u0259 dair\u0259sinin geni\u015fl\u0259ndirilm\u0259si \u00fc\u00e7\u00fcn formala\u015fm\u0131\u015f \u0259lveri\u015fli \u015f\u0259raitd\u0259n s\u0259m\u0259r\u0259li istifad\u0259 ed\u0259r\u0259k \u0259laq\u0259l\u0259rimizin m\u00f6hk\u0259ml\u0259m\u0259sin\u0259, h\u0259m ikit\u0259r\u0259fli, h\u0259m d\u0259 \u00e7oxt\u0259r\u0259fli \u0259sasda s\u0259m\u0259r\u0259li i\u015fbirliyimizin daha da d\u0259rinl\u0259\u015fm\u0259sin\u0259 nail olaca\u011f\u0131q.<\/p>\n<p>Sizi bir daha s\u0259mimiyy\u0259tl\u0259 t\u0259brik edir, m\u00f6hk\u0259m cansa\u011fl\u0131\u011f\u0131, xo\u015fb\u0259xtlik, i\u015fl\u0259rinizd\u0259 m\u00fcv\u0259ff\u0259qiyy\u0259tl\u0259r, qarda\u015f Q\u0131r\u011f\u0131z\u0131stan xalq\u0131na daim \u0259min-amanl\u0131q v\u0259 firavanl\u0131q arzulay\u0131ram\u201d.<\/p>\n","protected":false},"excerpt":{"rendered":"<p>Q\u0131r\u011f\u0131z Respublikas\u0131n\u0131n Prezidenti Sad\u0131r Japarov Az\u0259rbaycan Respublikas\u0131n\u0131n Prezidenti\u00a0\u0130lham \u018fliyev\u0259\u00a0m\u0259ktub g\u00f6nd\u0259rib. Prezident.az x\u0259b\u0259r verir ki,\u00a0m\u0259ktubda\u00a0deyilir: \u201c2023-c\u00fc ilin \u0259vv\u0259li yuvarlaq tarixl\u0259 &#8211; Q\u0131r\u011f\u0131z Respublikas\u0131 v\u0259 Az\u0259rbaycan Respublikas\u0131 aras\u0131nda diplomatik m\u00fcnasib\u0259tl\u0259rin qurulmas\u0131n\u0131n 30 illiyi il\u0259 \u0259lam\u0259tdard\u0131r. Bu tarixi hadis\u0259 m\u00fcnasib\u0259til\u0259 Sizi v\u0259 qarda\u015f Az\u0259rbaycan xalq\u0131n\u0131 t\u0259brik etm\u0259y\u0259 \u00fcr\u0259kd\u0259n \u015fadam. F\u0259xr edir\u0259m ki, xalqlar\u0131m\u0131z aras\u0131nda \u00e7ox\u0259srlik dostluq, dil, m\u0259d\u0259niyy\u0259t, din v\u0259 tarix bax\u0131m\u0131ndan yax\u0131nl\u0131q tell\u0259rinin m\u00f6hk\u0259m b\u00fcn\u00f6vr\u0259si \u00fcz\u0259rind\u0259 qurulmu\u015f qar\u015f\u0131l\u0131ql\u0131 m\u00fcnasib\u0259tl\u0259r d\u00f6vl\u0259tl\u0259raras\u0131 v\u0259 diplomatik status k\u0259sb edib. Ticari-iqtisadi, n\u0259qliyyat-logistika v\u0259 m\u0259d\u0259ni-humanitar sah\u0259l\u0259rd\u0259 \u00f6t\u0259n il bizim aprel v\u0259 oktyabr aylar\u0131ndak\u0131 qar\u015f\u0131l\u0131ql\u0131 s\u0259f\u0259rl\u0259rimizin yekunlar\u0131na \u0259sas\u0259n strateji&hellip;<\/p>\n","protected":false},"author":2,"featured_media":556079,"comment_status":"closed","ping_status":"closed","sticky":false,"template":"","format":"standard","meta":{"om_disable_all_campaigns":false,"_monsterinsights_skip_tracking":false,"_monsterinsights_sitenote_active":false,"_monsterinsights_sitenote_note":"","_monsterinsights_sitenote_category":0},"categories":[4],"tags":[],"aioseo_notices":[],"gutentor_comment":0,"rttpg_featured_image_url":{"full":["https:\/\/arantv.az\/wp-content\/uploads\/2023\/01\/01b539f9-dcbe-3d77-b636-29927da3caff_850.jpg",620,413,false],"landscape":["https:\/\/arantv.az\/wp-content\/uploads\/2023\/01\/01b539f9-dcbe-3d77-b636-29927da3caff_850.jpg",620,413,false],"portraits":["https:\/\/arantv.az\/wp-content\/uploads\/2023\/01\/01b539f9-dcbe-3d77-b636-29927da3caff_850.jpg",620,413,false],"thumbnail":["https:\/\/arantv.az\/wp-content\/uploads\/2023\/01\/01b539f9-dcbe-3d77-b636-29927da3caff_850-500x280.jpg",500,280,true],"medium":["https:\/\/arantv.az\/wp-content\/uploads\/2023\/01\/01b539f9-dcbe-3d77-b636-29927da3caff_850-548x365.jpg",548,365,true],"large":["https:\/\/arantv.az\/wp-content\/uploads\/2023\/01\/01b539f9-dcbe-3d77-b636-29927da3caff_850.jpg",620,413,false],"1536x1536":["https:\/\/arantv.az\/wp-content\/uploads\/2023\/01\/01b539f9-dcbe-3d77-b636-29927da3caff_850.jpg",620,413,false],"2048x2048":["https:\/\/arantv.az\/wp-content\/uploads\/2023\/01\/01b539f9-dcbe-3d77-b636-29927da3caff_850.jpg",620,413,false],"post-thumbnail":["https:\/\/arantv.az\/wp-content\/uploads\/2023\/01\/01b539f9-dcbe-3d77-b636-29927da3caff_850-240x172.jpg",240,172,true],"advps-thumb-one":["https:\/\/arantv.az\/wp-content\/uploads\/2023\/01\/01b539f9-dcbe-3d77-b636-29927da3caff_850.jpg",620,413,false]},"rttpg_author":{"display_name":"V\u00fcsal Rafiqo\u011flu","author_link":"https:\/\/arantv.az\/?author=2"},"rttpg_comment":0,"rttpg_category":"<a href=\"https:\/\/arantv.az\/?cat=4\" rel=\"category\">Siyas\u0259t<\/a>","rttpg_excerpt":"Q\u0131r\u011f\u0131z Respublikas\u0131n\u0131n Prezidenti Sad\u0131r Japarov Az\u0259rbaycan Respublikas\u0131n\u0131n Prezidenti\u00a0\u0130lham \u018fliyev\u0259\u00a0m\u0259ktub g\u00f6nd\u0259rib. Prezident.az x\u0259b\u0259r verir ki,\u00a0m\u0259ktubda\u00a0deyilir: \u201c2023-c\u00fc ilin \u0259vv\u0259li yuvarlaq tarixl\u0259 &#8211; Q\u0131r\u011f\u0131z Respublikas\u0131 v\u0259 Az\u0259rbaycan Respublikas\u0131 aras\u0131nda diplomatik m\u00fcnasib\u0259tl\u0259rin qurulmas\u0131n\u0131n 30 illiyi il\u0259 \u0259lam\u0259tdard\u0131r. Bu tarixi hadis\u0259 m\u00fcnasib\u0259til\u0259 Sizi v\u0259 qarda\u015f Az\u0259rbaycan xalq\u0131n\u0131 t\u0259brik etm\u0259y\u0259 \u00fcr\u0259kd\u0259n \u015fadam. F\u0259xr edir\u0259m ki, xalqlar\u0131m\u0131z aras\u0131nda \u00e7ox\u0259srlik dostluq, dil, m\u0259d\u0259niyy\u0259t,&hellip;","_links":{"self":[{"href":"https:\/\/arantv.az\/index.php?rest_route=\/wp\/v2\/posts\/556078"}],"collection":[{"href":"https:\/\/arantv.az\/index.php?rest_route=\/wp\/v2\/posts"}],"about":[{"href":"https:\/\/arantv.az\/index.php?rest_route=\/wp\/v2\/types\/post"}],"author":[{"embeddable":true,"href":"https:\/\/arantv.az\/index.php?rest_route=\/wp\/v2\/users\/2"}],"replies":[{"embeddable":true,"href":"https:\/\/arantv.az\/index.php?rest_route=%2Fwp%2Fv2%2Fcomments&post=556078"}],"version-history":[{"count":0,"href":"https:\/\/arantv.az\/index.php?rest_route=\/wp\/v2\/posts\/556078\/revisions"}],"wp:featuredmedia":[{"embeddable":true,"href":"https:\/\/arantv.az\/index.php?rest_route=\/wp\/v2\/media\/556079"}],"wp:attachment":[{"href":"https:\/\/arantv.az\/index.php?rest_route=%2Fwp%2Fv2%2Fmedia&parent=556078"}],"wp:term":[{"taxonomy":"category","embeddable":true,"href":"https:\/\/arantv.az\/index.php?rest_route=%2Fwp%2Fv2%2Fcategories&post=556078"},{"taxonomy":"post_tag","embeddable":true,"href":"https:\/\/arantv.az\/index.php?rest_route=%2Fwp%2Fv2%2Ftags&post=556078"}],"curies":[{"name":"wp","href":"https:\/\/api.w.org\/{rel}","templated":true}]}}