{"id":556081,"date":"2023-01-18T16:55:41","date_gmt":"2023-01-18T13:55:41","guid":{"rendered":"https:\/\/arantv.az\/?p=556081"},"modified":"2023-01-18T16:55:41","modified_gmt":"2023-01-18T13:55:41","slug":"bakida-kisi-azyasli-qizlara-qarsi-qeyri-etik-h%c9%99r%c9%99k%c9%99tl%c9%99r-edib-polis-h%c9%99r%c9%99k%c9%99t%c9%99-kecdi-yenil%c9%99nib-video","status":"publish","type":"post","link":"https:\/\/arantv.az\/?p=556081","title":{"rendered":"Bak\u0131da ki\u015fi azya\u015fl\u0131 q\u0131zlara qar\u015f\u0131 qeyri-etik h\u0259r\u0259k\u0259tl\u0259r edib: Polis h\u0259r\u0259k\u0259t\u0259 ke\u00e7di &#8211; YEN\u0130L\u018fN\u0130B + V\u0130DEO"},"content":{"rendered":"<article class=\"news\">\n<div class=\"news-inner\">\n<p>Bak\u0131n\u0131n N\u0259rimanov rayonunda azya\u015fl\u0131ya qar\u015f\u0131 qeyri-etik h\u0259r\u0259k\u0259tl\u0259r ed\u0259n \u015f\u0259xsin saxlan\u0131lmas\u0131 istiqam\u0259tind\u0259 t\u0259dbirl\u0259r g\u00f6r\u00fcl\u00fcr.<\/p>\n<p>Bunu Daxili \u0130\u015fl\u0259r Nazirliyinin m\u0259tbuat xidm\u0259tinin \u015f\u00f6b\u0259 r\u0259isi El\u015fad Hac\u0131yev bildirib.<\/p>\n<div class=\"AdviadNativeVideo\"><\/div>\n<p>Ara\u015fd\u0131rmalarla m\u0259lum olub ki, h\u0259min \u015f\u0259xs dig\u0259r azya\u015fl\u0131ya qar\u015f\u0131 da bu m\u0259zmunda h\u0259r\u0259k\u0259tl\u0259r edib.<\/p>\n<p><strong>10:40<\/strong><\/p>\n<p>Bak\u0131da ki\u015fi k\u00fc\u00e7\u0259d\u0259 m\u0259kt\u0259bli q\u0131zlardan birin\u0259 yax\u0131nla\u015f\u0131b.<\/p>\n<p>Bu bar\u0259d\u0259\u00a0Baku.ws-in \u201cqaynar x\u0259tti\u201dn\u0259 m\u0259lumat daxil olub.<\/p>\n<p>Nam\u0259lum \u015f\u0259xs m\u0259kt\u0259bd\u0259n ev\u0259 qay\u0131dan azya\u015fl\u0131ya yax\u0131nla\u015faraq onu k\u0259nardak\u0131 ma\u011fazaya aparmaq ist\u0259yib.<\/p>\n<p>M\u0259kt\u0259bli onun t\u0259klifini r\u0259dd edib. Ba\u015f ver\u0259nl\u0259r \u0259trafdak\u0131 t\u0259hl\u00fck\u0259sizlik kameras\u0131 t\u0259r\u0259find\u0259n lent\u0259 al\u0131n\u0131b.<\/p>\n<p>Onun ba\u015fqa m\u0259kt\u0259bli q\u0131zlara da yax\u0131nla\u015fd\u0131\u011f\u0131 ehtimal olunur.<\/p>\n<p>Daxili \u0130\u015fl\u0259r Nazirliyind\u0259n bildirilib ki, hadis\u0259 il\u0259 ba\u011fl\u0131 ara\u015fd\u0131rma apar\u0131l\u0131r.<\/p>\n<p>H\u0259min hadis\u0259nin g\u00f6r\u00fcnt\u00fcl\u0259ri t\u0259qdim edirik:<\/p>\n<div>\n<div><iframe loading=\"lazy\" src=\"https:\/\/baku.tv\/embed\/70030\" width=\"560\" height=\"315\" frameborder=\"0\" allowfullscreen=\"allowfullscreen\" data-mce-fragment=\"1\"><\/iframe><\/div>\n<\/div>\n<\/div>\n<\/article>\n","protected":false},"excerpt":{"rendered":"<p>Bak\u0131n\u0131n N\u0259rimanov rayonunda azya\u015fl\u0131ya qar\u015f\u0131 qeyri-etik h\u0259r\u0259k\u0259tl\u0259r ed\u0259n \u015f\u0259xsin saxlan\u0131lmas\u0131 istiqam\u0259tind\u0259 t\u0259dbirl\u0259r g\u00f6r\u00fcl\u00fcr. Bunu Daxili \u0130\u015fl\u0259r Nazirliyinin m\u0259tbuat xidm\u0259tinin \u015f\u00f6b\u0259 r\u0259isi El\u015fad Hac\u0131yev bildirib. Ara\u015fd\u0131rmalarla m\u0259lum olub ki, h\u0259min \u015f\u0259xs dig\u0259r azya\u015fl\u0131ya qar\u015f\u0131 da bu m\u0259zmunda h\u0259r\u0259k\u0259tl\u0259r edib. 10:40 Bak\u0131da ki\u015fi k\u00fc\u00e7\u0259d\u0259 m\u0259kt\u0259bli q\u0131zlardan birin\u0259 yax\u0131nla\u015f\u0131b. Bu bar\u0259d\u0259\u00a0Baku.ws-in \u201cqaynar x\u0259tti\u201dn\u0259 m\u0259lumat daxil olub. Nam\u0259lum \u015f\u0259xs m\u0259kt\u0259bd\u0259n ev\u0259 qay\u0131dan azya\u015fl\u0131ya yax\u0131nla\u015faraq onu k\u0259nardak\u0131 ma\u011fazaya aparmaq ist\u0259yib. M\u0259kt\u0259bli onun t\u0259klifini r\u0259dd edib. Ba\u015f ver\u0259nl\u0259r \u0259trafdak\u0131 t\u0259hl\u00fck\u0259sizlik kameras\u0131 t\u0259r\u0259find\u0259n lent\u0259 al\u0131n\u0131b. Onun ba\u015fqa m\u0259kt\u0259bli q\u0131zlara da yax\u0131nla\u015fd\u0131\u011f\u0131 ehtimal olunur. Daxili \u0130\u015fl\u0259r Nazirliyind\u0259n bildirilib&hellip;<\/p>\n","protected":false},"author":2,"featured_media":556082,"comment_status":"closed","ping_status":"closed","sticky":false,"template":"","format":"standard","meta":{"om_disable_all_campaigns":false,"_monsterinsights_skip_tracking":false,"_monsterinsights_sitenote_active":false,"_monsterinsights_sitenote_note":"","_monsterinsights_sitenote_category":0},"categories":[1],"tags":[],"aioseo_notices":[],"gutentor_comment":0,"rttpg_featured_image_url":{"full":["https:\/\/arantv.az\/wp-content\/uploads\/2023\/01\/FotoJet-2023-01-18T110051.574.jpg",620,413,false],"landscape":["https:\/\/arantv.az\/wp-content\/uploads\/2023\/01\/FotoJet-2023-01-18T110051.574.jpg",620,413,false],"portraits":["https:\/\/arantv.az\/wp-content\/uploads\/2023\/01\/FotoJet-2023-01-18T110051.574.jpg",620,413,false],"thumbnail":["https:\/\/arantv.az\/wp-content\/uploads\/2023\/01\/FotoJet-2023-01-18T110051.574-500x280.jpg",500,280,true],"medium":["https:\/\/arantv.az\/wp-content\/uploads\/2023\/01\/FotoJet-2023-01-18T110051.574-548x365.jpg",548,365,true],"large":["https:\/\/arantv.az\/wp-content\/uploads\/2023\/01\/FotoJet-2023-01-18T110051.574.jpg",620,413,false],"1536x1536":["https:\/\/arantv.az\/wp-content\/uploads\/2023\/01\/FotoJet-2023-01-18T110051.574.jpg",620,413,false],"2048x2048":["https:\/\/arantv.az\/wp-content\/uploads\/2023\/01\/FotoJet-2023-01-18T110051.574.jpg",620,413,false],"post-thumbnail":["https:\/\/arantv.az\/wp-content\/uploads\/2023\/01\/FotoJet-2023-01-18T110051.574-240x172.jpg",240,172,true],"advps-thumb-one":["https:\/\/arantv.az\/wp-content\/uploads\/2023\/01\/FotoJet-2023-01-18T110051.574.jpg",620,413,false]},"rttpg_author":{"display_name":"V\u00fcsal Rafiqo\u011flu","author_link":"https:\/\/arantv.az\/?author=2"},"rttpg_comment":0,"rttpg_category":"<a href=\"https:\/\/arantv.az\/?cat=1\" rel=\"category\">C\u0259miyy\u0259t<\/a>","rttpg_excerpt":"Bak\u0131n\u0131n N\u0259rimanov rayonunda azya\u015fl\u0131ya qar\u015f\u0131 qeyri-etik h\u0259r\u0259k\u0259tl\u0259r ed\u0259n \u015f\u0259xsin saxlan\u0131lmas\u0131 istiqam\u0259tind\u0259 t\u0259dbirl\u0259r g\u00f6r\u00fcl\u00fcr. Bunu Daxili \u0130\u015fl\u0259r Nazirliyinin m\u0259tbuat xidm\u0259tinin \u015f\u00f6b\u0259 r\u0259isi El\u015fad Hac\u0131yev bildirib. Ara\u015fd\u0131rmalarla m\u0259lum olub ki, h\u0259min \u015f\u0259xs dig\u0259r azya\u015fl\u0131ya qar\u015f\u0131 da bu m\u0259zmunda h\u0259r\u0259k\u0259tl\u0259r edib. 10:40 Bak\u0131da ki\u015fi k\u00fc\u00e7\u0259d\u0259 m\u0259kt\u0259bli q\u0131zlardan birin\u0259 yax\u0131nla\u015f\u0131b. Bu bar\u0259d\u0259\u00a0Baku.ws-in \u201cqaynar x\u0259tti\u201dn\u0259 m\u0259lumat daxil olub. Nam\u0259lum \u015f\u0259xs&hellip;","_links":{"self":[{"href":"https:\/\/arantv.az\/index.php?rest_route=\/wp\/v2\/posts\/556081"}],"collection":[{"href":"https:\/\/arantv.az\/index.php?rest_route=\/wp\/v2\/posts"}],"about":[{"href":"https:\/\/arantv.az\/index.php?rest_route=\/wp\/v2\/types\/post"}],"author":[{"embeddable":true,"href":"https:\/\/arantv.az\/index.php?rest_route=\/wp\/v2\/users\/2"}],"replies":[{"embeddable":true,"href":"https:\/\/arantv.az\/index.php?rest_route=%2Fwp%2Fv2%2Fcomments&post=556081"}],"version-history":[{"count":0,"href":"https:\/\/arantv.az\/index.php?rest_route=\/wp\/v2\/posts\/556081\/revisions"}],"wp:featuredmedia":[{"embeddable":true,"href":"https:\/\/arantv.az\/index.php?rest_route=\/wp\/v2\/media\/556082"}],"wp:attachment":[{"href":"https:\/\/arantv.az\/index.php?rest_route=%2Fwp%2Fv2%2Fmedia&parent=556081"}],"wp:term":[{"taxonomy":"category","embeddable":true,"href":"https:\/\/arantv.az\/index.php?rest_route=%2Fwp%2Fv2%2Fcategories&post=556081"},{"taxonomy":"post_tag","embeddable":true,"href":"https:\/\/arantv.az\/index.php?rest_route=%2Fwp%2Fv2%2Ftags&post=556081"}],"curies":[{"name":"wp","href":"https:\/\/api.w.org\/{rel}","templated":true}]}}