{"id":556100,"date":"2023-01-18T17:01:19","date_gmt":"2023-01-18T14:01:19","guid":{"rendered":"https:\/\/arantv.az\/?p=556100"},"modified":"2023-01-18T17:01:19","modified_gmt":"2023-01-18T14:01:19","slug":"sahmat-uzr%c9%99-avropa-cempionu-az%c9%99rbaycan-millisind%c9%99-isl%c9%99y%c9%99c%c9%99k","status":"publish","type":"post","link":"https:\/\/arantv.az\/?p=556100","title":{"rendered":"\u015eahmat \u00fczr\u0259 Avropa \u00e7empionu Az\u0259rbaycan millisind\u0259 i\u015fl\u0259y\u0259c\u0259k"},"content":{"rendered":"<p>Avropa \u00e7empionu, komandalar\u0131n yar\u0131\u015f\u0131nda d\u00fcnya \u00e7empionat\u0131n\u0131n qalibi, tan\u0131nm\u0131\u015f \u015fahmat\u00e7\u0131 Yevgeni Toma\u015fevski bir m\u00fcdd\u0259t \u00f6lk\u0259mizd\u0259 f\u0259aliyy\u0259t g\u00f6st\u0259r\u0259c\u0259k.<\/p>\n<p>Az\u0259rbaycan \u015eahmat Federasiyas\u0131ndan (A\u015eF)\u00a0veril\u0259n m\u0259lumata g\u00f6r\u0259, rusiyal\u0131 m\u00fct\u0259x\u0259ssis yeniyetm\u0259 v\u0259 g\u0259nc \u015fahmat\u00e7\u0131lar, o c\u00fcml\u0259d\u0259n qad\u0131nlardan ibar\u0259t Az\u0259rbaycan y\u0131\u011fmas\u0131n\u0131n haz\u0131rl\u0131\u011f\u0131 il\u0259 m\u0259\u015f\u011ful olacaq.<\/p>\n<p>Federasiya yeniyetm\u0259 v\u0259 g\u0259ncl\u0259rin, eyni zamanda qad\u0131nlardan ibar\u0259t y\u0131\u011fman\u0131n haz\u0131rl\u0131q s\u0259viyy\u0259sini art\u0131rmaq m\u0259qs\u0259di il\u0259 Toma\u015fevskinin t\u0259lim-m\u0259\u015fq toplan\u0131\u015f\u0131na c\u0259lb olunmas\u0131 bar\u0259d\u0259 q\u0259rar q\u0259bul edib.<\/p>\n<p>\u015eahmat\u00e7\u0131lar\u0131n haz\u0131rl\u0131\u011f\u0131 f\u0259rdi inki\u015faflar\u0131na uy\u011fun x\u00fcsusi proqramla ke\u00e7iril\u0259c\u0259k.<\/p>\n<p>Qeyd ed\u0259k ki, d\u00fcnyan\u0131n tan\u0131nm\u0131\u015f \u015fahmat\u00e7\u0131lar\u0131ndan olan Yevgeni Toma\u015fevski iki d\u0259f\u0259 Rusiya \u00e7empionat\u0131nda q\u0131z\u0131l medal qazan\u0131b. Bununla yana\u015f\u0131, o, Saratov klubunun hey\u0259tind\u0259 iki d\u0259f\u0259 Avropa Kubokunun qalibi olub. Haz\u0131rda \u015fahmat\u00e7\u0131 2 694 xal il\u0259 FIDE reytinqind\u0259 44-c\u00fc pill\u0259d\u0259 q\u0259rarla\u015f\u0131b.<\/p>\n","protected":false},"excerpt":{"rendered":"<p>Avropa \u00e7empionu, komandalar\u0131n yar\u0131\u015f\u0131nda d\u00fcnya \u00e7empionat\u0131n\u0131n qalibi, tan\u0131nm\u0131\u015f \u015fahmat\u00e7\u0131 Yevgeni Toma\u015fevski bir m\u00fcdd\u0259t \u00f6lk\u0259mizd\u0259 f\u0259aliyy\u0259t g\u00f6st\u0259r\u0259c\u0259k. Az\u0259rbaycan \u015eahmat Federasiyas\u0131ndan (A\u015eF)\u00a0veril\u0259n m\u0259lumata g\u00f6r\u0259, rusiyal\u0131 m\u00fct\u0259x\u0259ssis yeniyetm\u0259 v\u0259 g\u0259nc \u015fahmat\u00e7\u0131lar, o c\u00fcml\u0259d\u0259n qad\u0131nlardan ibar\u0259t Az\u0259rbaycan y\u0131\u011fmas\u0131n\u0131n haz\u0131rl\u0131\u011f\u0131 il\u0259 m\u0259\u015f\u011ful olacaq. Federasiya yeniyetm\u0259 v\u0259 g\u0259ncl\u0259rin, eyni zamanda qad\u0131nlardan ibar\u0259t y\u0131\u011fman\u0131n haz\u0131rl\u0131q s\u0259viyy\u0259sini art\u0131rmaq m\u0259qs\u0259di il\u0259 Toma\u015fevskinin t\u0259lim-m\u0259\u015fq toplan\u0131\u015f\u0131na c\u0259lb olunmas\u0131 bar\u0259d\u0259 q\u0259rar q\u0259bul edib. \u015eahmat\u00e7\u0131lar\u0131n haz\u0131rl\u0131\u011f\u0131 f\u0259rdi inki\u015faflar\u0131na uy\u011fun x\u00fcsusi proqramla ke\u00e7iril\u0259c\u0259k. Qeyd ed\u0259k ki, d\u00fcnyan\u0131n tan\u0131nm\u0131\u015f \u015fahmat\u00e7\u0131lar\u0131ndan olan Yevgeni Toma\u015fevski iki d\u0259f\u0259 Rusiya \u00e7empionat\u0131nda q\u0131z\u0131l medal qazan\u0131b. Bununla yana\u015f\u0131, o, Saratov klubunun&hellip;<\/p>\n","protected":false},"author":2,"featured_media":556101,"comment_status":"closed","ping_status":"closed","sticky":false,"template":"","format":"standard","meta":{"om_disable_all_campaigns":false,"_monsterinsights_skip_tracking":false,"_monsterinsights_sitenote_active":false,"_monsterinsights_sitenote_note":"","_monsterinsights_sitenote_category":0},"categories":[6],"tags":[],"aioseo_notices":[],"gutentor_comment":0,"rttpg_featured_image_url":{"full":["https:\/\/arantv.az\/wp-content\/uploads\/2023\/01\/8f72f5b4-ed64-36e1-b440-1921d9629357_850.jpg",620,413,false],"landscape":["https:\/\/arantv.az\/wp-content\/uploads\/2023\/01\/8f72f5b4-ed64-36e1-b440-1921d9629357_850.jpg",620,413,false],"portraits":["https:\/\/arantv.az\/wp-content\/uploads\/2023\/01\/8f72f5b4-ed64-36e1-b440-1921d9629357_850.jpg",620,413,false],"thumbnail":["https:\/\/arantv.az\/wp-content\/uploads\/2023\/01\/8f72f5b4-ed64-36e1-b440-1921d9629357_850-500x280.jpg",500,280,true],"medium":["https:\/\/arantv.az\/wp-content\/uploads\/2023\/01\/8f72f5b4-ed64-36e1-b440-1921d9629357_850-548x365.jpg",548,365,true],"large":["https:\/\/arantv.az\/wp-content\/uploads\/2023\/01\/8f72f5b4-ed64-36e1-b440-1921d9629357_850.jpg",620,413,false],"1536x1536":["https:\/\/arantv.az\/wp-content\/uploads\/2023\/01\/8f72f5b4-ed64-36e1-b440-1921d9629357_850.jpg",620,413,false],"2048x2048":["https:\/\/arantv.az\/wp-content\/uploads\/2023\/01\/8f72f5b4-ed64-36e1-b440-1921d9629357_850.jpg",620,413,false],"post-thumbnail":["https:\/\/arantv.az\/wp-content\/uploads\/2023\/01\/8f72f5b4-ed64-36e1-b440-1921d9629357_850-240x172.jpg",240,172,true],"advps-thumb-one":["https:\/\/arantv.az\/wp-content\/uploads\/2023\/01\/8f72f5b4-ed64-36e1-b440-1921d9629357_850.jpg",620,413,false]},"rttpg_author":{"display_name":"V\u00fcsal Rafiqo\u011flu","author_link":"https:\/\/arantv.az\/?author=2"},"rttpg_comment":0,"rttpg_category":"<a href=\"https:\/\/arantv.az\/?cat=6\" rel=\"category\">\u0130dman<\/a>","rttpg_excerpt":"Avropa \u00e7empionu, komandalar\u0131n yar\u0131\u015f\u0131nda d\u00fcnya \u00e7empionat\u0131n\u0131n qalibi, tan\u0131nm\u0131\u015f \u015fahmat\u00e7\u0131 Yevgeni Toma\u015fevski bir m\u00fcdd\u0259t \u00f6lk\u0259mizd\u0259 f\u0259aliyy\u0259t g\u00f6st\u0259r\u0259c\u0259k. Az\u0259rbaycan \u015eahmat Federasiyas\u0131ndan (A\u015eF)\u00a0veril\u0259n m\u0259lumata g\u00f6r\u0259, rusiyal\u0131 m\u00fct\u0259x\u0259ssis yeniyetm\u0259 v\u0259 g\u0259nc \u015fahmat\u00e7\u0131lar, o c\u00fcml\u0259d\u0259n qad\u0131nlardan ibar\u0259t Az\u0259rbaycan y\u0131\u011fmas\u0131n\u0131n haz\u0131rl\u0131\u011f\u0131 il\u0259 m\u0259\u015f\u011ful olacaq. Federasiya yeniyetm\u0259 v\u0259 g\u0259ncl\u0259rin, eyni zamanda qad\u0131nlardan ibar\u0259t y\u0131\u011fman\u0131n haz\u0131rl\u0131q s\u0259viyy\u0259sini art\u0131rmaq m\u0259qs\u0259di il\u0259 Toma\u015fevskinin t\u0259lim-m\u0259\u015fq toplan\u0131\u015f\u0131na&hellip;","_links":{"self":[{"href":"https:\/\/arantv.az\/index.php?rest_route=\/wp\/v2\/posts\/556100"}],"collection":[{"href":"https:\/\/arantv.az\/index.php?rest_route=\/wp\/v2\/posts"}],"about":[{"href":"https:\/\/arantv.az\/index.php?rest_route=\/wp\/v2\/types\/post"}],"author":[{"embeddable":true,"href":"https:\/\/arantv.az\/index.php?rest_route=\/wp\/v2\/users\/2"}],"replies":[{"embeddable":true,"href":"https:\/\/arantv.az\/index.php?rest_route=%2Fwp%2Fv2%2Fcomments&post=556100"}],"version-history":[{"count":0,"href":"https:\/\/arantv.az\/index.php?rest_route=\/wp\/v2\/posts\/556100\/revisions"}],"wp:featuredmedia":[{"embeddable":true,"href":"https:\/\/arantv.az\/index.php?rest_route=\/wp\/v2\/media\/556101"}],"wp:attachment":[{"href":"https:\/\/arantv.az\/index.php?rest_route=%2Fwp%2Fv2%2Fmedia&parent=556100"}],"wp:term":[{"taxonomy":"category","embeddable":true,"href":"https:\/\/arantv.az\/index.php?rest_route=%2Fwp%2Fv2%2Fcategories&post=556100"},{"taxonomy":"post_tag","embeddable":true,"href":"https:\/\/arantv.az\/index.php?rest_route=%2Fwp%2Fv2%2Ftags&post=556100"}],"curies":[{"name":"wp","href":"https:\/\/api.w.org\/{rel}","templated":true}]}}