{"id":556109,"date":"2023-01-18T17:04:45","date_gmt":"2023-01-18T14:04:45","guid":{"rendered":"https:\/\/arantv.az\/?p=556109"},"modified":"2023-01-18T17:04:45","modified_gmt":"2023-01-18T14:04:45","slug":"abs-m%c9%99tbuati-az%c9%99rbaycan-prezidentinin-q%c9%99rbi-az%c9%99rbaycan-icmasi-uzvl%c9%99ri-il%c9%99-gorusund%c9%99n-yazib","status":"publish","type":"post","link":"https:\/\/arantv.az\/?p=556109","title":{"rendered":"AB\u015e m\u0259tbuat\u0131 Az\u0259rbaycan Prezidentinin Q\u0259rbi Az\u0259rbaycan icmas\u0131 \u00fczvl\u0259ri il\u0259 g\u00f6r\u00fc\u015f\u00fcnd\u0259n yaz\u0131b"},"content":{"rendered":"<p>AB\u015e-nin \u0259n b\u00f6y\u00fck y\u0259hudi q\u0259zetl\u0259rind\u0259n olan \u201cThe Jewish Press\u201dd\u0259 \u201cAz\u0259rbaycan Prezidenti T\u00fcrkiy\u0259y\u0259 d\u0259hliz a\u00e7maq \u00fc\u00e7\u00fcn \u0259razi \u0259dal\u0259tini t\u0259l\u0259b edir\u201d s\u0259rl\u00f6vh\u0259li m\u0259qal\u0259 d\u0259rc olunub.<\/p>\n<p>Bu bar\u0259d\u0259\u00a0Diasporla \u0130\u015f \u00fczr\u0259 D\u00f6vl\u0259t Komit\u0259si\u00a0m\u0259lumat yay\u0131b.<\/p>\n<p>Bildirilib ki, tan\u0131nm\u0131\u015f israilli politoloq v\u0259 jurnalist, Dona Qrasiya Diplomatiya M\u0259rk\u0259zinin t\u0259sis\u00e7isi v\u0259 ba\u015f direktoru Rey\u00e7el Avraham\u0131n q\u0259l\u0259m\u0259 ald\u0131\u011f\u0131 m\u0259qal\u0259d\u0259 qeyd olunub ki, bu yax\u0131nlarda Q\u0259rbi Az\u0259rbaycan\u0131n bir qrup ziyal\u0131s\u0131 il\u0259 g\u00f6r\u00fc\u015f\u0259n Az\u0259rbaycan Prezidenti \u0130lham \u018fliyev 1918-ci ild\u0259 tarixi Az\u0259rbaycan \u015f\u0259h\u0259ri \u0130r\u0259van\u0131n Erm\u0259nistana verilm\u0259sini q\u0131nay\u0131b: \u201c\u018fg\u0259r kims\u0259 hesab edirdi ki, 1918-ci ild\u0259 \u0130r\u0259van\u0131 Erm\u0259nistana verm\u0259kl\u0259 biz hans\u0131sa daha b\u00f6y\u00fck b\u0259lalardan \u00f6z\u00fcm\u00fcz\u00fc s\u0131\u011fortalam\u0131\u015f ola bil\u0259rdik, bax, Z\u0259ng\u0259zurun Erm\u0259nistana verilm\u0259si bir daha onu g\u00f6st\u0259rir ki, bu, \u00e7ox yanl\u0131\u015f, s\u0259hv add\u0131m idi v\u0259 dediyim kimi, x\u0259yan\u0259t idi. H\u0259tta s\u0259nd\u0259n g\u00fccl\u00fc olan q\u00fcvv\u0259 qar\u015f\u0131s\u0131nda he\u00e7 vaxt geri add\u0131m atmamal\u0131san, h\u0259r zaman \u00f6z h\u00fcququnu qorumal\u0131san, x\u00fcsusil\u0259 do\u011fma torpa\u011f\u0131n\u0131 qorumal\u0131san\u201d.<\/p>\n<p>M\u0259qal\u0259d\u0259 Odri Alt\u015ftad\u0131n q\u0259l\u0259m\u0259 ald\u0131\u011f\u0131 \u201cAz\u0259rbaycan t\u00fcrkl\u0259ri\u201d kitab\u0131na istinad\u0259n qeyd olunub ki, 1897-ci ild\u0259 \u0130r\u0259vanda 77 491 az\u0259rbaycanl\u0131, 58 148 erm\u0259ni ya\u015fay\u0131b, habel\u0259 G\u00fcnAZ TV-nin r\u0259hb\u0259ri, g\u00fcney az\u0259rbaycanl\u0131 jurnalist \u018fhm\u0259d Obal\u0131ya da iqtibas edilib: \u201c\u0130r\u0259van \u0130r\u0259van xanl\u0131\u011f\u0131n\u0131n t\u0259rkibind\u0259 olub. \u0130ndiki Erm\u0259nistanda \u0259halinin \u0259ks\u0259riyy\u0259tini az\u0259rbaycanl\u0131lar t\u0259\u015fkil edib. Bu insanlar \u00f6z v\u0259t\u0259nl\u0259rin\u0259 qay\u0131tmal\u0131d\u0131rlar. O c\u00fcml\u0259d\u0259n 1893-c\u00fc ild\u0259 \u0130r\u0259van sakinl\u0259rinin \u0259ks\u0259riyy\u0259tini az\u0259rbaycanl\u0131lar t\u0259\u015fkil edib, 57 faiz az\u0259rbaycanl\u0131 olub\u201d.<\/p>\n<p>M\u00fc\u0259llif onu da diqq\u0259t\u0259 \u00e7atd\u0131r\u0131b ki, 1828-ci ild\u0259 Az\u0259rbaycan\u0131n ikiy\u0259 b\u00f6l\u00fcnm\u0259sind\u0259n sonra \u0130ran erm\u0259nil\u0259rinin Rusiyaya, Araz\u0131n \u015fimal\u0131ndak\u0131 m\u00fcs\u0259lman icmas\u0131n\u0131n is\u0259 c\u0259nuba k\u00f6\u00e7\u0259 bilm\u0259si bar\u0259d\u0259 raz\u0131l\u0131q \u0259ld\u0259 edilib. Bundan istifad\u0259 ed\u0259n Rusiya erm\u0259nil\u0259ri k\u00fctl\u0259vi \u015f\u0259kild\u0259 \u0130r\u0259vana v\u0259 Qaraba\u011fa yerl\u0259\u015fdirm\u0259kl\u0259 s\u00f6z\u00fcged\u0259n \u0259razil\u0259rd\u0259 \u0259halinin etnik t\u0259rkibini d\u0259yi\u015fm\u0259y\u0259 nail olub.<\/p>\n<p>\u0130srailli politoloq bildirib ki,1890-c\u0131 ill\u0259rin sonlar\u0131ndan az\u0259rbaycanl\u0131lar\u0131n \u00f6z torpaqlar\u0131ndan m\u0259cburi deportasiyas\u0131nda ifad\u0259 olunan etnik t\u0259mizl\u0259m\u0259 prosesi ba\u015flay\u0131b, son n\u0259tic\u0259d\u0259 \u0130r\u0259van, Z\u0259ng\u0259zur v\u0259 dig\u0259r Az\u0259rbaycan \u0259razil\u0259rind\u0259 Sovet Erm\u0259nistan\u0131 yarad\u0131l\u0131b. 1925-ci ild\u0259n sonra Qaraba\u011f v\u0259 Z\u0259ng\u0259zurda \u0259halinin milli t\u0259rkibi d\u0259yi\u015fib. M\u0259qal\u0259d\u0259 Az\u0259rbaycan Prezidentinin Q\u0259rbi Az\u0259rbaycan\u0131n, y\u0259ni indiki Erm\u0259nistan\u0131n yerli \u0259halisini t\u0259msil ed\u0259n q\u0259rbi az\u0259rbaycanl\u0131larla g\u00f6r\u00fc\u015f\u00fcnd\u0259 onlara \u00f6z tarixi v\u0259t\u0259nl\u0259rin\u0259 qay\u0131daca\u011f\u0131 mesaj\u0131n\u0131 verdiyi vur\u011fulan\u0131b.<\/p>\n","protected":false},"excerpt":{"rendered":"<p>AB\u015e-nin \u0259n b\u00f6y\u00fck y\u0259hudi q\u0259zetl\u0259rind\u0259n olan \u201cThe Jewish Press\u201dd\u0259 \u201cAz\u0259rbaycan Prezidenti T\u00fcrkiy\u0259y\u0259 d\u0259hliz a\u00e7maq \u00fc\u00e7\u00fcn \u0259razi \u0259dal\u0259tini t\u0259l\u0259b edir\u201d s\u0259rl\u00f6vh\u0259li m\u0259qal\u0259 d\u0259rc olunub. Bu bar\u0259d\u0259\u00a0Diasporla \u0130\u015f \u00fczr\u0259 D\u00f6vl\u0259t Komit\u0259si\u00a0m\u0259lumat yay\u0131b. Bildirilib ki, tan\u0131nm\u0131\u015f israilli politoloq v\u0259 jurnalist, Dona Qrasiya Diplomatiya M\u0259rk\u0259zinin t\u0259sis\u00e7isi v\u0259 ba\u015f direktoru Rey\u00e7el Avraham\u0131n q\u0259l\u0259m\u0259 ald\u0131\u011f\u0131 m\u0259qal\u0259d\u0259 qeyd olunub ki, bu yax\u0131nlarda Q\u0259rbi Az\u0259rbaycan\u0131n bir qrup ziyal\u0131s\u0131 il\u0259 g\u00f6r\u00fc\u015f\u0259n Az\u0259rbaycan Prezidenti \u0130lham \u018fliyev 1918-ci ild\u0259 tarixi Az\u0259rbaycan \u015f\u0259h\u0259ri \u0130r\u0259van\u0131n Erm\u0259nistana verilm\u0259sini q\u0131nay\u0131b: \u201c\u018fg\u0259r kims\u0259 hesab edirdi ki, 1918-ci ild\u0259 \u0130r\u0259van\u0131 Erm\u0259nistana verm\u0259kl\u0259 biz hans\u0131sa daha b\u00f6y\u00fck b\u0259lalardan&hellip;<\/p>\n","protected":false},"author":2,"featured_media":556110,"comment_status":"closed","ping_status":"closed","sticky":false,"template":"","format":"standard","meta":{"om_disable_all_campaigns":false,"_monsterinsights_skip_tracking":false,"_monsterinsights_sitenote_active":false,"_monsterinsights_sitenote_note":"","_monsterinsights_sitenote_category":0},"categories":[4],"tags":[],"aioseo_notices":[],"gutentor_comment":0,"rttpg_featured_image_url":{"full":["https:\/\/arantv.az\/wp-content\/uploads\/2023\/01\/abs.jpg",620,413,false],"landscape":["https:\/\/arantv.az\/wp-content\/uploads\/2023\/01\/abs.jpg",620,413,false],"portraits":["https:\/\/arantv.az\/wp-content\/uploads\/2023\/01\/abs.jpg",620,413,false],"thumbnail":["https:\/\/arantv.az\/wp-content\/uploads\/2023\/01\/abs-500x280.jpg",500,280,true],"medium":["https:\/\/arantv.az\/wp-content\/uploads\/2023\/01\/abs-548x365.jpg",548,365,true],"large":["https:\/\/arantv.az\/wp-content\/uploads\/2023\/01\/abs.jpg",620,413,false],"1536x1536":["https:\/\/arantv.az\/wp-content\/uploads\/2023\/01\/abs.jpg",620,413,false],"2048x2048":["https:\/\/arantv.az\/wp-content\/uploads\/2023\/01\/abs.jpg",620,413,false],"post-thumbnail":["https:\/\/arantv.az\/wp-content\/uploads\/2023\/01\/abs-240x172.jpg",240,172,true],"advps-thumb-one":["https:\/\/arantv.az\/wp-content\/uploads\/2023\/01\/abs.jpg",620,413,false]},"rttpg_author":{"display_name":"V\u00fcsal Rafiqo\u011flu","author_link":"https:\/\/arantv.az\/?author=2"},"rttpg_comment":0,"rttpg_category":"<a href=\"https:\/\/arantv.az\/?cat=4\" rel=\"category\">Siyas\u0259t<\/a>","rttpg_excerpt":"AB\u015e-nin \u0259n b\u00f6y\u00fck y\u0259hudi q\u0259zetl\u0259rind\u0259n olan \u201cThe Jewish Press\u201dd\u0259 \u201cAz\u0259rbaycan Prezidenti T\u00fcrkiy\u0259y\u0259 d\u0259hliz a\u00e7maq \u00fc\u00e7\u00fcn \u0259razi \u0259dal\u0259tini t\u0259l\u0259b edir\u201d s\u0259rl\u00f6vh\u0259li m\u0259qal\u0259 d\u0259rc olunub. Bu bar\u0259d\u0259\u00a0Diasporla \u0130\u015f \u00fczr\u0259 D\u00f6vl\u0259t Komit\u0259si\u00a0m\u0259lumat yay\u0131b. Bildirilib ki, tan\u0131nm\u0131\u015f israilli politoloq v\u0259 jurnalist, Dona Qrasiya Diplomatiya M\u0259rk\u0259zinin t\u0259sis\u00e7isi v\u0259 ba\u015f direktoru Rey\u00e7el Avraham\u0131n q\u0259l\u0259m\u0259 ald\u0131\u011f\u0131 m\u0259qal\u0259d\u0259 qeyd olunub ki, bu yax\u0131nlarda&hellip;","_links":{"self":[{"href":"https:\/\/arantv.az\/index.php?rest_route=\/wp\/v2\/posts\/556109"}],"collection":[{"href":"https:\/\/arantv.az\/index.php?rest_route=\/wp\/v2\/posts"}],"about":[{"href":"https:\/\/arantv.az\/index.php?rest_route=\/wp\/v2\/types\/post"}],"author":[{"embeddable":true,"href":"https:\/\/arantv.az\/index.php?rest_route=\/wp\/v2\/users\/2"}],"replies":[{"embeddable":true,"href":"https:\/\/arantv.az\/index.php?rest_route=%2Fwp%2Fv2%2Fcomments&post=556109"}],"version-history":[{"count":0,"href":"https:\/\/arantv.az\/index.php?rest_route=\/wp\/v2\/posts\/556109\/revisions"}],"wp:featuredmedia":[{"embeddable":true,"href":"https:\/\/arantv.az\/index.php?rest_route=\/wp\/v2\/media\/556110"}],"wp:attachment":[{"href":"https:\/\/arantv.az\/index.php?rest_route=%2Fwp%2Fv2%2Fmedia&parent=556109"}],"wp:term":[{"taxonomy":"category","embeddable":true,"href":"https:\/\/arantv.az\/index.php?rest_route=%2Fwp%2Fv2%2Fcategories&post=556109"},{"taxonomy":"post_tag","embeddable":true,"href":"https:\/\/arantv.az\/index.php?rest_route=%2Fwp%2Fv2%2Ftags&post=556109"}],"curies":[{"name":"wp","href":"https:\/\/api.w.org\/{rel}","templated":true}]}}