{"id":556112,"date":"2023-01-18T17:05:52","date_gmt":"2023-01-18T14:05:52","guid":{"rendered":"https:\/\/arantv.az\/?p=556112"},"modified":"2023-01-18T17:05:52","modified_gmt":"2023-01-18T14:05:52","slug":"rza-talibov-s%c9%99r%c9%99ncama-goturulub-aciqlama","status":"publish","type":"post","link":"https:\/\/arantv.az\/?p=556112","title":{"rendered":"Rza Tal\u0131bov s\u0259r\u0259ncama g\u00f6t\u00fcr\u00fcl\u00fcb? &#8211; A\u00c7IQLAMA"},"content":{"rendered":"<p>D\u00f6vl\u0259t Miqrasiya Xidm\u0259ti (DMX) qurumun V\u0259t\u0259nda\u015fl\u0131q m\u0259s\u0259l\u0259l\u0259ri ba\u015f idar\u0259sinin r\u0259isi, III d\u0259r\u0259c\u0259li d\u00f6vl\u0259t miqrasiya xidm\u0259ti m\u00fc\u015faviri Rza Tal\u0131bovun i\u015fd\u0259n \u00e7\u0131xar\u0131laraq, s\u0259r\u0259ncama g\u00f6t\u00fcr\u00fclm\u0259si il\u0259 ba\u011fl\u0131 il\u0259 ba\u011fl\u0131 yay\u0131lan m\u0259s\u0259l\u0259l\u0259r\u0259 m\u00fcnasib\u0259t bildirib.<\/p>\n<p>DMX-d\u0259n\u00a0Oxu.Az-\u0131n sor\u011fusuna cavab olaraq bildirilib ki, R.Tal\u0131bovun i\u015fd\u0259n \u00e7\u0131xar\u0131lmas\u0131 il\u0259 ba\u011fl\u0131 yay\u0131lan m\u0259lumatlar\u00a0yaland\u0131r:<\/p>\n<div class=\"AdviadNativeVideo\"><\/div>\n<p>\u201cOnunla ba\u011fl\u0131 yay\u0131lan x\u0259b\u0259rl\u0259r h\u0259qiq\u0259ti \u0259ks etdirmir\u201d.<\/p>\n<p>Qeyd ed\u0259k ki, sosial \u015f\u0259b\u0259k\u0259l\u0259rd\u0259 R.Tal\u0131bovun v\u0259zif\u0259sind\u0259n azad\u00a0v\u0259 s\u0259r\u0259ncama g\u00f6t\u00fcr\u00fclm\u0259si il\u0259 ba\u011fl\u0131 x\u0259b\u0259rl\u0259r yay\u0131l\u0131r. Eyni zamanda, Rza v\u0259 Seymur Tal\u0131bov qarda\u015flar\u0131n\u0131n biznes m\u0259qs\u0259di il\u0259 T\u00fcrkiy\u0259 q\u0131sa s\u0259f\u0259r etm\u0259si il\u0259 d\u0259\u00a0ba\u011fl\u0131 m\u0259lumatlar var.<\/p>\n<p>Xat\u0131rladaq ki, bir m\u00fcdd\u0259t \u0259vv\u0259l Nax\u00e7\u0131van Muxtar Respublikas\u0131n\u0131n Ali M\u0259clisinin s\u0259dri Vasif Tal\u0131bov istefa verib.<\/p>\n","protected":false},"excerpt":{"rendered":"<p>D\u00f6vl\u0259t Miqrasiya Xidm\u0259ti (DMX) qurumun V\u0259t\u0259nda\u015fl\u0131q m\u0259s\u0259l\u0259l\u0259ri ba\u015f idar\u0259sinin r\u0259isi, III d\u0259r\u0259c\u0259li d\u00f6vl\u0259t miqrasiya xidm\u0259ti m\u00fc\u015faviri Rza Tal\u0131bovun i\u015fd\u0259n \u00e7\u0131xar\u0131laraq, s\u0259r\u0259ncama g\u00f6t\u00fcr\u00fclm\u0259si il\u0259 ba\u011fl\u0131 il\u0259 ba\u011fl\u0131 yay\u0131lan m\u0259s\u0259l\u0259l\u0259r\u0259 m\u00fcnasib\u0259t bildirib. DMX-d\u0259n\u00a0Oxu.Az-\u0131n sor\u011fusuna cavab olaraq bildirilib ki, R.Tal\u0131bovun i\u015fd\u0259n \u00e7\u0131xar\u0131lmas\u0131 il\u0259 ba\u011fl\u0131 yay\u0131lan m\u0259lumatlar\u00a0yaland\u0131r: \u201cOnunla ba\u011fl\u0131 yay\u0131lan x\u0259b\u0259rl\u0259r h\u0259qiq\u0259ti \u0259ks etdirmir\u201d. Qeyd ed\u0259k ki, sosial \u015f\u0259b\u0259k\u0259l\u0259rd\u0259 R.Tal\u0131bovun v\u0259zif\u0259sind\u0259n azad\u00a0v\u0259 s\u0259r\u0259ncama g\u00f6t\u00fcr\u00fclm\u0259si il\u0259 ba\u011fl\u0131 x\u0259b\u0259rl\u0259r yay\u0131l\u0131r. Eyni zamanda, Rza v\u0259 Seymur Tal\u0131bov qarda\u015flar\u0131n\u0131n biznes m\u0259qs\u0259di il\u0259 T\u00fcrkiy\u0259 q\u0131sa s\u0259f\u0259r etm\u0259si il\u0259 d\u0259\u00a0ba\u011fl\u0131 m\u0259lumatlar var. Xat\u0131rladaq ki, bir m\u00fcdd\u0259t \u0259vv\u0259l Nax\u00e7\u0131van Muxtar Respublikas\u0131n\u0131n&hellip;<\/p>\n","protected":false},"author":2,"featured_media":556113,"comment_status":"closed","ping_status":"closed","sticky":false,"template":"","format":"standard","meta":{"om_disable_all_campaigns":false,"_monsterinsights_skip_tracking":false,"_monsterinsights_sitenote_active":false,"_monsterinsights_sitenote_note":"","_monsterinsights_sitenote_category":0},"categories":[1],"tags":[],"aioseo_notices":[],"gutentor_comment":0,"rttpg_featured_image_url":{"full":["https:\/\/arantv.az\/wp-content\/uploads\/2023\/01\/work1.00.00.1.jpg",620,413,false],"landscape":["https:\/\/arantv.az\/wp-content\/uploads\/2023\/01\/work1.00.00.1.jpg",620,413,false],"portraits":["https:\/\/arantv.az\/wp-content\/uploads\/2023\/01\/work1.00.00.1.jpg",620,413,false],"thumbnail":["https:\/\/arantv.az\/wp-content\/uploads\/2023\/01\/work1.00.00.1-500x280.jpg",500,280,true],"medium":["https:\/\/arantv.az\/wp-content\/uploads\/2023\/01\/work1.00.00.1-548x365.jpg",548,365,true],"large":["https:\/\/arantv.az\/wp-content\/uploads\/2023\/01\/work1.00.00.1.jpg",620,413,false],"1536x1536":["https:\/\/arantv.az\/wp-content\/uploads\/2023\/01\/work1.00.00.1.jpg",620,413,false],"2048x2048":["https:\/\/arantv.az\/wp-content\/uploads\/2023\/01\/work1.00.00.1.jpg",620,413,false],"post-thumbnail":["https:\/\/arantv.az\/wp-content\/uploads\/2023\/01\/work1.00.00.1-240x172.jpg",240,172,true],"advps-thumb-one":["https:\/\/arantv.az\/wp-content\/uploads\/2023\/01\/work1.00.00.1.jpg",620,413,false]},"rttpg_author":{"display_name":"V\u00fcsal Rafiqo\u011flu","author_link":"https:\/\/arantv.az\/?author=2"},"rttpg_comment":0,"rttpg_category":"<a href=\"https:\/\/arantv.az\/?cat=1\" rel=\"category\">C\u0259miyy\u0259t<\/a>","rttpg_excerpt":"D\u00f6vl\u0259t Miqrasiya Xidm\u0259ti (DMX) qurumun V\u0259t\u0259nda\u015fl\u0131q m\u0259s\u0259l\u0259l\u0259ri ba\u015f idar\u0259sinin r\u0259isi, III d\u0259r\u0259c\u0259li d\u00f6vl\u0259t miqrasiya xidm\u0259ti m\u00fc\u015faviri Rza Tal\u0131bovun i\u015fd\u0259n \u00e7\u0131xar\u0131laraq, s\u0259r\u0259ncama g\u00f6t\u00fcr\u00fclm\u0259si il\u0259 ba\u011fl\u0131 il\u0259 ba\u011fl\u0131 yay\u0131lan m\u0259s\u0259l\u0259l\u0259r\u0259 m\u00fcnasib\u0259t bildirib. DMX-d\u0259n\u00a0Oxu.Az-\u0131n sor\u011fusuna cavab olaraq bildirilib ki, R.Tal\u0131bovun i\u015fd\u0259n \u00e7\u0131xar\u0131lmas\u0131 il\u0259 ba\u011fl\u0131 yay\u0131lan m\u0259lumatlar\u00a0yaland\u0131r: \u201cOnunla ba\u011fl\u0131 yay\u0131lan x\u0259b\u0259rl\u0259r h\u0259qiq\u0259ti \u0259ks etdirmir\u201d. Qeyd ed\u0259k ki, sosial \u015f\u0259b\u0259k\u0259l\u0259rd\u0259&hellip;","_links":{"self":[{"href":"https:\/\/arantv.az\/index.php?rest_route=\/wp\/v2\/posts\/556112"}],"collection":[{"href":"https:\/\/arantv.az\/index.php?rest_route=\/wp\/v2\/posts"}],"about":[{"href":"https:\/\/arantv.az\/index.php?rest_route=\/wp\/v2\/types\/post"}],"author":[{"embeddable":true,"href":"https:\/\/arantv.az\/index.php?rest_route=\/wp\/v2\/users\/2"}],"replies":[{"embeddable":true,"href":"https:\/\/arantv.az\/index.php?rest_route=%2Fwp%2Fv2%2Fcomments&post=556112"}],"version-history":[{"count":0,"href":"https:\/\/arantv.az\/index.php?rest_route=\/wp\/v2\/posts\/556112\/revisions"}],"wp:featuredmedia":[{"embeddable":true,"href":"https:\/\/arantv.az\/index.php?rest_route=\/wp\/v2\/media\/556113"}],"wp:attachment":[{"href":"https:\/\/arantv.az\/index.php?rest_route=%2Fwp%2Fv2%2Fmedia&parent=556112"}],"wp:term":[{"taxonomy":"category","embeddable":true,"href":"https:\/\/arantv.az\/index.php?rest_route=%2Fwp%2Fv2%2Fcategories&post=556112"},{"taxonomy":"post_tag","embeddable":true,"href":"https:\/\/arantv.az\/index.php?rest_route=%2Fwp%2Fv2%2Ftags&post=556112"}],"curies":[{"name":"wp","href":"https:\/\/api.w.org\/{rel}","templated":true}]}}