{"id":556125,"date":"2023-01-18T17:10:06","date_gmt":"2023-01-18T14:10:06","guid":{"rendered":"https:\/\/arantv.az\/?p=556125"},"modified":"2023-01-18T17:10:06","modified_gmt":"2023-01-18T14:10:06","slug":"vergi-od%c9%99yicil%c9%99rin%c9%99-daha-bir-guz%c9%99st-b%c9%99zi-kateqoriyalar-uzr%c9%99-maliyy%c9%99-sanksiyasi-l%c9%99gv-edilir","status":"publish","type":"post","link":"https:\/\/arantv.az\/?p=556125","title":{"rendered":"Vergi \u00f6d\u0259yicil\u0259rin\u0259 daha bir g\u00fcz\u0259\u015ft: B\u0259zi kateqoriyalar \u00fczr\u0259 maliyy\u0259 sanksiyas\u0131 l\u0259\u011fv edilir"},"content":{"rendered":"<p>Vergi M\u0259c\u0259ll\u0259sin\u0259 vergi \u00f6d\u0259yicil\u0259rinin m\u0259nafel\u0259rin\u0259 xidm\u0259t ed\u0259n bir s\u0131ra d\u0259yi\u015fiklikl\u0259r edilib. Onlardan biri d\u0259 hesabat d\u00f6vr\u00fcnd\u0259 sahibkarl\u0131q f\u0259aliyy\u0259ti v\u0259 ya dig\u0259r vergi tutulan \u0259m\u0259liyyat\u0131 olmayan vergi \u00f6d\u0259yicil\u0259rin\u0259 vergi hesabatlar\u0131n\u0131n t\u0259qdim olunmamas\u0131na g\u00f6r\u0259 t\u0259tbiq edil\u0259n maliyy\u0259 sanksiyas\u0131n\u0131n l\u0259\u011fv olunmas\u0131 il\u0259 ba\u011fl\u0131d\u0131r.<\/p>\n<p><strong>ARANTV.AZ <\/strong>\u00a0x\u0259b\u0259r verir ki, qanunvericiliy\u0259 edilmi\u015f d\u0259yi\u015fikliy\u0259 \u0259sas\u0259n, bundan sonra maliyy\u0259 sanksiyalar\u0131 yaln\u0131z hesabat d\u00f6vr\u00fc \u00fczr\u0259 vergi tutulan v\u0259 ya vergid\u0259n azad edil\u0259n \u0259m\u0259liyyatlar aparan, habel\u0259 vergitutma obyektl\u0259ri olan, y\u0259ni vergi hesabatlar\u0131 verm\u0259k \u00f6hd\u0259liyi olan vergi \u00f6d\u0259yicisi t\u0259r\u0259find\u0259n vergi hesabat\u0131n\u0131n \u0259sas olmadan m\u00fc\u0259yy\u0259n edil\u0259n m\u00fcdd\u0259td\u0259 t\u0259qdim edilm\u0259m\u0259sin\u0259 g\u00f6r\u0259 t\u0259tbiq olunacaq.\u00a0 Hesabat d\u00f6vr\u00fcnd\u0259 sahibkarl\u0131q f\u0259aliyy\u0259ti v\u0259 ya dig\u0259r vergi tutulan \u0259m\u0259liyyat\u0131n\u0131n olmamas\u0131 bar\u0259d\u0259 aray\u0131\u015f\u0131 t\u0259qdim etm\u0259y\u0259n vergi \u00f6d\u0259yicil\u0259rin\u0259 maliyy\u0259 sanksiyalar\u0131 t\u0259tbiq edilm\u0259y\u0259c\u0259k.<\/p>\n<p>Xat\u0131rladaq ki, \u0259vv\u0259ll\u0259r bir s\u0131ra vergi \u00f6d\u0259yicil\u0259ri (x\u00fcsusil\u0259 mikro sahibkarl\u0131q subyektl\u0259ri) bir \u00e7ox hallarda sahibkarl\u0131q f\u0259aliyy\u0259ti v\u0259 ya dig\u0259r vergi tutulan \u0259m\u0259liyyat\u0131n\u0131n olmamas\u0131 bar\u0259d\u0259 aray\u0131\u015f\u0131 t\u0259qdim etmirdi (\u0259ks\u0259r hallarda qanunvericiliyin t\u0259l\u0259bl\u0259rini bilm\u0259m\u0259si s\u0259b\u0259bind\u0259n), n\u0259tic\u0259d\u0259 vergi orqan\u0131 t\u0259r\u0259find\u0259n h\u0259min \u015f\u0259xsl\u0259r\u0259 40 manat m\u0259bl\u0259\u011find\u0259 maliyy\u0259 sanksiyas\u0131 t\u0259tbiq olunurdu. Bu is\u0259 vergi \u00f6hd\u0259liyi yaranmayan vergi \u00f6d\u0259yicil\u0259rinin maliyy\u0259 itkil\u0259rin\u0259 m\u0259ruz qalmas\u0131na s\u0259b\u0259b olurdu.<\/p>\n","protected":false},"excerpt":{"rendered":"<p>Vergi M\u0259c\u0259ll\u0259sin\u0259 vergi \u00f6d\u0259yicil\u0259rinin m\u0259nafel\u0259rin\u0259 xidm\u0259t ed\u0259n bir s\u0131ra d\u0259yi\u015fiklikl\u0259r edilib. Onlardan biri d\u0259 hesabat d\u00f6vr\u00fcnd\u0259 sahibkarl\u0131q f\u0259aliyy\u0259ti v\u0259 ya dig\u0259r vergi tutulan \u0259m\u0259liyyat\u0131 olmayan vergi \u00f6d\u0259yicil\u0259rin\u0259 vergi hesabatlar\u0131n\u0131n t\u0259qdim olunmamas\u0131na g\u00f6r\u0259 t\u0259tbiq edil\u0259n maliyy\u0259 sanksiyas\u0131n\u0131n l\u0259\u011fv olunmas\u0131 il\u0259 ba\u011fl\u0131d\u0131r. ARANTV.AZ \u00a0x\u0259b\u0259r verir ki, qanunvericiliy\u0259 edilmi\u015f d\u0259yi\u015fikliy\u0259 \u0259sas\u0259n, bundan sonra maliyy\u0259 sanksiyalar\u0131 yaln\u0131z hesabat d\u00f6vr\u00fc \u00fczr\u0259 vergi tutulan v\u0259 ya vergid\u0259n azad edil\u0259n \u0259m\u0259liyyatlar aparan, habel\u0259 vergitutma obyektl\u0259ri olan, y\u0259ni vergi hesabatlar\u0131 verm\u0259k \u00f6hd\u0259liyi olan vergi \u00f6d\u0259yicisi t\u0259r\u0259find\u0259n vergi hesabat\u0131n\u0131n \u0259sas olmadan m\u00fc\u0259yy\u0259n edil\u0259n m\u00fcdd\u0259td\u0259 t\u0259qdim edilm\u0259m\u0259sin\u0259 g\u00f6r\u0259 t\u0259tbiq olunacaq.\u00a0&hellip;<\/p>\n","protected":false},"author":2,"featured_media":556126,"comment_status":"closed","ping_status":"closed","sticky":false,"template":"","format":"standard","meta":{"om_disable_all_campaigns":false,"_monsterinsights_skip_tracking":false,"_monsterinsights_sitenote_active":false,"_monsterinsights_sitenote_note":"","_monsterinsights_sitenote_category":0},"categories":[19],"tags":[],"aioseo_notices":[],"gutentor_comment":0,"rttpg_featured_image_url":{"full":["https:\/\/arantv.az\/wp-content\/uploads\/2023\/01\/FotoJet-2023-01-10T084823.499-1.jpg",620,413,false],"landscape":["https:\/\/arantv.az\/wp-content\/uploads\/2023\/01\/FotoJet-2023-01-10T084823.499-1.jpg",620,413,false],"portraits":["https:\/\/arantv.az\/wp-content\/uploads\/2023\/01\/FotoJet-2023-01-10T084823.499-1.jpg",620,413,false],"thumbnail":["https:\/\/arantv.az\/wp-content\/uploads\/2023\/01\/FotoJet-2023-01-10T084823.499-1-500x280.jpg",500,280,true],"medium":["https:\/\/arantv.az\/wp-content\/uploads\/2023\/01\/FotoJet-2023-01-10T084823.499-1-548x365.jpg",548,365,true],"large":["https:\/\/arantv.az\/wp-content\/uploads\/2023\/01\/FotoJet-2023-01-10T084823.499-1.jpg",620,413,false],"1536x1536":["https:\/\/arantv.az\/wp-content\/uploads\/2023\/01\/FotoJet-2023-01-10T084823.499-1.jpg",620,413,false],"2048x2048":["https:\/\/arantv.az\/wp-content\/uploads\/2023\/01\/FotoJet-2023-01-10T084823.499-1.jpg",620,413,false],"post-thumbnail":["https:\/\/arantv.az\/wp-content\/uploads\/2023\/01\/FotoJet-2023-01-10T084823.499-1-240x172.jpg",240,172,true],"advps-thumb-one":["https:\/\/arantv.az\/wp-content\/uploads\/2023\/01\/FotoJet-2023-01-10T084823.499-1.jpg",620,413,false]},"rttpg_author":{"display_name":"V\u00fcsal Rafiqo\u011flu","author_link":"https:\/\/arantv.az\/?author=2"},"rttpg_comment":0,"rttpg_category":"<a href=\"https:\/\/arantv.az\/?cat=19\" rel=\"category\">G\u00fcnd\u0259m<\/a>","rttpg_excerpt":"Vergi M\u0259c\u0259ll\u0259sin\u0259 vergi \u00f6d\u0259yicil\u0259rinin m\u0259nafel\u0259rin\u0259 xidm\u0259t ed\u0259n bir s\u0131ra d\u0259yi\u015fiklikl\u0259r edilib. Onlardan biri d\u0259 hesabat d\u00f6vr\u00fcnd\u0259 sahibkarl\u0131q f\u0259aliyy\u0259ti v\u0259 ya dig\u0259r vergi tutulan \u0259m\u0259liyyat\u0131 olmayan vergi \u00f6d\u0259yicil\u0259rin\u0259 vergi hesabatlar\u0131n\u0131n t\u0259qdim olunmamas\u0131na g\u00f6r\u0259 t\u0259tbiq edil\u0259n maliyy\u0259 sanksiyas\u0131n\u0131n l\u0259\u011fv olunmas\u0131 il\u0259 ba\u011fl\u0131d\u0131r. ARANTV.AZ \u00a0x\u0259b\u0259r verir ki, qanunvericiliy\u0259 edilmi\u015f d\u0259yi\u015fikliy\u0259 \u0259sas\u0259n, bundan sonra maliyy\u0259 sanksiyalar\u0131 yaln\u0131z hesabat d\u00f6vr\u00fc&hellip;","_links":{"self":[{"href":"https:\/\/arantv.az\/index.php?rest_route=\/wp\/v2\/posts\/556125"}],"collection":[{"href":"https:\/\/arantv.az\/index.php?rest_route=\/wp\/v2\/posts"}],"about":[{"href":"https:\/\/arantv.az\/index.php?rest_route=\/wp\/v2\/types\/post"}],"author":[{"embeddable":true,"href":"https:\/\/arantv.az\/index.php?rest_route=\/wp\/v2\/users\/2"}],"replies":[{"embeddable":true,"href":"https:\/\/arantv.az\/index.php?rest_route=%2Fwp%2Fv2%2Fcomments&post=556125"}],"version-history":[{"count":0,"href":"https:\/\/arantv.az\/index.php?rest_route=\/wp\/v2\/posts\/556125\/revisions"}],"wp:featuredmedia":[{"embeddable":true,"href":"https:\/\/arantv.az\/index.php?rest_route=\/wp\/v2\/media\/556126"}],"wp:attachment":[{"href":"https:\/\/arantv.az\/index.php?rest_route=%2Fwp%2Fv2%2Fmedia&parent=556125"}],"wp:term":[{"taxonomy":"category","embeddable":true,"href":"https:\/\/arantv.az\/index.php?rest_route=%2Fwp%2Fv2%2Fcategories&post=556125"},{"taxonomy":"post_tag","embeddable":true,"href":"https:\/\/arantv.az\/index.php?rest_route=%2Fwp%2Fv2%2Ftags&post=556125"}],"curies":[{"name":"wp","href":"https:\/\/api.w.org\/{rel}","templated":true}]}}