{"id":556135,"date":"2023-01-18T17:13:19","date_gmt":"2023-01-18T14:13:19","guid":{"rendered":"https:\/\/arantv.az\/?p=556135"},"modified":"2023-01-18T17:13:19","modified_gmt":"2023-01-18T14:13:19","slug":"turkiy%c9%99-milli-mudafi%c9%99-nazirliyinin-t%c9%99liml%c9%99rd%c9%99n-paylasimi-guclu-turkiy%c9%99-guclu-nato-dem%c9%99kdir-video","status":"publish","type":"post","link":"https:\/\/arantv.az\/?p=556135","title":{"rendered":"T\u00fcrkiy\u0259 Milli M\u00fcdafi\u0259 Nazirliyinin t\u0259liml\u0259rd\u0259n payla\u015f\u0131m\u0131: \u201cG\u00fccl\u00fc T\u00fcrkiy\u0259 &#8211; g\u00fccl\u00fc NATO dem\u0259kdir\u201d &#8211; V\u0130DEO"},"content":{"rendered":"<article class=\"news\">\n<div class=\"news-inner\">\n<p>T\u00fcrkiy\u0259 Milli M\u00fcdafi\u0259 Nazirliyi \u00f6lk\u0259nin Silahl\u0131 Q\u00fcvv\u0259l\u0259rinin i\u015ftirak etdiyi NATO t\u0259liml\u0259rini \u0259ks etdir\u0259n video yay\u0131mlay\u0131b.<\/p>\n<p>Video nazirliyin\u00a0\u201cTwitter\u201d hesab\u0131nda payla\u015f\u0131l\u0131b.<\/p>\n<p>\u201cNATO-nun ikinci \u0259n b\u00f6y\u00fck ordusu olan T\u00fcrkiy\u0259 Silahl\u0131 Q\u00fcvv\u0259l\u0259ri\u00a0quruda, d\u0259nizd\u0259 v\u0259 havada q\u00fcdr\u0259ti il\u0259 ittifaq\u0131n g\u00fcc\u00fcn\u0259 g\u00fcc qat\u0131r, NATO-ya t\u00f6hf\u0259 verm\u0259y\u0259 davam edir. G\u00fccl\u00fc T\u00fcrkiy\u0259 &#8211; g\u00fccl\u00fc NATO, g\u00fccl\u00fc ittifaq dem\u0259kdir\u201d, &#8211; dey\u0259 payla\u015f\u0131mda qeyd edilib.<\/p>\n<div>\n<div>\n<div class=\"twitter-tweet twitter-tweet-rendered\"><iframe id=\"twitter-widget-0\" class=\"\" title=\"Twitter Tweet\" src=\"https:\/\/platform.twitter.com\/embed\/Tweet.html?creatorScreenName=oxuaz&amp;dnt=false&amp;embedId=twitter-widget-0&amp;features=eyJ0ZndfdGltZWxpbmVfbGlzdCI6eyJidWNrZXQiOlsibGlua3RyLmVlIiwidHIuZWUiLCJ0ZXJyYS5jb20uYnIiLCJ3d3cubGlua3RyLmVlIiwid3d3LnRyLmVlIiwid3d3LnRlcnJhLmNvbS5iciJdLCJ2ZXJzaW9uIjpudWxsfSwidGZ3X2ZvbGxvd2VyX2NvdW50X3N1bnNldCI6eyJidWNrZXQiOnRydWUsInZlcnNpb24iOm51bGx9LCJ0ZndfaG9yaXpvbl90aW1lbGluZV8xMjAzNCI6eyJidWNrZXQiOiJ0cmVhdG1lbnQiLCJ2ZXJzaW9uIjpudWxsfSwidGZ3X3R3ZWV0X2VkaXRfYmFja2VuZCI6eyJidWNrZXQiOiJvbiIsInZlcnNpb24iOm51bGx9LCJ0ZndfcmVmc3JjX3Nlc3Npb24iOnsiYnVja2V0Ijoib24iLCJ2ZXJzaW9uIjpudWxsfSwidGZ3X3Nob3dfYnVzaW5lc3NfdmVyaWZpZWRfYmFkZ2UiOnsiYnVja2V0Ijoib24iLCJ2ZXJzaW9uIjpudWxsfSwidGZ3X2NoaW5fcGlsbHNfMTQ3NDEiOnsiYnVja2V0IjoiY29sb3JfaWNvbnMiLCJ2ZXJzaW9uIjpudWxsfSwidGZ3X3R3ZWV0X3Jlc3VsdF9taWdyYXRpb25fMTM5NzkiOnsiYnVja2V0IjoidHdlZXRfcmVzdWx0IiwidmVyc2lvbiI6bnVsbH0sInRmd19taXhlZF9tZWRpYV8xNTg5NyI6eyJidWNrZXQiOiJ0cmVhdG1lbnQiLCJ2ZXJzaW9uIjpudWxsfSwidGZ3X3NlbnNpdGl2ZV9tZWRpYV9pbnRlcnN0aXRpYWxfMTM5NjMiOnsiYnVja2V0IjoiaW50ZXJzdGl0aWFsIiwidmVyc2lvbiI6bnVsbH0sInRmd19leHBlcmltZW50c19jb29raWVfZXhwaXJhdGlvbiI6eyJidWNrZXQiOjEyMDk2MDAsInZlcnNpb24iOm51bGx9LCJ0ZndfZHVwbGljYXRlX3NjcmliZXNfdG9fc2V0dGluZ3MiOnsiYnVja2V0Ijoib24iLCJ2ZXJzaW9uIjpudWxsfSwidGZ3X3ZpZGVvX2hsc19keW5hbWljX21hbmlmZXN0c18xNTA4MiI6eyJidWNrZXQiOiJ0cnVlX2JpdHJhdGUiLCJ2ZXJzaW9uIjpudWxsfSwidGZ3X3Nob3dfYmx1ZV92ZXJpZmllZF9iYWRnZSI6eyJidWNrZXQiOiJvbiIsInZlcnNpb24iOm51bGx9LCJ0ZndfbGVnYWN5X3RpbWVsaW5lX3N1bnNldCI6eyJidWNrZXQiOnRydWUsInZlcnNpb24iOm51bGx9LCJ0Zndfc2hvd19nb3ZfdmVyaWZpZWRfYmFkZ2UiOnsiYnVja2V0Ijoib24iLCJ2ZXJzaW9uIjpudWxsfSwidGZ3X3Nob3dfYnVzaW5lc3NfYWZmaWxpYXRlX2JhZGdlIjp7ImJ1Y2tldCI6Im9uIiwidmVyc2lvbiI6bnVsbH0sInRmd190d2VldF9lZGl0X2Zyb250ZW5kIjp7ImJ1Y2tldCI6Im9uIiwidmVyc2lvbiI6bnVsbH19&amp;frame=false&amp;hideCard=false&amp;hideThread=false&amp;id=1615641462871392256&amp;lang=en&amp;origin=https%3A%2F%2Foxu.az%2Fworld%2F685602&amp;sessionId=9cb2e8e8404894f74e0e61b2977a64980e8824c8&amp;siteScreenName=oxuaz&amp;theme=light&amp;widgetsVersion=2b959255e8896%3A1673658205745&amp;width=550px\" frameborder=\"0\" scrolling=\"no\" allowfullscreen=\"allowfullscreen\" data-tweet-id=\"1615641462871392256\" data-mce-fragment=\"1\"><\/iframe><\/div>\n<\/div>\n<\/div>\n<\/div>\n<\/article>\n","protected":false},"excerpt":{"rendered":"<p>T\u00fcrkiy\u0259 Milli M\u00fcdafi\u0259 Nazirliyi \u00f6lk\u0259nin Silahl\u0131 Q\u00fcvv\u0259l\u0259rinin i\u015ftirak etdiyi NATO t\u0259liml\u0259rini \u0259ks etdir\u0259n video yay\u0131mlay\u0131b. Video nazirliyin\u00a0\u201cTwitter\u201d hesab\u0131nda payla\u015f\u0131l\u0131b. \u201cNATO-nun ikinci \u0259n b\u00f6y\u00fck ordusu olan T\u00fcrkiy\u0259 Silahl\u0131 Q\u00fcvv\u0259l\u0259ri\u00a0quruda, d\u0259nizd\u0259 v\u0259 havada q\u00fcdr\u0259ti il\u0259 ittifaq\u0131n g\u00fcc\u00fcn\u0259 g\u00fcc qat\u0131r, NATO-ya t\u00f6hf\u0259 verm\u0259y\u0259 davam edir. G\u00fccl\u00fc T\u00fcrkiy\u0259 &#8211; g\u00fccl\u00fc NATO, g\u00fccl\u00fc ittifaq dem\u0259kdir\u201d, &#8211; dey\u0259 payla\u015f\u0131mda qeyd edilib.<\/p>\n","protected":false},"author":2,"featured_media":556136,"comment_status":"closed","ping_status":"closed","sticky":false,"template":"","format":"standard","meta":{"om_disable_all_campaigns":false,"_monsterinsights_skip_tracking":false,"_monsterinsights_sitenote_active":false,"_monsterinsights_sitenote_note":"","_monsterinsights_sitenote_category":0},"categories":[7],"tags":[],"aioseo_notices":[],"gutentor_comment":0,"rttpg_featured_image_url":{"full":["https:\/\/arantv.az\/wp-content\/uploads\/2023\/01\/FotoJet-2023-01-18T145621.199.jpg",620,413,false],"landscape":["https:\/\/arantv.az\/wp-content\/uploads\/2023\/01\/FotoJet-2023-01-18T145621.199.jpg",620,413,false],"portraits":["https:\/\/arantv.az\/wp-content\/uploads\/2023\/01\/FotoJet-2023-01-18T145621.199.jpg",620,413,false],"thumbnail":["https:\/\/arantv.az\/wp-content\/uploads\/2023\/01\/FotoJet-2023-01-18T145621.199-500x280.jpg",500,280,true],"medium":["https:\/\/arantv.az\/wp-content\/uploads\/2023\/01\/FotoJet-2023-01-18T145621.199-548x365.jpg",548,365,true],"large":["https:\/\/arantv.az\/wp-content\/uploads\/2023\/01\/FotoJet-2023-01-18T145621.199.jpg",620,413,false],"1536x1536":["https:\/\/arantv.az\/wp-content\/uploads\/2023\/01\/FotoJet-2023-01-18T145621.199.jpg",620,413,false],"2048x2048":["https:\/\/arantv.az\/wp-content\/uploads\/2023\/01\/FotoJet-2023-01-18T145621.199.jpg",620,413,false],"post-thumbnail":["https:\/\/arantv.az\/wp-content\/uploads\/2023\/01\/FotoJet-2023-01-18T145621.199-240x172.jpg",240,172,true],"advps-thumb-one":["https:\/\/arantv.az\/wp-content\/uploads\/2023\/01\/FotoJet-2023-01-18T145621.199.jpg",620,413,false]},"rttpg_author":{"display_name":"V\u00fcsal Rafiqo\u011flu","author_link":"https:\/\/arantv.az\/?author=2"},"rttpg_comment":0,"rttpg_category":"<a href=\"https:\/\/arantv.az\/?cat=7\" rel=\"category\">D\u00fcnya<\/a>","rttpg_excerpt":"T\u00fcrkiy\u0259 Milli M\u00fcdafi\u0259 Nazirliyi \u00f6lk\u0259nin Silahl\u0131 Q\u00fcvv\u0259l\u0259rinin i\u015ftirak etdiyi NATO t\u0259liml\u0259rini \u0259ks etdir\u0259n video yay\u0131mlay\u0131b. Video nazirliyin\u00a0\u201cTwitter\u201d hesab\u0131nda payla\u015f\u0131l\u0131b. \u201cNATO-nun ikinci \u0259n b\u00f6y\u00fck ordusu olan T\u00fcrkiy\u0259 Silahl\u0131 Q\u00fcvv\u0259l\u0259ri\u00a0quruda, d\u0259nizd\u0259 v\u0259 havada q\u00fcdr\u0259ti il\u0259 ittifaq\u0131n g\u00fcc\u00fcn\u0259 g\u00fcc qat\u0131r, NATO-ya t\u00f6hf\u0259 verm\u0259y\u0259 davam edir. G\u00fccl\u00fc T\u00fcrkiy\u0259 &#8211; g\u00fccl\u00fc NATO, g\u00fccl\u00fc ittifaq dem\u0259kdir\u201d, &#8211; dey\u0259 payla\u015f\u0131mda qeyd edilib.","_links":{"self":[{"href":"https:\/\/arantv.az\/index.php?rest_route=\/wp\/v2\/posts\/556135"}],"collection":[{"href":"https:\/\/arantv.az\/index.php?rest_route=\/wp\/v2\/posts"}],"about":[{"href":"https:\/\/arantv.az\/index.php?rest_route=\/wp\/v2\/types\/post"}],"author":[{"embeddable":true,"href":"https:\/\/arantv.az\/index.php?rest_route=\/wp\/v2\/users\/2"}],"replies":[{"embeddable":true,"href":"https:\/\/arantv.az\/index.php?rest_route=%2Fwp%2Fv2%2Fcomments&post=556135"}],"version-history":[{"count":0,"href":"https:\/\/arantv.az\/index.php?rest_route=\/wp\/v2\/posts\/556135\/revisions"}],"wp:featuredmedia":[{"embeddable":true,"href":"https:\/\/arantv.az\/index.php?rest_route=\/wp\/v2\/media\/556136"}],"wp:attachment":[{"href":"https:\/\/arantv.az\/index.php?rest_route=%2Fwp%2Fv2%2Fmedia&parent=556135"}],"wp:term":[{"taxonomy":"category","embeddable":true,"href":"https:\/\/arantv.az\/index.php?rest_route=%2Fwp%2Fv2%2Fcategories&post=556135"},{"taxonomy":"post_tag","embeddable":true,"href":"https:\/\/arantv.az\/index.php?rest_route=%2Fwp%2Fv2%2Ftags&post=556135"}],"curies":[{"name":"wp","href":"https:\/\/api.w.org\/{rel}","templated":true}]}}