{"id":557296,"date":"2023-01-21T16:36:28","date_gmt":"2023-01-21T13:36:28","guid":{"rendered":"https:\/\/arantv.az\/?p=557296"},"modified":"2023-01-21T16:36:28","modified_gmt":"2023-01-21T13:36:28","slug":"b%c9%99l%c9%99diyy%c9%99l%c9%99rin-sayinin-azaldilmasi-n%c9%99yi-d%c9%99yis%c9%99c%c9%99k-foto","status":"publish","type":"post","link":"https:\/\/arantv.az\/?p=557296","title":{"rendered":"B\u0259l\u0259diyy\u0259l\u0259rin say\u0131n\u0131n azald\u0131lmas\u0131 n\u0259yi d\u0259yi\u015f\u0259c\u0259k? &#8211; FOTO"},"content":{"rendered":"<p>\u201cB\u0259l\u0259diyy\u0259l\u0259rin birl\u0259\u015fdirilm\u0259si yegan\u0259 \u00e7\u0131x\u0131\u015f yolu deyil. \u0130ndiki situasiyada b\u0259l\u0259diyy\u0259l\u0259rin say\u0131n\u0131n azald\u0131lmas\u0131 il\u0259 yana\u015f\u0131, b\u00f6y\u00fck \u015f\u0259h\u0259r b\u0259l\u0259diyy\u0259l\u0259ri d\u0259 formala\u015fmal\u0131d\u0131r\u201d.<\/p>\n<div class=\"AdviadNativeVideo\"><\/div>\n<p>&nbsp;<\/p>\n<div class=\"gallery\">\n<div class=\"gallery-i\"><img src=\"https:\/\/cdn.oxu.az\/uploads\/W1siZiIsIjIwMjMvMDEvMjEvMTUvMzgvMjMvNzIxYTgxZmItYmRlOC00MTM0LWJjZjktODNhZDhiZTA4YmFjLzE2NzQyOTM5MzNfNjQ2ZTIwMzM3MzNlOWY4MjFjMWU0ZTQxZDI3MDAyZDZ1bnRpdGxlZC0xLWpwZy5qcGciXSxbInAiLCJlbmNvZGUiLCJqcGciLCItcXVhbGl0eSA4MCJdLFsicCIsInRodW1iIiwiNTkweDU5MFx1MDAzZSJdXQ?sha=acf8613921509423\" alt=\"\" \/><\/p>\n<div class=\"gallery-i-caption\"><\/div>\n<\/div>\n<\/div>\n<p>Bunu \u201cQaynarinfo\u201dya a\u00e7\u0131qlamas\u0131nda b\u0259l\u0259diyy\u0259 m\u0259s\u0259l\u0259l\u0259ri \u00fczr\u0259 ekspert \u0130lqar H\u00fcseynli Milli M\u0259clisin deputat\u0131 Siyavu\u015f Novruzovun b\u0259l\u0259diyy\u0259l\u0259rin yenid\u0259n formala\u015fmas\u0131n\u0131 \u00f6n\u0259 \u00e7\u0259k\u0259r\u0259k, onlar\u0131n say\u0131n\u0131n azald\u0131lmas\u0131na ehtiyac yarand\u0131\u011f\u0131 fikrin\u0259 m\u00fcnasib\u0259t bildir\u0259rk\u0259n deyib. Ekspert bildirib ki, b\u0259l\u0259diyy\u0259l\u0259rd\u0259 xidm\u0259tin say\u0131 da \u00e7oxald\u0131lmal\u0131d\u0131r:<\/p>\n<p>\u201cAz\u0259rbaycan Avropa Xartiyas\u0131n\u0131n bu istiqam\u0259td\u0259 t\u0259l\u0259bini 20 il\u0259 yax\u0131nd\u0131r ki, icra etmir. B\u0259l\u0259diyy\u0259l\u0259rin birl\u0259\u015fdirilm\u0259sini t\u0259l\u0259b etm\u0259kl\u0259 yana\u015f\u0131, b\u00f6y\u00fck \u015f\u0259h\u0259r b\u0259l\u0259diyy\u0259sinin, mer institutunun yarad\u0131lmas\u0131 m\u0259s\u0259l\u0259si d\u0259 g\u00fcnd\u0259m\u0259 g\u0259tirilm\u0259lidir. Ki\u00e7ik b\u0259l\u0259diyy\u0259l\u0259r \u00f6z t\u0259s\u0259rr\u00fcfat imkanlar\u0131n\u0131 qura bilm\u0259diyind\u0259n onlar\u0131n birl\u0259\u015fdirilm\u0259si vacibdir. Amma bu hal \u00f6z\u00fcn\u00fc o zaman do\u011fruldacaq ki, d\u00f6vl\u0259t b\u00fcdc\u0259sind\u0259n b\u0259l\u0259diyy\u0259l\u0259r\u0259 h\u0259m d\u0259 v\u0259sait ayr\u0131ls\u0131n. B\u0259l\u0259diyy\u0259nin y\u0131\u011f\u0131m imkan\u0131 torpaq v\u0259 \u0259mlak vergisind\u0259n formala\u015f\u0131r. Ona g\u00f6r\u0259 b\u0259l\u0259diyy\u0259l\u0259rd\u0259 xidm\u0259tin say\u0131 da \u00e7oxald\u0131lmal\u0131d\u0131r. Nikah v\u0259 notariat xidm\u0259tl\u0259ri d\u0259 b\u0259l\u0259diyy\u0259l\u0259r\u0259 verilm\u0259lidir. Bu halda \u00f6z\u00fcn\u00fcidar\u0259 orqanlar\u0131n\u0131 inki\u015faf etdir\u0259 bil\u0259rik. Ona g\u00f6r\u0259 d\u0259 b\u0259l\u0259diyy\u0259l\u0259rin say\u0131n\u0131n azald\u0131lmas\u0131 il\u0259 onun s\u0259lahiyy\u0259tl\u0259rinin art\u0131r\u0131lmas\u0131, t\u0259s\u0259rr\u00fcfat imkanlar\u0131n\u0131n geni\u015fl\u0259ndirilm\u0259si prosesi paralel apar\u0131lmal\u0131d\u0131r\u201d.<\/p>\n","protected":false},"excerpt":{"rendered":"<p>\u201cB\u0259l\u0259diyy\u0259l\u0259rin birl\u0259\u015fdirilm\u0259si yegan\u0259 \u00e7\u0131x\u0131\u015f yolu deyil. \u0130ndiki situasiyada b\u0259l\u0259diyy\u0259l\u0259rin say\u0131n\u0131n azald\u0131lmas\u0131 il\u0259 yana\u015f\u0131, b\u00f6y\u00fck \u015f\u0259h\u0259r b\u0259l\u0259diyy\u0259l\u0259ri d\u0259 formala\u015fmal\u0131d\u0131r\u201d. &nbsp; Bunu \u201cQaynarinfo\u201dya a\u00e7\u0131qlamas\u0131nda b\u0259l\u0259diyy\u0259 m\u0259s\u0259l\u0259l\u0259ri \u00fczr\u0259 ekspert \u0130lqar H\u00fcseynli Milli M\u0259clisin deputat\u0131 Siyavu\u015f Novruzovun b\u0259l\u0259diyy\u0259l\u0259rin yenid\u0259n formala\u015fmas\u0131n\u0131 \u00f6n\u0259 \u00e7\u0259k\u0259r\u0259k, onlar\u0131n say\u0131n\u0131n azald\u0131lmas\u0131na ehtiyac yarand\u0131\u011f\u0131 fikrin\u0259 m\u00fcnasib\u0259t bildir\u0259rk\u0259n deyib. Ekspert bildirib ki, b\u0259l\u0259diyy\u0259l\u0259rd\u0259 xidm\u0259tin say\u0131 da \u00e7oxald\u0131lmal\u0131d\u0131r: \u201cAz\u0259rbaycan Avropa Xartiyas\u0131n\u0131n bu istiqam\u0259td\u0259 t\u0259l\u0259bini 20 il\u0259 yax\u0131nd\u0131r ki, icra etmir. B\u0259l\u0259diyy\u0259l\u0259rin birl\u0259\u015fdirilm\u0259sini t\u0259l\u0259b etm\u0259kl\u0259 yana\u015f\u0131, b\u00f6y\u00fck \u015f\u0259h\u0259r b\u0259l\u0259diyy\u0259sinin, mer institutunun yarad\u0131lmas\u0131 m\u0259s\u0259l\u0259si d\u0259 g\u00fcnd\u0259m\u0259 g\u0259tirilm\u0259lidir. Ki\u00e7ik b\u0259l\u0259diyy\u0259l\u0259r \u00f6z t\u0259s\u0259rr\u00fcfat imkanlar\u0131n\u0131 qura bilm\u0259diyind\u0259n onlar\u0131n&hellip;<\/p>\n","protected":false},"author":2,"featured_media":557297,"comment_status":"closed","ping_status":"closed","sticky":false,"template":"","format":"standard","meta":{"om_disable_all_campaigns":false,"_monsterinsights_skip_tracking":false,"_monsterinsights_sitenote_active":false,"_monsterinsights_sitenote_note":"","_monsterinsights_sitenote_category":0},"categories":[1],"tags":[],"aioseo_notices":[],"gutentor_comment":0,"rttpg_featured_image_url":{"full":["https:\/\/arantv.az\/wp-content\/uploads\/2023\/01\/FotoJet-2023-01-21T153751.203.jpg",620,413,false],"landscape":["https:\/\/arantv.az\/wp-content\/uploads\/2023\/01\/FotoJet-2023-01-21T153751.203.jpg",620,413,false],"portraits":["https:\/\/arantv.az\/wp-content\/uploads\/2023\/01\/FotoJet-2023-01-21T153751.203.jpg",620,413,false],"thumbnail":["https:\/\/arantv.az\/wp-content\/uploads\/2023\/01\/FotoJet-2023-01-21T153751.203-500x280.jpg",500,280,true],"medium":["https:\/\/arantv.az\/wp-content\/uploads\/2023\/01\/FotoJet-2023-01-21T153751.203-548x365.jpg",548,365,true],"large":["https:\/\/arantv.az\/wp-content\/uploads\/2023\/01\/FotoJet-2023-01-21T153751.203.jpg",620,413,false],"1536x1536":["https:\/\/arantv.az\/wp-content\/uploads\/2023\/01\/FotoJet-2023-01-21T153751.203.jpg",620,413,false],"2048x2048":["https:\/\/arantv.az\/wp-content\/uploads\/2023\/01\/FotoJet-2023-01-21T153751.203.jpg",620,413,false],"post-thumbnail":["https:\/\/arantv.az\/wp-content\/uploads\/2023\/01\/FotoJet-2023-01-21T153751.203-240x172.jpg",240,172,true],"advps-thumb-one":["https:\/\/arantv.az\/wp-content\/uploads\/2023\/01\/FotoJet-2023-01-21T153751.203.jpg",620,413,false]},"rttpg_author":{"display_name":"V\u00fcsal Rafiqo\u011flu","author_link":"https:\/\/arantv.az\/?author=2"},"rttpg_comment":0,"rttpg_category":"<a href=\"https:\/\/arantv.az\/?cat=1\" rel=\"category\">C\u0259miyy\u0259t<\/a>","rttpg_excerpt":"\u201cB\u0259l\u0259diyy\u0259l\u0259rin birl\u0259\u015fdirilm\u0259si yegan\u0259 \u00e7\u0131x\u0131\u015f yolu deyil. \u0130ndiki situasiyada b\u0259l\u0259diyy\u0259l\u0259rin say\u0131n\u0131n azald\u0131lmas\u0131 il\u0259 yana\u015f\u0131, b\u00f6y\u00fck \u015f\u0259h\u0259r b\u0259l\u0259diyy\u0259l\u0259ri d\u0259 formala\u015fmal\u0131d\u0131r\u201d. &nbsp; Bunu \u201cQaynarinfo\u201dya a\u00e7\u0131qlamas\u0131nda b\u0259l\u0259diyy\u0259 m\u0259s\u0259l\u0259l\u0259ri \u00fczr\u0259 ekspert \u0130lqar H\u00fcseynli Milli M\u0259clisin deputat\u0131 Siyavu\u015f Novruzovun b\u0259l\u0259diyy\u0259l\u0259rin yenid\u0259n formala\u015fmas\u0131n\u0131 \u00f6n\u0259 \u00e7\u0259k\u0259r\u0259k, onlar\u0131n say\u0131n\u0131n azald\u0131lmas\u0131na ehtiyac yarand\u0131\u011f\u0131 fikrin\u0259 m\u00fcnasib\u0259t bildir\u0259rk\u0259n deyib. Ekspert bildirib ki, b\u0259l\u0259diyy\u0259l\u0259rd\u0259 xidm\u0259tin say\u0131 da \u00e7oxald\u0131lmal\u0131d\u0131r:&hellip;","_links":{"self":[{"href":"https:\/\/arantv.az\/index.php?rest_route=\/wp\/v2\/posts\/557296"}],"collection":[{"href":"https:\/\/arantv.az\/index.php?rest_route=\/wp\/v2\/posts"}],"about":[{"href":"https:\/\/arantv.az\/index.php?rest_route=\/wp\/v2\/types\/post"}],"author":[{"embeddable":true,"href":"https:\/\/arantv.az\/index.php?rest_route=\/wp\/v2\/users\/2"}],"replies":[{"embeddable":true,"href":"https:\/\/arantv.az\/index.php?rest_route=%2Fwp%2Fv2%2Fcomments&post=557296"}],"version-history":[{"count":0,"href":"https:\/\/arantv.az\/index.php?rest_route=\/wp\/v2\/posts\/557296\/revisions"}],"wp:featuredmedia":[{"embeddable":true,"href":"https:\/\/arantv.az\/index.php?rest_route=\/wp\/v2\/media\/557297"}],"wp:attachment":[{"href":"https:\/\/arantv.az\/index.php?rest_route=%2Fwp%2Fv2%2Fmedia&parent=557296"}],"wp:term":[{"taxonomy":"category","embeddable":true,"href":"https:\/\/arantv.az\/index.php?rest_route=%2Fwp%2Fv2%2Fcategories&post=557296"},{"taxonomy":"post_tag","embeddable":true,"href":"https:\/\/arantv.az\/index.php?rest_route=%2Fwp%2Fv2%2Ftags&post=557296"}],"curies":[{"name":"wp","href":"https:\/\/api.w.org\/{rel}","templated":true}]}}