{"id":557299,"date":"2023-01-21T16:37:29","date_gmt":"2023-01-21T13:37:29","guid":{"rendered":"https:\/\/arantv.az\/?p=557299"},"modified":"2023-01-21T16:37:29","modified_gmt":"2023-01-21T13:37:29","slug":"hulusi-akar-bu-gun%c9%99-kimi-taxil-d%c9%99hlizi-il%c9%99-18-milyon-ton-m%c9%99hsul-artiq-alicilara-catdirilib","status":"publish","type":"post","link":"https:\/\/arantv.az\/?p=557299","title":{"rendered":"Hulusi Akar: \u201cBu g\u00fcn\u0259 kimi \u201cTax\u0131l d\u0259hlizi\u201d il\u0259 18 milyon ton m\u0259hsul art\u0131q al\u0131c\u0131lara \u00e7atd\u0131r\u0131l\u0131b\u201d"},"content":{"rendered":"<p>\u201cD\u00f6vl\u0259t ba\u015f\u00e7\u0131lar\u0131 s\u0259viyy\u0259sind\u0259 t\u0259maslar n\u0259tic\u0259sind\u0259 Ukrayna limanlar\u0131ndan k\u0259nd t\u0259s\u0259rr\u00fcfat\u0131 m\u0259hsullar\u0131n\u0131n ixrac\u0131n\u0131 blokdan \u00e7\u0131xara bildik\u201d.<\/p>\n<div class=\"AdviadNativeVideo\"><\/div>\n<p>Bu s\u00f6zl\u0259ri Almaniyan\u0131n \u201cRam\u015fteyn\u201d aviabazas\u0131nda \u201cUkraynan\u0131n m\u00fcdafi\u0259si \u00fczr\u0259 t\u0259mas qrupu\u201dnun (23 \u00f6lk\u0259nin nazirl\u0259rinin i\u015ftirak\u0131 il\u0259) iclas\u0131n\u0131n yekunu \u00fczr\u0259 jurnalistl\u0259rl\u0259 s\u00f6hb\u0259tind\u0259 T\u00fcrkiy\u0259nin milli m\u00fcdafi\u0259 naziri Hulusi Akar deyib.<\/p>\n<p>Hulusi Akar xat\u0131rlad\u0131b ki, Rusiya il\u0259 Ukrayna aras\u0131nda m\u00fcharib\u0259nin ilk g\u00fcnl\u0259rind\u0259n T\u00fcrkiy\u0259 Montr\u00f6 Konvensiyas\u0131n\u0131n madd\u0259l\u0259rini t\u0259tbiq edib.<\/p>\n<p>\u201cM\u0259hz T\u00fcrkiy\u0259nin siyas\u0259ti say\u0259sind\u0259 bu g\u00fcn b\u00f6lg\u0259d\u0259 nisbi sabitlik qorunur. D\u00f6vl\u0259t ba\u015f\u00e7\u0131lar\u0131 s\u0259viyy\u0259sind\u0259 t\u0259maslar n\u0259tic\u0259sind\u0259 biz \u0259sirl\u0259rin m\u00fcbadil\u0259sin\u0259 nail olduq, el\u0259c\u0259 d\u0259 Ukrayna limanlar\u0131ndan k\u0259nd t\u0259s\u0259rr\u00fcfat\u0131 m\u0259hsullar\u0131n\u0131n ixrac\u0131n\u0131 da blokdan \u00e7\u0131xara bildik. Bu g\u00fcn\u0259 kimi \u201cTax\u0131l d\u0259hlizi\u201d il\u0259 18 milyon ton m\u0259hsul art\u0131q al\u0131c\u0131lara \u00e7atd\u0131r\u0131l\u0131b. Rusiya v\u0259 Ukrayna liderl\u0259ri il\u0259 dan\u0131\u015f\u0131qlar aparan Prezident R\u0259c\u0259b Tayyib \u018frdo\u011fan\u0131n s\u0259yl\u0259ri probleml\u0259rin h\u0259lli yolunu asanla\u015fd\u0131r\u0131r\u201d, &#8211; dey\u0259 Akar qeyd edib.<\/p>\n<p>M\u0259nb\u0259: Anadolu<\/p>\n","protected":false},"excerpt":{"rendered":"<p>\u201cD\u00f6vl\u0259t ba\u015f\u00e7\u0131lar\u0131 s\u0259viyy\u0259sind\u0259 t\u0259maslar n\u0259tic\u0259sind\u0259 Ukrayna limanlar\u0131ndan k\u0259nd t\u0259s\u0259rr\u00fcfat\u0131 m\u0259hsullar\u0131n\u0131n ixrac\u0131n\u0131 blokdan \u00e7\u0131xara bildik\u201d. Bu s\u00f6zl\u0259ri Almaniyan\u0131n \u201cRam\u015fteyn\u201d aviabazas\u0131nda \u201cUkraynan\u0131n m\u00fcdafi\u0259si \u00fczr\u0259 t\u0259mas qrupu\u201dnun (23 \u00f6lk\u0259nin nazirl\u0259rinin i\u015ftirak\u0131 il\u0259) iclas\u0131n\u0131n yekunu \u00fczr\u0259 jurnalistl\u0259rl\u0259 s\u00f6hb\u0259tind\u0259 T\u00fcrkiy\u0259nin milli m\u00fcdafi\u0259 naziri Hulusi Akar deyib. Hulusi Akar xat\u0131rlad\u0131b ki, Rusiya il\u0259 Ukrayna aras\u0131nda m\u00fcharib\u0259nin ilk g\u00fcnl\u0259rind\u0259n T\u00fcrkiy\u0259 Montr\u00f6 Konvensiyas\u0131n\u0131n madd\u0259l\u0259rini t\u0259tbiq edib. \u201cM\u0259hz T\u00fcrkiy\u0259nin siyas\u0259ti say\u0259sind\u0259 bu g\u00fcn b\u00f6lg\u0259d\u0259 nisbi sabitlik qorunur. D\u00f6vl\u0259t ba\u015f\u00e7\u0131lar\u0131 s\u0259viyy\u0259sind\u0259 t\u0259maslar n\u0259tic\u0259sind\u0259 biz \u0259sirl\u0259rin m\u00fcbadil\u0259sin\u0259 nail olduq, el\u0259c\u0259 d\u0259 Ukrayna limanlar\u0131ndan k\u0259nd t\u0259s\u0259rr\u00fcfat\u0131 m\u0259hsullar\u0131n\u0131n ixrac\u0131n\u0131 da blokdan \u00e7\u0131xara bildik.&hellip;<\/p>\n","protected":false},"author":2,"featured_media":557300,"comment_status":"closed","ping_status":"closed","sticky":false,"template":"","format":"standard","meta":{"om_disable_all_campaigns":false,"_monsterinsights_skip_tracking":false,"_monsterinsights_sitenote_active":false,"_monsterinsights_sitenote_note":"","_monsterinsights_sitenote_category":0},"categories":[7],"tags":[],"aioseo_notices":[],"gutentor_comment":0,"rttpg_featured_image_url":{"full":["https:\/\/arantv.az\/wp-content\/uploads\/2023\/01\/FotoJet-2023-01-21T165234.618.jpg",620,413,false],"landscape":["https:\/\/arantv.az\/wp-content\/uploads\/2023\/01\/FotoJet-2023-01-21T165234.618.jpg",620,413,false],"portraits":["https:\/\/arantv.az\/wp-content\/uploads\/2023\/01\/FotoJet-2023-01-21T165234.618.jpg",620,413,false],"thumbnail":["https:\/\/arantv.az\/wp-content\/uploads\/2023\/01\/FotoJet-2023-01-21T165234.618-500x280.jpg",500,280,true],"medium":["https:\/\/arantv.az\/wp-content\/uploads\/2023\/01\/FotoJet-2023-01-21T165234.618-548x365.jpg",548,365,true],"large":["https:\/\/arantv.az\/wp-content\/uploads\/2023\/01\/FotoJet-2023-01-21T165234.618.jpg",620,413,false],"1536x1536":["https:\/\/arantv.az\/wp-content\/uploads\/2023\/01\/FotoJet-2023-01-21T165234.618.jpg",620,413,false],"2048x2048":["https:\/\/arantv.az\/wp-content\/uploads\/2023\/01\/FotoJet-2023-01-21T165234.618.jpg",620,413,false],"post-thumbnail":["https:\/\/arantv.az\/wp-content\/uploads\/2023\/01\/FotoJet-2023-01-21T165234.618-240x172.jpg",240,172,true],"advps-thumb-one":["https:\/\/arantv.az\/wp-content\/uploads\/2023\/01\/FotoJet-2023-01-21T165234.618.jpg",620,413,false]},"rttpg_author":{"display_name":"V\u00fcsal Rafiqo\u011flu","author_link":"https:\/\/arantv.az\/?author=2"},"rttpg_comment":0,"rttpg_category":"<a href=\"https:\/\/arantv.az\/?cat=7\" rel=\"category\">D\u00fcnya<\/a>","rttpg_excerpt":"\u201cD\u00f6vl\u0259t ba\u015f\u00e7\u0131lar\u0131 s\u0259viyy\u0259sind\u0259 t\u0259maslar n\u0259tic\u0259sind\u0259 Ukrayna limanlar\u0131ndan k\u0259nd t\u0259s\u0259rr\u00fcfat\u0131 m\u0259hsullar\u0131n\u0131n ixrac\u0131n\u0131 blokdan \u00e7\u0131xara bildik\u201d. Bu s\u00f6zl\u0259ri Almaniyan\u0131n \u201cRam\u015fteyn\u201d aviabazas\u0131nda \u201cUkraynan\u0131n m\u00fcdafi\u0259si \u00fczr\u0259 t\u0259mas qrupu\u201dnun (23 \u00f6lk\u0259nin nazirl\u0259rinin i\u015ftirak\u0131 il\u0259) iclas\u0131n\u0131n yekunu \u00fczr\u0259 jurnalistl\u0259rl\u0259 s\u00f6hb\u0259tind\u0259 T\u00fcrkiy\u0259nin milli m\u00fcdafi\u0259 naziri Hulusi Akar deyib. Hulusi Akar xat\u0131rlad\u0131b ki, Rusiya il\u0259 Ukrayna aras\u0131nda m\u00fcharib\u0259nin ilk g\u00fcnl\u0259rind\u0259n T\u00fcrkiy\u0259 Montr\u00f6 Konvensiyas\u0131n\u0131n&hellip;","_links":{"self":[{"href":"https:\/\/arantv.az\/index.php?rest_route=\/wp\/v2\/posts\/557299"}],"collection":[{"href":"https:\/\/arantv.az\/index.php?rest_route=\/wp\/v2\/posts"}],"about":[{"href":"https:\/\/arantv.az\/index.php?rest_route=\/wp\/v2\/types\/post"}],"author":[{"embeddable":true,"href":"https:\/\/arantv.az\/index.php?rest_route=\/wp\/v2\/users\/2"}],"replies":[{"embeddable":true,"href":"https:\/\/arantv.az\/index.php?rest_route=%2Fwp%2Fv2%2Fcomments&post=557299"}],"version-history":[{"count":0,"href":"https:\/\/arantv.az\/index.php?rest_route=\/wp\/v2\/posts\/557299\/revisions"}],"wp:featuredmedia":[{"embeddable":true,"href":"https:\/\/arantv.az\/index.php?rest_route=\/wp\/v2\/media\/557300"}],"wp:attachment":[{"href":"https:\/\/arantv.az\/index.php?rest_route=%2Fwp%2Fv2%2Fmedia&parent=557299"}],"wp:term":[{"taxonomy":"category","embeddable":true,"href":"https:\/\/arantv.az\/index.php?rest_route=%2Fwp%2Fv2%2Fcategories&post=557299"},{"taxonomy":"post_tag","embeddable":true,"href":"https:\/\/arantv.az\/index.php?rest_route=%2Fwp%2Fv2%2Ftags&post=557299"}],"curies":[{"name":"wp","href":"https:\/\/api.w.org\/{rel}","templated":true}]}}