{"id":557306,"date":"2023-01-21T16:39:17","date_gmt":"2023-01-21T13:39:17","guid":{"rendered":"https:\/\/arantv.az\/?p=557306"},"modified":"2023-01-21T16:39:17","modified_gmt":"2023-01-21T13:39:17","slug":"zaqatalada-15-otaqli-ev-yanib","status":"publish","type":"post","link":"https:\/\/arantv.az\/?p=557306","title":{"rendered":"Zaqatalada 15 otaql\u0131 ev yan\u0131b"},"content":{"rendered":"<p>Zaqatala rayonunda 15 otaql\u0131 f\u0259rdi ya\u015fay\u0131\u015f evi yan\u0131b.<\/p>\n<p>\u201cReport\u201dun \u015eimal-q\u0259rb b\u00fcrosunun m\u0259lumat\u0131na g\u00f6r\u0259, hadis\u0259 Mu\u011fanl\u0131 k\u0259ndind\u0259 qeyd\u0259 al\u0131n\u0131b.<\/p>\n<div class=\"AdviadNativeVideo\"><\/div>\n<p>Bel\u0259 ki, 1957-c\u0131 il t\u0259v\u0259ll\u00fcdl\u00fc \u0130brahim H\u0259s\u0259n o\u011flu \u0130brahimova m\u0259xsus f\u0259rdi ya\u015fay\u0131\u015f evind\u0259 yan\u011f\u0131n olub.<\/p>\n<p>Yan\u011f\u0131n zaman\u0131 \u00fcmumi sah\u0259si 480 kvadratmetr\u00a0olan 15 otaqdan ibar\u0259t olan ya\u015fay\u0131\u015f evinin 2-ci m\u0259rt\u0259b\u0259sind\u0259ki 9 otaq v\u0259 tavan hiss\u0259si tamamil\u0259 yan\u0131b.<\/p>\n<p>Evin birinci m\u0259rt\u0259b\u0259sind\u0259 olan 6 otaq is\u0259 yarars\u0131z v\u0259ziyy\u0259t\u0259 d\u00fc\u015f\u00fcb.<\/p>\n<p>Yan\u011f\u0131n yerin\u0259 Zaqatala Rayon D\u00f6vl\u0259t Yan\u011f\u0131ndan M\u00fchafiz\u0259 Hiss\u0259sinin yan\u011f\u0131ns\u00f6nd\u00fcr\u0259n texnikalar\u0131 v\u0259 \u015f\u0259xsi hey\u0259ti c\u0259lb olunub.<\/p>\n<p>Yan\u011f\u0131n\u0131n yax\u0131nl\u0131qdak\u0131 tikilil\u0259r\u0259 ke\u00e7m\u0259sinin qar\u015f\u0131s\u0131 al\u0131n\u0131b.<\/p>\n<p>Faktla ba\u011fl\u0131 ara\u015fd\u0131rma apar\u0131l\u0131r.<\/p>\n","protected":false},"excerpt":{"rendered":"<p>Zaqatala rayonunda 15 otaql\u0131 f\u0259rdi ya\u015fay\u0131\u015f evi yan\u0131b. \u201cReport\u201dun \u015eimal-q\u0259rb b\u00fcrosunun m\u0259lumat\u0131na g\u00f6r\u0259, hadis\u0259 Mu\u011fanl\u0131 k\u0259ndind\u0259 qeyd\u0259 al\u0131n\u0131b. Bel\u0259 ki, 1957-c\u0131 il t\u0259v\u0259ll\u00fcdl\u00fc \u0130brahim H\u0259s\u0259n o\u011flu \u0130brahimova m\u0259xsus f\u0259rdi ya\u015fay\u0131\u015f evind\u0259 yan\u011f\u0131n olub. Yan\u011f\u0131n zaman\u0131 \u00fcmumi sah\u0259si 480 kvadratmetr\u00a0olan 15 otaqdan ibar\u0259t olan ya\u015fay\u0131\u015f evinin 2-ci m\u0259rt\u0259b\u0259sind\u0259ki 9 otaq v\u0259 tavan hiss\u0259si tamamil\u0259 yan\u0131b. Evin birinci m\u0259rt\u0259b\u0259sind\u0259 olan 6 otaq is\u0259 yarars\u0131z v\u0259ziyy\u0259t\u0259 d\u00fc\u015f\u00fcb. Yan\u011f\u0131n yerin\u0259 Zaqatala Rayon D\u00f6vl\u0259t Yan\u011f\u0131ndan M\u00fchafiz\u0259 Hiss\u0259sinin yan\u011f\u0131ns\u00f6nd\u00fcr\u0259n texnikalar\u0131 v\u0259 \u015f\u0259xsi hey\u0259ti c\u0259lb olunub. Yan\u011f\u0131n\u0131n yax\u0131nl\u0131qdak\u0131 tikilil\u0259r\u0259 ke\u00e7m\u0259sinin qar\u015f\u0131s\u0131 al\u0131n\u0131b. Faktla ba\u011fl\u0131 ara\u015fd\u0131rma apar\u0131l\u0131r.<\/p>\n","protected":false},"author":2,"featured_media":557307,"comment_status":"closed","ping_status":"closed","sticky":false,"template":"","format":"standard","meta":{"om_disable_all_campaigns":false,"_monsterinsights_skip_tracking":false,"_monsterinsights_sitenote_active":false,"_monsterinsights_sitenote_note":"","_monsterinsights_sitenote_category":0},"categories":[5],"tags":[],"aioseo_notices":[],"gutentor_comment":0,"rttpg_featured_image_url":{"full":["https:\/\/arantv.az\/wp-content\/uploads\/2023\/01\/a-1.jpg",620,413,false],"landscape":["https:\/\/arantv.az\/wp-content\/uploads\/2023\/01\/a-1.jpg",620,413,false],"portraits":["https:\/\/arantv.az\/wp-content\/uploads\/2023\/01\/a-1.jpg",620,413,false],"thumbnail":["https:\/\/arantv.az\/wp-content\/uploads\/2023\/01\/a-1-500x280.jpg",500,280,true],"medium":["https:\/\/arantv.az\/wp-content\/uploads\/2023\/01\/a-1-548x365.jpg",548,365,true],"large":["https:\/\/arantv.az\/wp-content\/uploads\/2023\/01\/a-1.jpg",620,413,false],"1536x1536":["https:\/\/arantv.az\/wp-content\/uploads\/2023\/01\/a-1.jpg",620,413,false],"2048x2048":["https:\/\/arantv.az\/wp-content\/uploads\/2023\/01\/a-1.jpg",620,413,false],"post-thumbnail":["https:\/\/arantv.az\/wp-content\/uploads\/2023\/01\/a-1-240x172.jpg",240,172,true],"advps-thumb-one":["https:\/\/arantv.az\/wp-content\/uploads\/2023\/01\/a-1.jpg",620,413,false]},"rttpg_author":{"display_name":"V\u00fcsal Rafiqo\u011flu","author_link":"https:\/\/arantv.az\/?author=2"},"rttpg_comment":0,"rttpg_category":"<a href=\"https:\/\/arantv.az\/?cat=5\" rel=\"category\">Hadis\u0259<\/a>","rttpg_excerpt":"Zaqatala rayonunda 15 otaql\u0131 f\u0259rdi ya\u015fay\u0131\u015f evi yan\u0131b. \u201cReport\u201dun \u015eimal-q\u0259rb b\u00fcrosunun m\u0259lumat\u0131na g\u00f6r\u0259, hadis\u0259 Mu\u011fanl\u0131 k\u0259ndind\u0259 qeyd\u0259 al\u0131n\u0131b. Bel\u0259 ki, 1957-c\u0131 il t\u0259v\u0259ll\u00fcdl\u00fc \u0130brahim H\u0259s\u0259n o\u011flu \u0130brahimova m\u0259xsus f\u0259rdi ya\u015fay\u0131\u015f evind\u0259 yan\u011f\u0131n olub. Yan\u011f\u0131n zaman\u0131 \u00fcmumi sah\u0259si 480 kvadratmetr\u00a0olan 15 otaqdan ibar\u0259t olan ya\u015fay\u0131\u015f evinin 2-ci m\u0259rt\u0259b\u0259sind\u0259ki 9 otaq v\u0259 tavan hiss\u0259si tamamil\u0259 yan\u0131b. Evin&hellip;","_links":{"self":[{"href":"https:\/\/arantv.az\/index.php?rest_route=\/wp\/v2\/posts\/557306"}],"collection":[{"href":"https:\/\/arantv.az\/index.php?rest_route=\/wp\/v2\/posts"}],"about":[{"href":"https:\/\/arantv.az\/index.php?rest_route=\/wp\/v2\/types\/post"}],"author":[{"embeddable":true,"href":"https:\/\/arantv.az\/index.php?rest_route=\/wp\/v2\/users\/2"}],"replies":[{"embeddable":true,"href":"https:\/\/arantv.az\/index.php?rest_route=%2Fwp%2Fv2%2Fcomments&post=557306"}],"version-history":[{"count":0,"href":"https:\/\/arantv.az\/index.php?rest_route=\/wp\/v2\/posts\/557306\/revisions"}],"wp:featuredmedia":[{"embeddable":true,"href":"https:\/\/arantv.az\/index.php?rest_route=\/wp\/v2\/media\/557307"}],"wp:attachment":[{"href":"https:\/\/arantv.az\/index.php?rest_route=%2Fwp%2Fv2%2Fmedia&parent=557306"}],"wp:term":[{"taxonomy":"category","embeddable":true,"href":"https:\/\/arantv.az\/index.php?rest_route=%2Fwp%2Fv2%2Fcategories&post=557306"},{"taxonomy":"post_tag","embeddable":true,"href":"https:\/\/arantv.az\/index.php?rest_route=%2Fwp%2Fv2%2Ftags&post=557306"}],"curies":[{"name":"wp","href":"https:\/\/api.w.org\/{rel}","templated":true}]}}