{"id":557318,"date":"2023-01-21T17:30:44","date_gmt":"2023-01-21T14:30:44","guid":{"rendered":"https:\/\/arantv.az\/?p=557318"},"modified":"2023-01-21T17:30:44","modified_gmt":"2023-01-21T14:30:44","slug":"turkiy%c9%99nin-isvecd%c9%99ki-s%c9%99firliyinin-qarsisinda-quran-kitabi-yandirildi-video","status":"publish","type":"post","link":"https:\/\/arantv.az\/?p=557318","title":{"rendered":"T\u00fcrkiy\u0259nin \u0130sve\u00e7d\u0259ki s\u0259firliyinin qar\u015f\u0131s\u0131nda Quran kitab\u0131 yand\u0131r\u0131ld\u0131 &#8211; V\u0130DEO"},"content":{"rendered":"<p>T\u00fcrkiy\u0259nin \u0130sve\u00e7d\u0259ki s\u0259firliyinin qar\u015f\u0131s\u0131nda Quran kitab\u0131n\u0131 yand\u0131r\u0131l\u0131b.<\/p>\n<p>Aksiya \u0130sve\u00e7in ifrat-sa\u011f\u00e7\u0131 siyasi t\u0259\u015fkilatlar\u0131 t\u0259r\u0259find\u0259n t\u0259\u015fkil edilib.<\/p>\n<div class=\"AdviadNativeVideo\"><\/div>\n<p>Aksiyaya T\u00fcrkiy\u0259nin xarici i\u015fl\u0259r naziri M\u00f6vlud \u00c7avu\u015fo\u011flu m\u00fcnasib\u0259t bildirib.<\/p>\n<p>T\u00fcrkiy\u0259li diplomat \u0130sve\u00e7 hakimiyy\u0259tinin Stokholmdak\u0131 T\u00fcrkiy\u0259nin s\u0259firliyi qar\u015f\u0131s\u0131nda Quran\u0131 yand\u0131rmaq \u00fc\u00e7\u00fcn icaz\u0259 verdiyi aksiyan\u0131 \u201cal\u00e7aq v\u0259 irq\u00e7i\u201d adland\u0131r\u0131b.<\/p>\n<p>\u201cNifr\u0259t, ksenofobiya v\u0259 irq\u00e7iliyin t\u0259zah\u00fcr\u00fc s\u00f6z azadl\u0131\u011f\u0131 il\u0259 he\u00e7 bir \u0259laq\u0259si yoxdur! \u00dcmid edir\u0259m ki, \u0130sve\u00e7 hakimiyy\u0259ti laz\u0131mi t\u0259dbirl\u0259ri g\u00f6r\u0259c\u0259k. \u018fks halda, aksiyaya b\u00fct\u00fcn d\u00fcnyada k\u0259skin m\u0259nfi reaksiya veril\u0259c\u0259k\u201d, &#8211; dey\u0259 M\u00f6vlud \u00c7avu\u015fo\u011flu vur\u011fulay\u0131b.<\/p>\n<div><iframe loading=\"lazy\" src=\"https:\/\/baku.tv\/embed\/70444\" width=\"560\" height=\"315\" frameborder=\"0\" allowfullscreen=\"allowfullscreen\" data-mce-fragment=\"1\"><\/iframe><\/div>\n<p>M\u0259nb\u0259: Anadolu<\/p>\n","protected":false},"excerpt":{"rendered":"<p>T\u00fcrkiy\u0259nin \u0130sve\u00e7d\u0259ki s\u0259firliyinin qar\u015f\u0131s\u0131nda Quran kitab\u0131n\u0131 yand\u0131r\u0131l\u0131b. Aksiya \u0130sve\u00e7in ifrat-sa\u011f\u00e7\u0131 siyasi t\u0259\u015fkilatlar\u0131 t\u0259r\u0259find\u0259n t\u0259\u015fkil edilib. Aksiyaya T\u00fcrkiy\u0259nin xarici i\u015fl\u0259r naziri M\u00f6vlud \u00c7avu\u015fo\u011flu m\u00fcnasib\u0259t bildirib. T\u00fcrkiy\u0259li diplomat \u0130sve\u00e7 hakimiyy\u0259tinin Stokholmdak\u0131 T\u00fcrkiy\u0259nin s\u0259firliyi qar\u015f\u0131s\u0131nda Quran\u0131 yand\u0131rmaq \u00fc\u00e7\u00fcn icaz\u0259 verdiyi aksiyan\u0131 \u201cal\u00e7aq v\u0259 irq\u00e7i\u201d adland\u0131r\u0131b. \u201cNifr\u0259t, ksenofobiya v\u0259 irq\u00e7iliyin t\u0259zah\u00fcr\u00fc s\u00f6z azadl\u0131\u011f\u0131 il\u0259 he\u00e7 bir \u0259laq\u0259si yoxdur! \u00dcmid edir\u0259m ki, \u0130sve\u00e7 hakimiyy\u0259ti laz\u0131mi t\u0259dbirl\u0259ri g\u00f6r\u0259c\u0259k. \u018fks halda, aksiyaya b\u00fct\u00fcn d\u00fcnyada k\u0259skin m\u0259nfi reaksiya veril\u0259c\u0259k\u201d, &#8211; dey\u0259 M\u00f6vlud \u00c7avu\u015fo\u011flu vur\u011fulay\u0131b. M\u0259nb\u0259: Anadolu<\/p>\n","protected":false},"author":2,"featured_media":557319,"comment_status":"closed","ping_status":"closed","sticky":false,"template":"","format":"standard","meta":{"om_disable_all_campaigns":false,"_monsterinsights_skip_tracking":false,"_monsterinsights_sitenote_active":false,"_monsterinsights_sitenote_note":"","_monsterinsights_sitenote_category":0},"categories":[7],"tags":[],"aioseo_notices":[],"gutentor_comment":0,"rttpg_featured_image_url":{"full":["https:\/\/arantv.az\/wp-content\/uploads\/2023\/01\/FotoJet-2023-01-21T181057.610.jpg",620,413,false],"landscape":["https:\/\/arantv.az\/wp-content\/uploads\/2023\/01\/FotoJet-2023-01-21T181057.610.jpg",620,413,false],"portraits":["https:\/\/arantv.az\/wp-content\/uploads\/2023\/01\/FotoJet-2023-01-21T181057.610.jpg",620,413,false],"thumbnail":["https:\/\/arantv.az\/wp-content\/uploads\/2023\/01\/FotoJet-2023-01-21T181057.610-500x280.jpg",500,280,true],"medium":["https:\/\/arantv.az\/wp-content\/uploads\/2023\/01\/FotoJet-2023-01-21T181057.610-548x365.jpg",548,365,true],"large":["https:\/\/arantv.az\/wp-content\/uploads\/2023\/01\/FotoJet-2023-01-21T181057.610.jpg",620,413,false],"1536x1536":["https:\/\/arantv.az\/wp-content\/uploads\/2023\/01\/FotoJet-2023-01-21T181057.610.jpg",620,413,false],"2048x2048":["https:\/\/arantv.az\/wp-content\/uploads\/2023\/01\/FotoJet-2023-01-21T181057.610.jpg",620,413,false],"post-thumbnail":["https:\/\/arantv.az\/wp-content\/uploads\/2023\/01\/FotoJet-2023-01-21T181057.610-240x172.jpg",240,172,true],"advps-thumb-one":["https:\/\/arantv.az\/wp-content\/uploads\/2023\/01\/FotoJet-2023-01-21T181057.610.jpg",620,413,false]},"rttpg_author":{"display_name":"V\u00fcsal Rafiqo\u011flu","author_link":"https:\/\/arantv.az\/?author=2"},"rttpg_comment":0,"rttpg_category":"<a href=\"https:\/\/arantv.az\/?cat=7\" rel=\"category\">D\u00fcnya<\/a>","rttpg_excerpt":"T\u00fcrkiy\u0259nin \u0130sve\u00e7d\u0259ki s\u0259firliyinin qar\u015f\u0131s\u0131nda Quran kitab\u0131n\u0131 yand\u0131r\u0131l\u0131b. Aksiya \u0130sve\u00e7in ifrat-sa\u011f\u00e7\u0131 siyasi t\u0259\u015fkilatlar\u0131 t\u0259r\u0259find\u0259n t\u0259\u015fkil edilib. Aksiyaya T\u00fcrkiy\u0259nin xarici i\u015fl\u0259r naziri M\u00f6vlud \u00c7avu\u015fo\u011flu m\u00fcnasib\u0259t bildirib. T\u00fcrkiy\u0259li diplomat \u0130sve\u00e7 hakimiyy\u0259tinin Stokholmdak\u0131 T\u00fcrkiy\u0259nin s\u0259firliyi qar\u015f\u0131s\u0131nda Quran\u0131 yand\u0131rmaq \u00fc\u00e7\u00fcn icaz\u0259 verdiyi aksiyan\u0131 \u201cal\u00e7aq v\u0259 irq\u00e7i\u201d adland\u0131r\u0131b. \u201cNifr\u0259t, ksenofobiya v\u0259 irq\u00e7iliyin t\u0259zah\u00fcr\u00fc s\u00f6z azadl\u0131\u011f\u0131 il\u0259 he\u00e7 bir \u0259laq\u0259si yoxdur! \u00dcmid&hellip;","_links":{"self":[{"href":"https:\/\/arantv.az\/index.php?rest_route=\/wp\/v2\/posts\/557318"}],"collection":[{"href":"https:\/\/arantv.az\/index.php?rest_route=\/wp\/v2\/posts"}],"about":[{"href":"https:\/\/arantv.az\/index.php?rest_route=\/wp\/v2\/types\/post"}],"author":[{"embeddable":true,"href":"https:\/\/arantv.az\/index.php?rest_route=\/wp\/v2\/users\/2"}],"replies":[{"embeddable":true,"href":"https:\/\/arantv.az\/index.php?rest_route=%2Fwp%2Fv2%2Fcomments&post=557318"}],"version-history":[{"count":0,"href":"https:\/\/arantv.az\/index.php?rest_route=\/wp\/v2\/posts\/557318\/revisions"}],"wp:featuredmedia":[{"embeddable":true,"href":"https:\/\/arantv.az\/index.php?rest_route=\/wp\/v2\/media\/557319"}],"wp:attachment":[{"href":"https:\/\/arantv.az\/index.php?rest_route=%2Fwp%2Fv2%2Fmedia&parent=557318"}],"wp:term":[{"taxonomy":"category","embeddable":true,"href":"https:\/\/arantv.az\/index.php?rest_route=%2Fwp%2Fv2%2Fcategories&post=557318"},{"taxonomy":"post_tag","embeddable":true,"href":"https:\/\/arantv.az\/index.php?rest_route=%2Fwp%2Fv2%2Ftags&post=557318"}],"curies":[{"name":"wp","href":"https:\/\/api.w.org\/{rel}","templated":true}]}}