{"id":557820,"date":"2023-01-24T07:53:52","date_gmt":"2023-01-24T04:53:52","guid":{"rendered":"https:\/\/arantv.az\/?p=557820"},"modified":"2023-01-24T07:53:52","modified_gmt":"2023-01-24T04:53:52","slug":"%c9%99liyev-pasinyan-gorusunun-yeni-unvani-n%c9%99-moskva-n%c9%99-brussel-tiflis","status":"publish","type":"post","link":"https:\/\/arantv.az\/?p=557820","title":{"rendered":"\u018fliyev-Pa\u015finyan g\u00f6r\u00fc\u015f\u00fcn\u00fcn yeni \u00fcnvan\u0131: n\u0259 Moskva, n\u0259 Br\u00fcssel &#8211; Tiflis&#8230;"},"content":{"rendered":"<p><strong>\u0130r\u0259van Rusiyan\u0131n maraql\u0131 olmad\u0131\u011f\u0131 m\u0259kana raz\u0131l\u0131q ver\u0259c\u0259kmi; deputat: \u201cQ\u0259rbd\u0259kil\u0259r h\u0259v\u0259sl\u0259ndirm\u0259s\u0259l\u0259r, haylar buna getm\u0259y\u0259c\u0259kl\u0259r\u201d; politoloq: \u201cErm\u0259nistan havadarlar\u0131n\u0131n b\u00fct\u00fcn t\u0259zyiql\u0259rin\u0259 r\u0259\u011fm\u0259n, Tiflis prosesind\u0259n yay\u0131na bilm\u0259y\u0259c\u0259k\u201d<\/strong><\/p>\n<p>Az\u0259rbaycan v\u0259 Erm\u0259nistan aras\u0131nda yeni ild\u0259 y\u00fcks\u0259k s\u0259viyy\u0259li ilk g\u00f6r\u00fc\u015f\u00fcn hans\u0131 paytaxta ba\u015f tutaca\u011f\u0131 h\u0259l\u0259 ki nam\u0259lumdur. R\u0259smi Bak\u0131dan \u00f6tr\u00fc \u0259slind\u0259 m\u0259kan \u00f6n\u0259m k\u0259sb etmir.<\/p>\n<p>Az\u0259rbaycan t\u0259r\u0259fi \u00fc\u00e7\u00fcn \u0259n m\u00fch\u00fcm\u00fc s\u00fclh dan\u0131\u015f\u0131qlar\u0131n m\u0259lum 5 prinsip \u0259sas\u0131nda apar\u0131lmas\u0131d\u0131r. Bunun k\u0259nar\u0131nda apar\u0131lacaq m\u00fczakir\u0259l\u0259r yaln\u0131z vaxt itkisidir v\u0259 o halda g\u00f6r\u00fc\u015fl\u0259rin hans\u0131 paytaxtda realla\u015faca\u011f\u0131n\u0131n \u0259h\u0259miyy\u0259ti qalm\u0131r. Bununla bel\u0259, hiss olunur ki, Bak\u0131 Br\u00fcssel format\u0131 \u00e7\u0259r\u00e7iv\u0259sind\u0259 s\u00fclh dan\u0131\u015f\u0131qlar\u0131n\u0131n qald\u0131\u011f\u0131 yerd\u0259 davam\u0131nda maraql\u0131d\u0131r. Yaxud \u0259n az\u0131ndan, buna etiraz etm\u0259y\u0259c\u0259k. Prezident \u0130lham \u018fliyevin \u00f6t\u0259n h\u0259ft\u0259sonu Davos D\u00fcnya \u0130qtisadi Forumu \u00e7\u0259r\u00e7iv\u0259sind\u0259 Niderland\u0131n ba\u015f naziri Mark Rutte il\u0259 g\u00f6r\u00fc\u015f\u00fcnd\u0259 s\u00f6yl\u0259diyi fikir bel\u0259 bir q\u0259na\u0259ti g\u00fccl\u0259ndirir.<strong>\u00a0\u201cAz\u0259rbaycan Avropa \u0130ttifaq\u0131 \u015euras\u0131n\u0131n prezidenti \u015earl Mi\u015felin d\u0259st\u0259yi il\u0259 Erm\u0259nistanla dan\u0131\u015f\u0131qlar aparma\u011fa haz\u0131rd\u0131r\u201d,<\/strong>\u00a0&#8211; dey\u0259 \u0130lham \u018fliyev g\u00f6r\u00fc\u015fd\u0259 qeyd edib v\u0259 M.Ruttey\u0259 Erm\u0259nistan-Az\u0259rbaycan m\u00fcnasib\u0259tl\u0259rinin normalla\u015fd\u0131r\u0131lmas\u0131, iki \u00f6lk\u0259 aras\u0131nda s\u00fclh m\u00fcqavil\u0259si \u00fczr\u0259 dan\u0131\u015f\u0131qlar prosesi haqq\u0131nda m\u0259lumat verib, Avropa \u0130ttifaq\u0131 \u015euras\u0131n\u0131n Prezidenti \u015earl Mi\u015felin d\u0259st\u0259yi il\u0259 apar\u0131lan dan\u0131\u015f\u0131qlar prosesinin vacibliyini vur\u011fulay\u0131b. B\u0259llidir ki, \u201cBr\u00fcssel prosesi\u201d m\u0259hz r\u0259smi \u0130r\u0259van\u0131n t\u0259xribat\u0131, konkret olaraq ba\u015f nazir Nikol Pa\u015finyan\u0131n dan\u0131\u015f\u0131qlarda Makronun da i\u015ftirak\u0131n\u0131 \u015f\u0259rt kimi ir\u0259li s\u00fcrm\u0259sind\u0259n sonra dayan\u0131b. Ancaq Davosda \u0130lham \u018fliyev C\u0259nubi Qafqaz\u0131n 3 \u00f6lk\u0259si aras\u0131nda &#8211; \u00fc\u00e7l\u00fc platformada dan\u0131\u015f\u0131qlara da Bak\u0131n\u0131n haz\u0131r oldu\u011funu b\u0259yan edib. Bu format is\u0259 AB\u015e t\u0259r\u0259find\u0259n m\u0259xsusi d\u0259st\u0259kl\u0259nir. Art\u0131q Az\u0259rbaycan liderinin a\u00e7\u0131qlamas\u0131na \u0130r\u0259vandan da reaksiya var. \u201cR\u0259smi \u0130r\u0259van haz\u0131rda Erm\u0259nistan, G\u00fcrc\u00fcstan v\u0259 Az\u0259rbaycan liderl\u0259rinin i\u015ftirak\u0131 il\u0259 g\u00f6r\u00fc\u015f ke\u00e7irm\u0259k ideyas\u0131n\u0131 n\u0259z\u0259rd\u0259n ke\u00e7irir\u201d. Bunu Erm\u0259nistan\u0131n xarici i\u015fl\u0259r naziri Ararat Mirzoyan yerli mediaya m\u00fcsahib\u0259sind\u0259 s\u00f6yl\u0259yib. \u201cErm\u0259nistan C\u0259nubi Qafqaz \u00f6lk\u0259l\u0259ri aras\u0131nda \u00fc\u00e7t\u0259r\u0259fli dialoqun inki\u015faf\u0131na b\u00f6y\u00fck maraq g\u00f6st\u0259rir. Biz m\u00fcmk\u00fcn Tiflis platformas\u0131n\u0131 ikit\u0259r\u0259fli Erm\u0259nistan-Az\u0259rbaycan g\u00f6r\u00fc\u015fl\u0259ri bax\u0131m\u0131ndan deyil, regional \u00fc\u00e7t\u0259r\u0259fli m\u00fczakir\u0259l\u0259r prizmas\u0131ndan n\u0259z\u0259rd\u0259n ke\u00e7iririk. Haz\u0131rda Erm\u0259nistan v\u0259 G\u00fcrc\u00fcstan ba\u015f nazirl\u0259rinin Az\u0259rbaycan Prezidenti il\u0259 g\u00f6r\u00fc\u015f\u00fc g\u00fcnd\u0259md\u0259dir\u201d, &#8211; dey\u0259 Mirzoyan vur\u011fulay\u0131b. He\u00e7 \u015f\u00fcbh\u0259siz, Rusiyadan f\u0259rqli olaraq, G\u00fcrc\u00fcstan Az\u0259rbaycan v\u0259 Erm\u0259nistan aras\u0131nda \u0259n s\u0259mimi v\u0259 ideal vasit\u0259\u00e7i ola bil\u0259r. \u00c7\u00fcnki Tiflis bu vasit\u0259\u00e7ilikd\u0259 he\u00e7 bir \u0259lahidd\u0259, m\u0259krli maraq g\u00fcdm\u00fcr, Bak\u0131 v\u0259 \u0130r\u0259van\u0131n bar\u0131\u015f\u0131\u011f\u0131na \u00fcr\u0259kd\u0259n can at\u0131r. Ona g\u00f6r\u0259 ki, bu bar\u0131\u015f\u0131q b\u00f6lg\u0259d\u0259 G\u00fcrc\u00fcstan\u0131n milli maraqlar\u0131na tamamil\u0259 uy\u011fundur. B\u0259s Tiflis format\u0131n\u0131n ba\u015fqa hans\u0131 \u00fcst\u00fcnl\u00fcy\u00fc var v\u0259 o, Br\u00fcssel v\u0259 ya Moskva prosesin\u0259 alternativ ola bil\u0259rmi, yoxsa yaln\u0131z k\u00f6m\u0259k\u00e7i platforma rolunda \u00e7\u0131x\u0131\u015f ed\u0259c\u0259k? Rusiyal\u0131 tan\u0131nm\u0131\u015f politoloq Sergey Markedonov erm\u0259ni medias\u0131na a\u00e7\u0131qlamas\u0131nda s\u00fclh dan\u0131\u015f\u0131qlar\u0131 \u00fc\u00e7\u00fcn m\u00fcxt\u0259lif platformalar\u0131n \u00f6z\u0259llikl\u0259rind\u0259n dan\u0131\u015fark\u0259n deyib ki, Q\u0259rb Bak\u0131 v\u0259 \u0130r\u0259van aras\u0131nda \u00e7\u0259r\u00e7iv\u0259 sazi\u015finin daha tez rella\u015flmas\u0131n\u0131 ist\u0259yir, \u00e7\u00fcnki bu halda s\u00fclhm\u0259raml\u0131lar\u0131n Qaraba\u011fda m\u00f6vcudlu\u011funun legitimliyi, 102-ci h\u0259rbi bazan\u0131n Erm\u0259nistanda olmas\u0131n\u0131n z\u0259ruriliyi v\u0259 aktuall\u0131\u011f\u0131n\u0131 g\u00fcnd\u0259m\u0259 g\u0259tirm\u0259k m\u00fcmk\u00fcn olacaq. \u201cMoskva is\u0259 deyir ki, g\u0259lin \u0259vv\u0259lc\u0259 yerd\u0259 bir az i\u015f g\u00f6r\u0259k &#8211; kommunikasiyalar\u0131n a\u00e7\u0131lmas\u0131, delimitasiya v\u0259 demarkasiya m\u0259s\u0259l\u0259l\u0259rini \u00e7\u00f6z\u0259k, Qaraba\u011f m\u0259s\u0259l\u0259sini is\u0259 indiki k\u0259skinliyi it\u0259n\u0259d\u0259k sonraya saxlayaq. Y\u0259ni Rusiya yava\u015f-yava\u015f t\u0259l\u0259sm\u0259yi, Q\u0259rb is\u0259 bu i\u015fl\u0259ri s\u00fcr\u0259tl\u0259ndirm\u0259yi t\u0259klif edir\u201d, &#8211; dey\u0259 o vur\u011fulay\u0131b.<\/p>\n<p>R\u0259smi Moskva Qafqaz\u0131 \u00f6z\u00fcn\u00fcn t\u0259sir dair\u0259si sayd\u0131\u011f\u0131 \u00fc\u00e7\u00fcn buraya Q\u0259rbin barmaq uzatmas\u0131na bel\u0259 raz\u0131 olmur. Bir ne\u00e7\u0259 ay \u0259vv\u0259l Rusiya Prezidenti Erm\u0259nistana Va\u015finqtonun t\u0259klifl\u0259ri il\u0259 ba\u011fl\u0131 ironiyal\u0131 t\u0259klif vermi\u015fdi. Hans\u0131 ki, r\u0259smi Va\u015finqton h\u0259r hans\u0131 t\u0259klif masaya qoymay\u0131b. Rusiya bununla, sad\u0259c\u0259, erm\u0259nil\u0259r\u0259 dem\u0259k ist\u0259yir ki, AB\u015e v\u0259 Avropaya meyillilik onun c\u0259zaland\u0131r\u0131lmas\u0131 il\u0259 bit\u0259 bil\u0259r. G\u00fcrc\u00fcstan\u0131n Q\u0259rb d\u00f6vl\u0259tl\u0259rinin maraq dair\u0259sind\u0259 olmas\u0131 da reall\u0131qd\u0131r. Bu m\u0259nada r\u0259smi Moskvan\u0131n Tiflisin vasit\u0259\u00e7iliyin\u0259 \u201cya\u015f\u0131l i\u015f\u0131q\u201d yand\u0131raca\u011f\u0131 inand\u0131r\u0131c\u0131 g\u00f6r\u00fcnm\u00fcr. Rusiya h\u0259tta A\u0130-nin vasit\u0259\u00e7iliyi il\u0259 g\u00f6r\u00fc\u015fl\u0259rin davam\u0131na maraql\u0131 olmad\u0131\u011f\u0131n\u0131 ayd\u0131n n\u00fcmayi\u015f etdirdis\u0259, sonda ist\u0259yin\u0259 nail oldusa, bundan sonra onun Tiflisin namiz\u0259dliyin\u0259 raz\u0131la\u015faca\u011f\u0131 real deyil.<\/p>\n<p><img src=\"https:\/\/upload.wikimedia.org\/wikipedia\/az\/3\/33\/Sahib_Al%C4%B1yev%2C_2020.jpg\" alt=\"Sahib Al\u0131yev (siyas\u0259t\u00e7i) \u2014 Vikipediya\" \/><\/p>\n<p><strong>Sahib Al\u0131yev\u00a0<\/strong><\/p>\n<p><strong>Deputat Sahib Al\u0131yev \u201cYeni M\u00fcsavat\u201da bildirdi ki, Az\u0259rbaycan, G\u00fcrc\u00fcstan v\u0259 Erm\u0259nistan r\u0259hb\u0259rliyinin \u00fc\u00e7t\u0259r\u0259fli g\u00f6r\u00fc\u015f\u00fcn\u00fcn ke\u00e7irilm\u0259si t\u0259\u015f\u0259bb\u00fcs\u00fc \u0259slind\u0259 yenilik deyil:<\/strong>\u00a0\u201cAz\u0259rbaycan torpaqlar\u0131 i\u015f\u011fal alt\u0131nda olanda q\u0259rbd\u0259kil\u0259r \u00f6zl\u0259ri d\u0259 bel\u0259 t\u0259\u015f\u0259bb\u00fcsl\u0259 \u00e7\u0131x\u0131\u015f edir, G\u00fcney Qafqaz\u0131 vahid orqanizm kimi g\u00f6rd\u00fckl\u0259rini bildirir, h\u0259m investiya v\u0259 turistl\u0259rin c\u0259lbi, h\u0259m d\u0259 istehsal potensiallar\u0131n\u0131n artmas\u0131 v\u0259 r\u0259qab\u0259t\u0259davaml\u0131 iqtisadiyyat formala\u015fd\u0131rmaq bax\u0131m\u0131ndan bunun regiondak\u0131 h\u0259r \u00fc\u00e7 d\u00f6vl\u0259t \u00fc\u00e7\u00fcn b\u00f6y\u00fck perspektivl\u0259r a\u00e7d\u0131\u011f\u0131n\u0131 vur\u011fulay\u0131rd\u0131lar. \u0130kinci Qaraba\u011f sava\u015f\u0131 bitdikd\u0259n az sonra art\u0131q Az\u0259rbaycan Prezidenti c\u0259nab \u0130lham \u018fliyev bel\u0259 bir t\u0259\u015f\u0259bb\u00fcsl\u0259 \u00e7\u0131x\u0131\u015f etdi ki, \u0259slind\u0259 bunu Erm\u0259nistan r\u0259hb\u0259rliyi biz\u0259 qar\u015f\u0131 etdikl\u0259ri v\u0259h\u015filikl\u0259r qar\u015f\u0131l\u0131\u011f\u0131nda b\u00f6y\u00fck alic\u0259nabl\u0131q kimi qiym\u0259tl\u0259ndirm\u0259li idil\u0259r. \u018flb\u0259tt\u0259, \u0130lham \u018fliyev kimi d\u0259rin strateji bax\u0131\u015f da\u015f\u0131y\u0131c\u0131s\u0131n\u0131n bu t\u0259\u015f\u0259bb\u00fcs\u00fc ilk n\u00f6vb\u0259d\u0259 \u00f6z d\u00f6vl\u0259timizin maraqlar\u0131n\u0131n t\u0259mini \u00fc\u00e7\u00fcnd\u00fcr, amma eyni zamanda regionun h\u0259r \u00fc\u00e7 d\u00f6vl\u0259tin\u0259 g\u00f6z\u0259l perspektivl\u0259r v\u0259d edir\u201d.<\/p>\n<p><strong>S.Al\u0131yev qeyd etdi ki, n\u0259 Az\u0259rbaycan\u0131n d\u00f6vl\u0259t ba\u015f\u00e7\u0131s\u0131 bu fikri ilk d\u0259f\u0259 s\u0259sl\u0259ndir\u0259nd\u0259, n\u0259 d\u0259 \u00f6t\u0259n il G\u00fcrc\u00fcstana s\u0259f\u0259ri zaman\u0131 dil\u0259 g\u0259tir\u0259nd\u0259 r\u0259smi \u0130r\u0259van\u0131n reaksiyas\u0131 oldu:<\/strong>\u00a0\u201c\u0130ndi reaksiya var, amma Erm\u0259nistan\u0131n xarici i\u015fl\u0259r naziri Mirzoyan\u0131n o t\u0259\u015f\u0259bb\u00fcs\u00fc d\u0259y\u0259rl\u0259ndirdikl\u0259rini deyib, ard\u0131nca da perspektivsizliyind\u0259n d\u0259m vurmas\u0131 onu g\u00f6st\u0259rir ki, q\u0259rbd\u0259kil\u0259r h\u0259v\u0259sl\u0259ndirm\u0259s\u0259l\u0259r, haylar buna getm\u0259y\u0259c\u0259kl\u0259r. Az\u0259rbaycan torpaqlar\u0131 i\u015f\u011fal alt\u0131nda olanda bel\u0259 bir t\u0259\u015f\u0259bb\u00fcsl\u0259 \u00e7\u0131x\u0131\u015f ed\u0259nl\u0259rin \u0259sl m\u0259qs\u0259dl\u0259rinin o zaman n\u0259 oldu\u011fu da el\u0259 indi tam \u00fcz\u0259 \u00e7\u0131xacaq. \u0130st\u0259nil\u0259n halda, Az\u0259rbaycan\u0131n s\u00fclh t\u0259\u015f\u0259bb\u00fcs\u00fc il\u0259 \u00e7\u0131x\u0131\u015f etdiyi, bununla kifay\u0259tl\u0259nm\u0259yib, onun g\u00fcnd\u0259liyini v\u0259 format\u0131n\u0131 da ir\u0259li s\u00fcrd\u00fcy\u00fc g\u00f6z qaba\u011f\u0131ndad\u0131r. Biz\u0259 Erm\u0259nistanla n\u0259 bitmi\u015f Qaraba\u011f m\u0259s\u0259l\u0259sinin Rusiyan\u0131n ist\u0259diyi kimi, &#8220;h\u0259llinin sonraya saxlanmas\u0131&#8221;n\u0131n \u00f6n g\u00f6r\u00fcld\u00fcy\u00fc, ikim\u0259rh\u0259l\u0259li, n\u0259 d\u0259 q\u0259rbin maraqlar\u0131na cavab ver\u0259n \u00e7\u0259r\u00e7iv\u0259 anla\u015fmas\u0131 laz\u0131md\u0131r. \u00c7\u00fcnki bu anla\u015fmalar\u0131 ir\u0259li s\u00fcr\u0259nl\u0259rin m\u0259qs\u0259di regionda dayan\u0131ql\u0131 s\u00fclh\u00fcn, \u0259min-amanl\u0131\u011f\u0131n, qon\u015fu d\u00f6vl\u0259tl\u0259r aras\u0131nda normal \u0259laq\u0259l\u0259rin yaranmas\u0131ndan daha \u00e7ox, qar\u015f\u0131 duran t\u0259r\u0259fl\u0259r \u00fcz\u0259rind\u0259 t\u0259zyiq mexanizmini qoruyub saxlamaq, geosiyasi maraqlar\u0131n\u0131n realla\u015fd\u0131rlmas\u0131nda ondan faydalanmaqd\u0131r&#8221;.<\/p>\n<p><strong>Deputat qeyd etdi ki, Rusiyan\u0131n s\u00fclh variant\u0131n\u0131n arxas\u0131nda n\u0259 durdu\u011fu ayd\u0131nd\u0131r:<\/strong>\u00a0\u201cN\u0259 q\u0259d\u0259r m\u00fcmk\u00fcnd\u00fcrs\u0259, bir o q\u0259d\u0259r \u00f6z h\u0259rbi kontingentinin Qaraba\u011fda qalma m\u00fcdd\u0259tini uzatmaq. Q\u0259rbin d\u0259st\u0259kl\u0259diyi v\u0259 tezlikl\u0259 ba\u011flanmas\u0131n\u0131 ist\u0259diyi konkretlilik d\u0259c\u0259si a\u015fa\u011f\u0131 \u00e7\u0259r\u00e7iv\u0259 s\u00fclh anla\u015fmas\u0131 is\u0259 Erm\u0259nistana manevr etm\u0259k, \u00fcz\u0259rin\u0259 g\u00f6t\u00fcrd\u00fcy\u00fc, amma ona \u0259l verm\u0259y\u0259n \u00f6hd\u0259lik\u0259rin yerin\u0259 yetirilm\u0259sind\u0259n qa\u00e7maq, vaxt\u0131n\u0131 uzatmaq \u015fans\u0131 verir. \u00dc\u00e7t\u0259r\u0259fli b\u0259yanatda iki madd\u0259d\u0259 n\u0259z\u0259rd\u0259 tutulanlar\u0131n qar\u015f\u0131 t\u0259r\u0259fin yerin\u0259 yetirm\u0259m\u0259si t\u0259cr\u00fcb\u0259sini v\u0259 b\u00f6y\u00fck g\u00fccl\u0259rd\u0259n he\u00e7 birinin, ilk n\u00f6vb\u0259d\u0259 d\u0259 s\u0259n\u0259din alt\u0131nda imzas\u0131 olan Rusiyan\u0131n ondan bunu t\u0259l\u0259b etm\u0259m\u0259sini d\u0259 n\u0259z\u0259r\u0259 alaraq biz beyn\u0259lxalq normalara dayanan 5 prinsipd\u0259n ibar\u0259t h\u0259rt\u0259r\u0259fli s\u00fclh anla\u015fmas\u0131 ist\u0259yir, buna \u00e7al\u0131\u015f\u0131r\u0131q. \u00c7\u00fcnki bunsuz regionda dayan\u0131ql\u0131 s\u00fclh m\u00fcmk\u00fcn deyil\u201d.<\/p>\n<p><img loading=\"lazy\" src=\"https:\/\/ikisahil.az\/photo\/975x540_2\/upload\/2021\/08\/04\/-ac1ae6a5162808028937106744910739879.jpg\" alt=\"Z\u0259ng\u0259zur d\u0259hlizinin a\u00e7\u0131lmas\u0131ndan sonra Az\u0259rbaycan\u0131n iqtisadi g\u0259lirl\u0259ri daha  da artacaq - Tural \u0130smay\u0131lov - &quot;\u0130ki sahil&quot;\" width=\"670\" height=\"371\" \/><\/p>\n<p><strong>Tural \u0130smay\u0131lov<\/strong><\/p>\n<p><strong>Sosial T\u0259dqiqatlar M\u0259rk\u0259zinin sektor m\u00fcdiri, politoloq Tural \u0130smay\u0131lov hesab edir ki, Tiflisin vasit\u0259\u00e7iliyi ist\u0259nil\u0259n halda u\u011furludur:<\/strong>\u00a0\u201cG\u00fcrc\u00fcstan C\u0259nubi Qafqaz regionunda sabitliyin olma\u011f\u0131ndan h\u0259mi\u015f\u0259 maraql\u0131d\u0131r. H\u0259m d\u0259 Az\u0259rbaycan v\u0259 Erm\u0259nistan aras\u0131nda vasit\u0259\u00e7ilik G\u00fcrc\u00fcstan\u0131n siyasi \u00e7\u0259kisinin artmas\u0131na da k\u00f6m\u0259k edir. A\u011fdam\u0131n mina x\u0259rit\u0259l\u0259rinin qaytar\u0131lmas\u0131 prosesind\u0259 d\u0259 G\u00fcrc\u00fcstan vasit\u0259\u00e7ilik etmi\u015fdi. R\u0259smi Tiflis g\u0259l\u0259c\u0259k kommunikasiya v\u0259 infrastruktur layih\u0259l\u0259rind\u0259 d\u0259 Az\u0259rbaycan\u0131n vacib t\u0259r\u0259fda\u015f\u0131d\u0131r\u201d. Politoloq qeyd etdi ki, bel\u0259 olan t\u0259qdird\u0259 Erm\u0259nistan havadarlar\u0131n\u0131n b\u00fct\u00fcn t\u0259zyiql\u0259rin\u0259 r\u0259\u011fm\u0259n, Tiflis prosesind\u0259n yay\u0131na bilm\u0259y\u0259c\u0259k: \u201cDig\u0259r t\u0259r\u0259fd\u0259n, Avropa \u0130ttifaq\u0131 \u015euras\u0131n\u0131n moderatorlu\u011fu il\u0259 d\u0259 u\u011furlu t\u0259maslar davam edirdi. \u018fg\u0259r \u015earl Mi\u015fel Makron v\u0259 Pa\u015finyan\u0131n t\u0259xribatlar\u0131n\u0131 dayand\u0131rsa, bu proses davaml\u0131 olacaq. H\u0259r halda, r\u0259smi Br\u00fcsselin proses\u0259 m\u00fcnasib\u0259ti Moskvadan daha adekvat v\u0259 \u00e7evik g\u00f6r\u00fcn\u00fcr h\u0259l\u0259 ki. Rusiya s\u00fclhm\u0259raml\u0131lar\u0131n daha \u00e7ox qalma\u011f\u0131nda maraql\u0131d\u0131r. Ona g\u00f6r\u0259 d\u0259 Tiflis v\u0259 Br\u00fcssel m\u0259rk\u0259zli g\u00f6r\u00fc\u015fl\u0259ri Erm\u0259nistan vasit\u0259sil\u0259 sabotaj etm\u0259y\u0259 \u00e7al\u0131\u015facaq. Ancaq b\u00fct\u00fcn link c\u0259hdl\u0259rin\u0259 r\u0259\u011fm\u0259n Tiflis v\u0259 Br\u00fcssel format\u0131 tezlikl\u0259 i\u015fl\u0259k olacaq&#8221;.<\/p>\n<p><img src=\"https:\/\/cdn.azerforum.com\/2020\/10\/05\/671894.jpg\" alt=\"G\u0259nc\u0259y\u0259 raket at\u0131lmas\u0131 Q\u0259rbin maraqlar\u0131na Z\u018fRB\u018fD\u0130R - Politoloq M\u0259h\u0259mm\u0259d  \u018fs\u0259dullazad\u0259\" \/><\/p>\n<p><strong>M\u0259h\u0259mm\u0259d \u018fs\u0259dullazad\u0259<\/strong><\/p>\n<p><strong>Politoloq M\u0259h\u0259mm\u0259d \u018fs\u0259dullazad\u0259 is\u0259 bu fikird\u0259dir ki, Az\u0259rbaycan v\u0259 Erm\u0259nistan aras\u0131nda Br\u00fcssel format\u0131n\u0131n tezlikl\u0259 ba\u015flan\u0131lmas\u0131 g\u00f6zl\u0259nilmir: \u201c\u00dcmumiyy\u0259tl\u0259, Pa\u015finyan s\u00fclh\u0259 haz\u0131r deyil v\u0259 \u00f6lk\u0259sind\u0259 konstitusiya referendumunu ke\u00e7irdikd\u0259n sonra buna getm\u0259yi planla\u015fd\u0131r\u0131r. Ona g\u00f6r\u0259 ist\u0259nil\u0259n format\u0131 manipulyasiya edir. Moskva v\u0259 Br\u00fcssel format\u0131na Az\u0259rbaycan etiraz etm\u0259yib, yaln\u0131z \u0130r\u0259van prosesi uzad\u0131b, Rusiya da burada m\u0259mnun g\u00f6r\u00fcn\u00fcr\u201d. M.\u018fs\u0259dullazad\u0259nin s\u00f6zl\u0259rin\u0259 g\u00f6r\u0259, \u00fcmumiyy\u0259tl\u0259, Rusiyan\u0131n vasit\u0259\u00e7iliyi s\u00fclh\u0259 xidm\u0259t etmir:<\/strong>\u00a0\u201c\u00c7\u00fcnki qal\u0131c\u0131 s\u00fclh Rusiya \u00fc\u00e7\u00fcn d\u0259h\u015f\u0259tli yuxudur. Rusiya iki \u00f6lk\u0259 aras\u0131nda b\u00f6hran\u0131n davam etm\u0259sind\u0259 maraql\u0131d\u0131r. Ona g\u00f6r\u0259 d\u0259 Qaraba\u011f m\u0259s\u0259l\u0259sinin h\u0259ll edilm\u0259diyini v\u0259 g\u0259l\u0259c\u0259y\u0259 saxlama\u011f\u0131 t\u0259klif edir\u201d. Tiflis g\u00f6r\u00fc\u015f\u00fcn\u0259 g\u0259ldikd\u0259 is\u0259 politoloq dedi ki, bu, Az\u0259rbaycan Prezidentinin t\u0259klifidir: \u201cBel\u0259 bir g\u00f6r\u00fc\u015f m\u00fcmk\u00fcnd\u00fcr. \u00c7\u00fcnki G\u00fcrc\u00fcstan da burada s\u0259mimidir v\u0259 prosesi Va\u015finqton apar\u0131r. AB\u015e d\u00f6vl\u0259t katibi g\u0259l\u0259n ay Az\u0259rbaycan v\u0259 Erm\u0259nistan liderl\u0259rinin Tiflisd\u0259 g\u00f6r\u00fc\u015f\u00fcn\u00fc t\u0259\u015fkil etm\u0259y\u0259 v\u0259 \u00e7\u0259r\u00e7iv\u0259 sazi\u015finin ba\u011flanmas\u0131na \u00e7al\u0131\u015f\u0131r. Bu sazi\u015f Az\u0259rbaycan\u0131n t\u0259klifl\u0259ri \u00fczr\u0259 haz\u0131rlan\u0131b. Az\u0259rbaycan buna haz\u0131rd\u0131r. Amma \u0130r\u0259van t\u0259l\u0259smir. Va\u015finqton siyasi t\u0259zyiql\u0259r ed\u0259rs\u0259, Tiflisd\u0259 g\u00f6r\u00fc\u015f m\u00fcmk\u00fcnd\u00fcr v\u0259 prosesin Br\u00fcssel g\u00fcnd\u0259liyi il\u0259 deyil, Va\u015finqton prosesi \u00e7\u0259r\u00e7iv\u0259sind\u0259 Tiflisd\u0259 apar\u0131lmasi g\u00f6zl\u0259nilir\u201d.<\/p>\n","protected":false},"excerpt":{"rendered":"<p>\u0130r\u0259van Rusiyan\u0131n maraql\u0131 olmad\u0131\u011f\u0131 m\u0259kana raz\u0131l\u0131q ver\u0259c\u0259kmi; deputat: \u201cQ\u0259rbd\u0259kil\u0259r h\u0259v\u0259sl\u0259ndirm\u0259s\u0259l\u0259r, haylar buna getm\u0259y\u0259c\u0259kl\u0259r\u201d; politoloq: \u201cErm\u0259nistan havadarlar\u0131n\u0131n b\u00fct\u00fcn t\u0259zyiql\u0259rin\u0259 r\u0259\u011fm\u0259n, Tiflis prosesind\u0259n yay\u0131na bilm\u0259y\u0259c\u0259k\u201d Az\u0259rbaycan v\u0259 Erm\u0259nistan aras\u0131nda yeni ild\u0259 y\u00fcks\u0259k s\u0259viyy\u0259li ilk g\u00f6r\u00fc\u015f\u00fcn hans\u0131 paytaxta ba\u015f tutaca\u011f\u0131 h\u0259l\u0259 ki nam\u0259lumdur. R\u0259smi Bak\u0131dan \u00f6tr\u00fc \u0259slind\u0259 m\u0259kan \u00f6n\u0259m k\u0259sb etmir. Az\u0259rbaycan t\u0259r\u0259fi \u00fc\u00e7\u00fcn \u0259n m\u00fch\u00fcm\u00fc s\u00fclh dan\u0131\u015f\u0131qlar\u0131n m\u0259lum 5 prinsip \u0259sas\u0131nda apar\u0131lmas\u0131d\u0131r. Bunun k\u0259nar\u0131nda apar\u0131lacaq m\u00fczakir\u0259l\u0259r yaln\u0131z vaxt itkisidir v\u0259 o halda g\u00f6r\u00fc\u015fl\u0259rin hans\u0131 paytaxtda realla\u015faca\u011f\u0131n\u0131n \u0259h\u0259miyy\u0259ti qalm\u0131r. Bununla bel\u0259, hiss olunur ki, Bak\u0131 Br\u00fcssel format\u0131 \u00e7\u0259r\u00e7iv\u0259sind\u0259 s\u00fclh dan\u0131\u015f\u0131qlar\u0131n\u0131n qald\u0131\u011f\u0131 yerd\u0259 davam\u0131nda&hellip;<\/p>\n","protected":false},"author":2,"featured_media":557821,"comment_status":"closed","ping_status":"closed","sticky":false,"template":"","format":"standard","meta":{"om_disable_all_campaigns":false,"_monsterinsights_skip_tracking":false,"_monsterinsights_sitenote_active":false,"_monsterinsights_sitenote_note":"","_monsterinsights_sitenote_category":0},"categories":[4],"tags":[],"aioseo_notices":[],"gutentor_comment":0,"rttpg_featured_image_url":{"full":["https:\/\/arantv.az\/wp-content\/uploads\/2023\/01\/69cfe366b49291157cca4ef76bc89a4a.jpg",870,500,false],"landscape":["https:\/\/arantv.az\/wp-content\/uploads\/2023\/01\/69cfe366b49291157cca4ef76bc89a4a.jpg",870,500,false],"portraits":["https:\/\/arantv.az\/wp-content\/uploads\/2023\/01\/69cfe366b49291157cca4ef76bc89a4a.jpg",870,500,false],"thumbnail":["https:\/\/arantv.az\/wp-content\/uploads\/2023\/01\/69cfe366b49291157cca4ef76bc89a4a-500x280.jpg",500,280,true],"medium":["https:\/\/arantv.az\/wp-content\/uploads\/2023\/01\/69cfe366b49291157cca4ef76bc89a4a-635x365.jpg",635,365,true],"large":["https:\/\/arantv.az\/wp-content\/uploads\/2023\/01\/69cfe366b49291157cca4ef76bc89a4a-840x483.jpg",640,368,true],"1536x1536":["https:\/\/arantv.az\/wp-content\/uploads\/2023\/01\/69cfe366b49291157cca4ef76bc89a4a.jpg",870,500,false],"2048x2048":["https:\/\/arantv.az\/wp-content\/uploads\/2023\/01\/69cfe366b49291157cca4ef76bc89a4a.jpg",870,500,false],"post-thumbnail":["https:\/\/arantv.az\/wp-content\/uploads\/2023\/01\/69cfe366b49291157cca4ef76bc89a4a-240x172.jpg",240,172,true],"advps-thumb-one":["https:\/\/arantv.az\/wp-content\/uploads\/2023\/01\/69cfe366b49291157cca4ef76bc89a4a.jpg",870,500,false]},"rttpg_author":{"display_name":"V\u00fcsal Rafiqo\u011flu","author_link":"https:\/\/arantv.az\/?author=2"},"rttpg_comment":0,"rttpg_category":"<a href=\"https:\/\/arantv.az\/?cat=4\" rel=\"category\">Siyas\u0259t<\/a>","rttpg_excerpt":"\u0130r\u0259van Rusiyan\u0131n maraql\u0131 olmad\u0131\u011f\u0131 m\u0259kana raz\u0131l\u0131q ver\u0259c\u0259kmi; deputat: \u201cQ\u0259rbd\u0259kil\u0259r h\u0259v\u0259sl\u0259ndirm\u0259s\u0259l\u0259r, haylar buna getm\u0259y\u0259c\u0259kl\u0259r\u201d; politoloq: \u201cErm\u0259nistan havadarlar\u0131n\u0131n b\u00fct\u00fcn t\u0259zyiql\u0259rin\u0259 r\u0259\u011fm\u0259n, Tiflis prosesind\u0259n yay\u0131na bilm\u0259y\u0259c\u0259k\u201d Az\u0259rbaycan v\u0259 Erm\u0259nistan aras\u0131nda yeni ild\u0259 y\u00fcks\u0259k s\u0259viyy\u0259li ilk g\u00f6r\u00fc\u015f\u00fcn hans\u0131 paytaxta ba\u015f tutaca\u011f\u0131 h\u0259l\u0259 ki nam\u0259lumdur. R\u0259smi Bak\u0131dan \u00f6tr\u00fc \u0259slind\u0259 m\u0259kan \u00f6n\u0259m k\u0259sb etmir. Az\u0259rbaycan t\u0259r\u0259fi \u00fc\u00e7\u00fcn \u0259n m\u00fch\u00fcm\u00fc s\u00fclh dan\u0131\u015f\u0131qlar\u0131n&hellip;","_links":{"self":[{"href":"https:\/\/arantv.az\/index.php?rest_route=\/wp\/v2\/posts\/557820"}],"collection":[{"href":"https:\/\/arantv.az\/index.php?rest_route=\/wp\/v2\/posts"}],"about":[{"href":"https:\/\/arantv.az\/index.php?rest_route=\/wp\/v2\/types\/post"}],"author":[{"embeddable":true,"href":"https:\/\/arantv.az\/index.php?rest_route=\/wp\/v2\/users\/2"}],"replies":[{"embeddable":true,"href":"https:\/\/arantv.az\/index.php?rest_route=%2Fwp%2Fv2%2Fcomments&post=557820"}],"version-history":[{"count":0,"href":"https:\/\/arantv.az\/index.php?rest_route=\/wp\/v2\/posts\/557820\/revisions"}],"wp:featuredmedia":[{"embeddable":true,"href":"https:\/\/arantv.az\/index.php?rest_route=\/wp\/v2\/media\/557821"}],"wp:attachment":[{"href":"https:\/\/arantv.az\/index.php?rest_route=%2Fwp%2Fv2%2Fmedia&parent=557820"}],"wp:term":[{"taxonomy":"category","embeddable":true,"href":"https:\/\/arantv.az\/index.php?rest_route=%2Fwp%2Fv2%2Fcategories&post=557820"},{"taxonomy":"post_tag","embeddable":true,"href":"https:\/\/arantv.az\/index.php?rest_route=%2Fwp%2Fv2%2Ftags&post=557820"}],"curies":[{"name":"wp","href":"https:\/\/api.w.org\/{rel}","templated":true}]}}