{"id":557963,"date":"2023-01-25T18:23:09","date_gmt":"2023-01-25T15:23:09","guid":{"rendered":"https:\/\/arantv.az\/?p=557963"},"modified":"2023-01-25T18:23:09","modified_gmt":"2023-01-25T15:23:09","slug":"umummilli-lider-heyd%c9%99r-%c9%99liyevin-100-illiyi-il%c9%99-bagli-%c9%99fv-s%c9%99r%c9%99ncami-imzalanacaq","status":"publish","type":"post","link":"https:\/\/arantv.az\/?p=557963","title":{"rendered":"\u00dcmummilli lider Heyd\u0259r \u018fliyevin 100 illiyi il\u0259 ba\u011fl\u0131 \u0259fv s\u0259r\u0259ncam\u0131 imzalanacaq"},"content":{"rendered":"<p>\u00dcmummilli lider Heyd\u0259r \u018fliyevin anadan olmas\u0131n\u0131n 100 illiyi il\u0259 ba\u011fl\u0131 \u0259fv s\u0259r\u0259ncam\u0131 imzalanacaq.<\/p>\n<div class=\"AdviadNativeVideo\"><\/div>\n<p>\u201cReport\u201d\u00a0x\u0259b\u0259r verir ki, bunu Milli M\u0259clisin \u0130nsan h\u00fcquqlar\u0131 komit\u0259sinin s\u0259dri Zahid Oruc deyib.<\/p>\n<p>Komit\u0259 s\u0259dri bildirib ki, art\u0131q \u018ffv Komissiyas\u0131n\u0131n \u00fc\u00e7 iclas\u0131 ke\u00e7irilib:<\/p>\n<p>\u201c360-dan \u00e7ox s\u0259n\u0259d\u0259 bax\u0131l\u0131b. D\u00fc\u015f\u00fcn\u00fcr\u0259m ki, iclaslar may ay\u0131na kimi davam ed\u0259c\u0259k\u201d.<\/p>\n","protected":false},"excerpt":{"rendered":"<p>\u00dcmummilli lider Heyd\u0259r \u018fliyevin anadan olmas\u0131n\u0131n 100 illiyi il\u0259 ba\u011fl\u0131 \u0259fv s\u0259r\u0259ncam\u0131 imzalanacaq. \u201cReport\u201d\u00a0x\u0259b\u0259r verir ki, bunu Milli M\u0259clisin \u0130nsan h\u00fcquqlar\u0131 komit\u0259sinin s\u0259dri Zahid Oruc deyib. Komit\u0259 s\u0259dri bildirib ki, art\u0131q \u018ffv Komissiyas\u0131n\u0131n \u00fc\u00e7 iclas\u0131 ke\u00e7irilib: \u201c360-dan \u00e7ox s\u0259n\u0259d\u0259 bax\u0131l\u0131b. D\u00fc\u015f\u00fcn\u00fcr\u0259m ki, iclaslar may ay\u0131na kimi davam ed\u0259c\u0259k\u201d.<\/p>\n","protected":false},"author":2,"featured_media":557964,"comment_status":"closed","ping_status":"closed","sticky":false,"template":"","format":"standard","meta":{"om_disable_all_campaigns":false,"_monsterinsights_skip_tracking":false,"_monsterinsights_sitenote_active":false,"_monsterinsights_sitenote_note":"","_monsterinsights_sitenote_category":0},"categories":[4],"tags":[],"aioseo_notices":[],"gutentor_comment":0,"rttpg_featured_image_url":{"full":["https:\/\/arantv.az\/wp-content\/uploads\/2023\/01\/E_fvv.jpg",620,413,false],"landscape":["https:\/\/arantv.az\/wp-content\/uploads\/2023\/01\/E_fvv.jpg",620,413,false],"portraits":["https:\/\/arantv.az\/wp-content\/uploads\/2023\/01\/E_fvv.jpg",620,413,false],"thumbnail":["https:\/\/arantv.az\/wp-content\/uploads\/2023\/01\/E_fvv-500x280.jpg",500,280,true],"medium":["https:\/\/arantv.az\/wp-content\/uploads\/2023\/01\/E_fvv-548x365.jpg",548,365,true],"large":["https:\/\/arantv.az\/wp-content\/uploads\/2023\/01\/E_fvv.jpg",620,413,false],"1536x1536":["https:\/\/arantv.az\/wp-content\/uploads\/2023\/01\/E_fvv.jpg",620,413,false],"2048x2048":["https:\/\/arantv.az\/wp-content\/uploads\/2023\/01\/E_fvv.jpg",620,413,false],"post-thumbnail":["https:\/\/arantv.az\/wp-content\/uploads\/2023\/01\/E_fvv-240x172.jpg",240,172,true],"advps-thumb-one":["https:\/\/arantv.az\/wp-content\/uploads\/2023\/01\/E_fvv.jpg",620,413,false]},"rttpg_author":{"display_name":"V\u00fcsal Rafiqo\u011flu","author_link":"https:\/\/arantv.az\/?author=2"},"rttpg_comment":0,"rttpg_category":"<a href=\"https:\/\/arantv.az\/?cat=4\" rel=\"category\">Siyas\u0259t<\/a>","rttpg_excerpt":"\u00dcmummilli lider Heyd\u0259r \u018fliyevin anadan olmas\u0131n\u0131n 100 illiyi il\u0259 ba\u011fl\u0131 \u0259fv s\u0259r\u0259ncam\u0131 imzalanacaq. \u201cReport\u201d\u00a0x\u0259b\u0259r verir ki, bunu Milli M\u0259clisin \u0130nsan h\u00fcquqlar\u0131 komit\u0259sinin s\u0259dri Zahid Oruc deyib. Komit\u0259 s\u0259dri bildirib ki, art\u0131q \u018ffv Komissiyas\u0131n\u0131n \u00fc\u00e7 iclas\u0131 ke\u00e7irilib: \u201c360-dan \u00e7ox s\u0259n\u0259d\u0259 bax\u0131l\u0131b. D\u00fc\u015f\u00fcn\u00fcr\u0259m ki, iclaslar may ay\u0131na kimi davam ed\u0259c\u0259k\u201d.","_links":{"self":[{"href":"https:\/\/arantv.az\/index.php?rest_route=\/wp\/v2\/posts\/557963"}],"collection":[{"href":"https:\/\/arantv.az\/index.php?rest_route=\/wp\/v2\/posts"}],"about":[{"href":"https:\/\/arantv.az\/index.php?rest_route=\/wp\/v2\/types\/post"}],"author":[{"embeddable":true,"href":"https:\/\/arantv.az\/index.php?rest_route=\/wp\/v2\/users\/2"}],"replies":[{"embeddable":true,"href":"https:\/\/arantv.az\/index.php?rest_route=%2Fwp%2Fv2%2Fcomments&post=557963"}],"version-history":[{"count":0,"href":"https:\/\/arantv.az\/index.php?rest_route=\/wp\/v2\/posts\/557963\/revisions"}],"wp:featuredmedia":[{"embeddable":true,"href":"https:\/\/arantv.az\/index.php?rest_route=\/wp\/v2\/media\/557964"}],"wp:attachment":[{"href":"https:\/\/arantv.az\/index.php?rest_route=%2Fwp%2Fv2%2Fmedia&parent=557963"}],"wp:term":[{"taxonomy":"category","embeddable":true,"href":"https:\/\/arantv.az\/index.php?rest_route=%2Fwp%2Fv2%2Fcategories&post=557963"},{"taxonomy":"post_tag","embeddable":true,"href":"https:\/\/arantv.az\/index.php?rest_route=%2Fwp%2Fv2%2Ftags&post=557963"}],"curies":[{"name":"wp","href":"https:\/\/api.w.org\/{rel}","templated":true}]}}