{"id":557971,"date":"2023-01-25T18:39:26","date_gmt":"2023-01-25T15:39:26","guid":{"rendered":"https:\/\/arantv.az\/?p=557971"},"modified":"2023-01-25T18:39:26","modified_gmt":"2023-01-25T15:39:26","slug":"ceyhun-bayramov-i%c9%99t-in-bas-katibi-il%c9%99-telefonla-danisib","status":"publish","type":"post","link":"https:\/\/arantv.az\/?p=557971","title":{"rendered":"Ceyhun Bayramov \u0130\u018fT-in Ba\u015f katibi il\u0259 telefonla dan\u0131\u015f\u0131b"},"content":{"rendered":"<p>Az\u0259rbaycan\u0131n xarici i\u015fl\u0259r naziri Ceyhun Bayramovun \u0130slam \u018fm\u0259kda\u015fl\u0131q T\u0259\u015fkilat\u0131n\u0131n (\u0130\u018fT) Ba\u015f katibi Hissein Brahim Taha il\u0259 telefon dan\u0131\u015f\u0131\u011f\u0131 ba\u015f tutub.<\/p>\n<p>Bu bar\u0259d\u0259\u00a0Oxu.Az<strong>&#8211;<\/strong>a Xarici \u0130\u015fl\u0259r Nazirliyind\u0259n m\u0259lumat verilib.<\/p>\n<div class=\"AdviadNativeVideo\"><\/div>\n<p>Bildirilib ki, telefon dan\u0131\u015f\u0131\u011f\u0131 zaman\u0131 Az\u0259rbaycan v\u0259 \u0130\u018fT aras\u0131nda m\u00f6vcud \u0259m\u0259kda\u015fl\u0131q, t\u0259\u015fkilat\u0131n g\u00fcnd\u0259liyind\u0259 duran aktual m\u0259s\u0259l\u0259l\u0259r v\u0259 g\u0259l\u0259c\u0259k planlar m\u00fczakir\u0259 m\u00f6vzusu olub.<\/p>\n<p>C.Bayramov Az\u0259rbaycan il\u0259 \u0130\u018fT aras\u0131nda m\u00fcxt\u0259lif sah\u0259l\u0259rd\u0259, o c\u00fcml\u0259d\u0259n siyasi, iqtisadi, m\u0259d\u0259ni, t\u0259hsil v\u0259 s. istiqam\u0259tl\u0259rd\u0259 faydal\u0131 v\u0259 s\u0259m\u0259r\u0259li \u0259m\u0259kda\u015fl\u0131\u011f\u0131n m\u00f6vcud oldu\u011funu vur\u011fulay\u0131b. Ba\u015f katibin \u00f6lk\u0259miz\u0259 s\u0259f\u0259ri zaman\u0131 v\u0259 BMT Ba\u015f Assambleyas\u0131 \u00e7\u0259r\u00e7iv\u0259sind\u0259 ke\u00e7irilmi\u015f g\u00f6r\u00fc\u015fl\u0259rd\u0259 apar\u0131lm\u0131\u015f m\u00fczakir\u0259l\u0259r m\u0259mnuniyy\u0259tl\u0259 xat\u0131rlan\u0131b.<\/p>\n<p>T\u0259r\u0259fl\u0259r \u00f6t\u0259n il \u0259rzind\u0259 ke\u00e7iril\u0259n birg\u0259 t\u0259dbirl\u0259rin u\u011furlu t\u0259\u015fkilin\u0259 istinad ed\u0259r\u0259k, 2023-c\u00fc ild\u0259 d\u0259 ke\u00e7irilm\u0259si n\u0259z\u0259rd\u0259 tutulan t\u0259dbirl\u0259r, o c\u00fcml\u0259d\u0259n cari ilin mart ay\u0131nda Mavritaniyada ba\u015f tutacaq \u0130\u018fT Xarici \u0130\u015fl\u0259r Nazirl\u0259ri \u015euras\u0131n\u0131n 49-cu Zirv\u0259 toplant\u0131s\u0131na haz\u0131rl\u0131q i\u015fl\u0259ri bar\u0259d\u0259 fikir m\u00fcbadil\u0259si apar\u0131blar.<\/p>\n<p>Beyn\u0259lxalq s\u00fclh v\u0259 t\u0259hl\u00fck\u0259sizliy\u0259, o c\u00fcml\u0259d\u0259n m\u0259d\u0259niyy\u0259tl\u0259raras\u0131, dinl\u0259raras\u0131 dialoqa t\u0259hdid t\u00f6r\u0259d\u0259n \u0130slamafobiya v\u0259 terror\u00e7uluq meyll\u0259ri, yoxsulluq il\u0259 m\u00fcbariz\u0259d\u0259 \u0130\u018fT \u00fczv d\u00f6vl\u0259tl\u0259rinin h\u0259mr\u0259yliyinin, habel\u0259 birg\u0259 s\u0259yl\u0259rinin \u0259h\u0259miyy\u0259ti vur\u011fulan\u0131b.<\/p>\n<p>Telefon dan\u0131\u015f\u0131\u011f\u0131 zaman\u0131 dig\u0259r regional m\u0259s\u0259l\u0259l\u0259r \u0259traf\u0131nda fikir m\u00fcbadil\u0259si apar\u0131l\u0131b.<\/p>\n","protected":false},"excerpt":{"rendered":"<p>Az\u0259rbaycan\u0131n xarici i\u015fl\u0259r naziri Ceyhun Bayramovun \u0130slam \u018fm\u0259kda\u015fl\u0131q T\u0259\u015fkilat\u0131n\u0131n (\u0130\u018fT) Ba\u015f katibi Hissein Brahim Taha il\u0259 telefon dan\u0131\u015f\u0131\u011f\u0131 ba\u015f tutub. Bu bar\u0259d\u0259\u00a0Oxu.Az&#8211;a Xarici \u0130\u015fl\u0259r Nazirliyind\u0259n m\u0259lumat verilib. Bildirilib ki, telefon dan\u0131\u015f\u0131\u011f\u0131 zaman\u0131 Az\u0259rbaycan v\u0259 \u0130\u018fT aras\u0131nda m\u00f6vcud \u0259m\u0259kda\u015fl\u0131q, t\u0259\u015fkilat\u0131n g\u00fcnd\u0259liyind\u0259 duran aktual m\u0259s\u0259l\u0259l\u0259r v\u0259 g\u0259l\u0259c\u0259k planlar m\u00fczakir\u0259 m\u00f6vzusu olub. C.Bayramov Az\u0259rbaycan il\u0259 \u0130\u018fT aras\u0131nda m\u00fcxt\u0259lif sah\u0259l\u0259rd\u0259, o c\u00fcml\u0259d\u0259n siyasi, iqtisadi, m\u0259d\u0259ni, t\u0259hsil v\u0259 s. istiqam\u0259tl\u0259rd\u0259 faydal\u0131 v\u0259 s\u0259m\u0259r\u0259li \u0259m\u0259kda\u015fl\u0131\u011f\u0131n m\u00f6vcud oldu\u011funu vur\u011fulay\u0131b. Ba\u015f katibin \u00f6lk\u0259miz\u0259 s\u0259f\u0259ri zaman\u0131 v\u0259 BMT Ba\u015f Assambleyas\u0131 \u00e7\u0259r\u00e7iv\u0259sind\u0259 ke\u00e7irilmi\u015f g\u00f6r\u00fc\u015fl\u0259rd\u0259 apar\u0131lm\u0131\u015f m\u00fczakir\u0259l\u0259r m\u0259mnuniyy\u0259tl\u0259 xat\u0131rlan\u0131b. T\u0259r\u0259fl\u0259r \u00f6t\u0259n&hellip;<\/p>\n","protected":false},"author":2,"featured_media":557972,"comment_status":"closed","ping_status":"closed","sticky":false,"template":"","format":"standard","meta":{"om_disable_all_campaigns":false,"_monsterinsights_skip_tracking":false,"_monsterinsights_sitenote_active":false,"_monsterinsights_sitenote_note":"","_monsterinsights_sitenote_category":0},"categories":[4],"tags":[],"aioseo_notices":[],"gutentor_comment":0,"rttpg_featured_image_url":{"full":["https:\/\/arantv.az\/wp-content\/uploads\/2023\/01\/74891d9c-e8d3-37cd-9e0b-90d1e8f98adb_850.jpg",620,413,false],"landscape":["https:\/\/arantv.az\/wp-content\/uploads\/2023\/01\/74891d9c-e8d3-37cd-9e0b-90d1e8f98adb_850.jpg",620,413,false],"portraits":["https:\/\/arantv.az\/wp-content\/uploads\/2023\/01\/74891d9c-e8d3-37cd-9e0b-90d1e8f98adb_850.jpg",620,413,false],"thumbnail":["https:\/\/arantv.az\/wp-content\/uploads\/2023\/01\/74891d9c-e8d3-37cd-9e0b-90d1e8f98adb_850-500x280.jpg",500,280,true],"medium":["https:\/\/arantv.az\/wp-content\/uploads\/2023\/01\/74891d9c-e8d3-37cd-9e0b-90d1e8f98adb_850-548x365.jpg",548,365,true],"large":["https:\/\/arantv.az\/wp-content\/uploads\/2023\/01\/74891d9c-e8d3-37cd-9e0b-90d1e8f98adb_850.jpg",620,413,false],"1536x1536":["https:\/\/arantv.az\/wp-content\/uploads\/2023\/01\/74891d9c-e8d3-37cd-9e0b-90d1e8f98adb_850.jpg",620,413,false],"2048x2048":["https:\/\/arantv.az\/wp-content\/uploads\/2023\/01\/74891d9c-e8d3-37cd-9e0b-90d1e8f98adb_850.jpg",620,413,false],"post-thumbnail":["https:\/\/arantv.az\/wp-content\/uploads\/2023\/01\/74891d9c-e8d3-37cd-9e0b-90d1e8f98adb_850-240x172.jpg",240,172,true],"advps-thumb-one":["https:\/\/arantv.az\/wp-content\/uploads\/2023\/01\/74891d9c-e8d3-37cd-9e0b-90d1e8f98adb_850.jpg",620,413,false]},"rttpg_author":{"display_name":"V\u00fcsal Rafiqo\u011flu","author_link":"https:\/\/arantv.az\/?author=2"},"rttpg_comment":0,"rttpg_category":"<a href=\"https:\/\/arantv.az\/?cat=4\" rel=\"category\">Siyas\u0259t<\/a>","rttpg_excerpt":"Az\u0259rbaycan\u0131n xarici i\u015fl\u0259r naziri Ceyhun Bayramovun \u0130slam \u018fm\u0259kda\u015fl\u0131q T\u0259\u015fkilat\u0131n\u0131n (\u0130\u018fT) Ba\u015f katibi Hissein Brahim Taha il\u0259 telefon dan\u0131\u015f\u0131\u011f\u0131 ba\u015f tutub. Bu bar\u0259d\u0259\u00a0Oxu.Az&#8211;a Xarici \u0130\u015fl\u0259r Nazirliyind\u0259n m\u0259lumat verilib. Bildirilib ki, telefon dan\u0131\u015f\u0131\u011f\u0131 zaman\u0131 Az\u0259rbaycan v\u0259 \u0130\u018fT aras\u0131nda m\u00f6vcud \u0259m\u0259kda\u015fl\u0131q, t\u0259\u015fkilat\u0131n g\u00fcnd\u0259liyind\u0259 duran aktual m\u0259s\u0259l\u0259l\u0259r v\u0259 g\u0259l\u0259c\u0259k planlar m\u00fczakir\u0259 m\u00f6vzusu olub. C.Bayramov Az\u0259rbaycan il\u0259 \u0130\u018fT aras\u0131nda m\u00fcxt\u0259lif&hellip;","_links":{"self":[{"href":"https:\/\/arantv.az\/index.php?rest_route=\/wp\/v2\/posts\/557971"}],"collection":[{"href":"https:\/\/arantv.az\/index.php?rest_route=\/wp\/v2\/posts"}],"about":[{"href":"https:\/\/arantv.az\/index.php?rest_route=\/wp\/v2\/types\/post"}],"author":[{"embeddable":true,"href":"https:\/\/arantv.az\/index.php?rest_route=\/wp\/v2\/users\/2"}],"replies":[{"embeddable":true,"href":"https:\/\/arantv.az\/index.php?rest_route=%2Fwp%2Fv2%2Fcomments&post=557971"}],"version-history":[{"count":0,"href":"https:\/\/arantv.az\/index.php?rest_route=\/wp\/v2\/posts\/557971\/revisions"}],"wp:featuredmedia":[{"embeddable":true,"href":"https:\/\/arantv.az\/index.php?rest_route=\/wp\/v2\/media\/557972"}],"wp:attachment":[{"href":"https:\/\/arantv.az\/index.php?rest_route=%2Fwp%2Fv2%2Fmedia&parent=557971"}],"wp:term":[{"taxonomy":"category","embeddable":true,"href":"https:\/\/arantv.az\/index.php?rest_route=%2Fwp%2Fv2%2Fcategories&post=557971"},{"taxonomy":"post_tag","embeddable":true,"href":"https:\/\/arantv.az\/index.php?rest_route=%2Fwp%2Fv2%2Ftags&post=557971"}],"curies":[{"name":"wp","href":"https:\/\/api.w.org\/{rel}","templated":true}]}}