{"id":557982,"date":"2023-01-25T18:46:30","date_gmt":"2023-01-25T15:46:30","guid":{"rendered":"https:\/\/arantv.az\/?p=557982"},"modified":"2023-01-25T18:46:30","modified_gmt":"2023-01-25T15:46:30","slug":"rusiyanin-dovl%c9%99t-kanalinda-az%c9%99rbaycana-qarsi-t%c9%99xribat-video","status":"publish","type":"post","link":"https:\/\/arantv.az\/?p=557982","title":{"rendered":"Rusiyan\u0131n d\u00f6vl\u0259t kanal\u0131nda Az\u0259rbaycana qar\u015f\u0131 t\u0259xribat &#8211; V\u0130DEO"},"content":{"rendered":"<p>Rusiyan\u0131n \u201cRossiya 1\u201d telekanal\u0131nda\u00a0yay\u0131mlanan \u201cKto protiv\u201d siyasi tok-\u015fousunda Az\u0259rbaycana qar\u015f\u0131 t\u0259xribat xarakterli fikirl\u0259r s\u0259sl\u0259ndirilib.<\/p>\n<p>Bel\u0259 ki, canl\u0131 yay\u0131mda \u00e7\u0131x\u0131\u015f ed\u0259n erm\u0259ni \u0259silli ekspert Araik Stepanyan iddia edib ki, guya Az\u0259rbaycan\u0131n Birinci v\u0259 \u0130kinci Qaraba\u011f m\u00fcharib\u0259l\u0259rind\u0259 \u00f6lk\u0259d\u0259 ya\u015fayan azsayl\u0131 xalqlar\u0131n n\u00fcmay\u0259nd\u0259l\u0259rini q\u0259sd\u0259n \u00f6n c\u0259bh\u0259y\u0259 g\u00f6nd\u0259rib v\u0259 bununla da onlardan xilas olma\u011fa \u00e7al\u0131\u015f\u0131b.<\/p>\n<div class=\"AdviadNativeVideo\"><\/div>\n<p>Qeyd ed\u0259k ki, h\u0259min g\u00fcn yay\u0131mlanan \u201cKto protiv\u201d tok-\u015fousunda m\u00fczakir\u0259 edil\u0259n m\u00f6vzu T\u00fcrkiy\u0259-NATO m\u00fcnasib\u0259tl\u0259ri v\u0259 Ukraynadak\u0131 m\u00fcharib\u0259 olub.<\/p>\n<p>Lakin Araik Stepanyan ona ayr\u0131lan canl\u0131 efir imkan\u0131ndan Az\u0259rbaycan \u0259leyhin\u0259 fikirl\u0259r s\u0259sl\u0259ndirm\u0259k \u00fc\u00e7\u00fcn istifad\u0259 edib.<\/p>\n<p>M\u0259lumat \u00fc\u00e7\u00fcn \u0259lav\u0259 ed\u0259k ki, Araik Stepanyan 1968-ci ild\u0259 \u0130r\u0259vanda do\u011fulub. O, Birinci Qaraba\u011f m\u00fcharib\u0259sin\u0259 qat\u0131laraq Az\u0259rbaycan torpaqlar\u0131n\u0131n i\u015f\u011fal\u0131nda i\u015ftirak edib. M\u00fcharib\u0259d\u0259n sonra is\u0259 Rusiya k\u00f6\u00e7\u0259r\u0259k orada ali t\u0259hsil al\u0131b. Araik Stepanyan tez-tez Rusiyan\u0131n federal kanallar\u0131nda yay\u0131mlanan siyasi verili\u015fl\u0259r\u0259 qonaq qismind\u0259 d\u0259v\u0259t al\u0131r.<\/p>\n<div><iframe loading=\"lazy\" id=\"telegram-post-oxuaze-38931\" src=\"https:\/\/t.me\/oxuaze\/38931?embed=1\" width=\"100%\" height=\"\" frameborder=\"0\" scrolling=\"no\" data-mce-fragment=\"1\"><\/iframe><\/div>\n<p>&nbsp;<\/p>\n","protected":false},"excerpt":{"rendered":"<p>Rusiyan\u0131n \u201cRossiya 1\u201d telekanal\u0131nda\u00a0yay\u0131mlanan \u201cKto protiv\u201d siyasi tok-\u015fousunda Az\u0259rbaycana qar\u015f\u0131 t\u0259xribat xarakterli fikirl\u0259r s\u0259sl\u0259ndirilib. Bel\u0259 ki, canl\u0131 yay\u0131mda \u00e7\u0131x\u0131\u015f ed\u0259n erm\u0259ni \u0259silli ekspert Araik Stepanyan iddia edib ki, guya Az\u0259rbaycan\u0131n Birinci v\u0259 \u0130kinci Qaraba\u011f m\u00fcharib\u0259l\u0259rind\u0259 \u00f6lk\u0259d\u0259 ya\u015fayan azsayl\u0131 xalqlar\u0131n n\u00fcmay\u0259nd\u0259l\u0259rini q\u0259sd\u0259n \u00f6n c\u0259bh\u0259y\u0259 g\u00f6nd\u0259rib v\u0259 bununla da onlardan xilas olma\u011fa \u00e7al\u0131\u015f\u0131b. Qeyd ed\u0259k ki, h\u0259min g\u00fcn yay\u0131mlanan \u201cKto protiv\u201d tok-\u015fousunda m\u00fczakir\u0259 edil\u0259n m\u00f6vzu T\u00fcrkiy\u0259-NATO m\u00fcnasib\u0259tl\u0259ri v\u0259 Ukraynadak\u0131 m\u00fcharib\u0259 olub. Lakin Araik Stepanyan ona ayr\u0131lan canl\u0131 efir imkan\u0131ndan Az\u0259rbaycan \u0259leyhin\u0259 fikirl\u0259r s\u0259sl\u0259ndirm\u0259k \u00fc\u00e7\u00fcn istifad\u0259 edib. M\u0259lumat \u00fc\u00e7\u00fcn \u0259lav\u0259 ed\u0259k ki, Araik&hellip;<\/p>\n","protected":false},"author":2,"featured_media":557983,"comment_status":"closed","ping_status":"closed","sticky":false,"template":"","format":"standard","meta":{"om_disable_all_campaigns":false,"_monsterinsights_skip_tracking":false,"_monsterinsights_sitenote_active":false,"_monsterinsights_sitenote_note":"","_monsterinsights_sitenote_category":0},"categories":[4],"tags":[],"aioseo_notices":[],"gutentor_comment":0,"rttpg_featured_image_url":{"full":["https:\/\/arantv.az\/wp-content\/uploads\/2023\/01\/FotoJet-2023-01-25T143211.906.jpg",620,413,false],"landscape":["https:\/\/arantv.az\/wp-content\/uploads\/2023\/01\/FotoJet-2023-01-25T143211.906.jpg",620,413,false],"portraits":["https:\/\/arantv.az\/wp-content\/uploads\/2023\/01\/FotoJet-2023-01-25T143211.906.jpg",620,413,false],"thumbnail":["https:\/\/arantv.az\/wp-content\/uploads\/2023\/01\/FotoJet-2023-01-25T143211.906-500x280.jpg",500,280,true],"medium":["https:\/\/arantv.az\/wp-content\/uploads\/2023\/01\/FotoJet-2023-01-25T143211.906-548x365.jpg",548,365,true],"large":["https:\/\/arantv.az\/wp-content\/uploads\/2023\/01\/FotoJet-2023-01-25T143211.906.jpg",620,413,false],"1536x1536":["https:\/\/arantv.az\/wp-content\/uploads\/2023\/01\/FotoJet-2023-01-25T143211.906.jpg",620,413,false],"2048x2048":["https:\/\/arantv.az\/wp-content\/uploads\/2023\/01\/FotoJet-2023-01-25T143211.906.jpg",620,413,false],"post-thumbnail":["https:\/\/arantv.az\/wp-content\/uploads\/2023\/01\/FotoJet-2023-01-25T143211.906-240x172.jpg",240,172,true],"advps-thumb-one":["https:\/\/arantv.az\/wp-content\/uploads\/2023\/01\/FotoJet-2023-01-25T143211.906.jpg",620,413,false]},"rttpg_author":{"display_name":"V\u00fcsal Rafiqo\u011flu","author_link":"https:\/\/arantv.az\/?author=2"},"rttpg_comment":0,"rttpg_category":"<a href=\"https:\/\/arantv.az\/?cat=4\" rel=\"category\">Siyas\u0259t<\/a>","rttpg_excerpt":"Rusiyan\u0131n \u201cRossiya 1\u201d telekanal\u0131nda\u00a0yay\u0131mlanan \u201cKto protiv\u201d siyasi tok-\u015fousunda Az\u0259rbaycana qar\u015f\u0131 t\u0259xribat xarakterli fikirl\u0259r s\u0259sl\u0259ndirilib. Bel\u0259 ki, canl\u0131 yay\u0131mda \u00e7\u0131x\u0131\u015f ed\u0259n erm\u0259ni \u0259silli ekspert Araik Stepanyan iddia edib ki, guya Az\u0259rbaycan\u0131n Birinci v\u0259 \u0130kinci Qaraba\u011f m\u00fcharib\u0259l\u0259rind\u0259 \u00f6lk\u0259d\u0259 ya\u015fayan azsayl\u0131 xalqlar\u0131n n\u00fcmay\u0259nd\u0259l\u0259rini q\u0259sd\u0259n \u00f6n c\u0259bh\u0259y\u0259 g\u00f6nd\u0259rib v\u0259 bununla da onlardan xilas olma\u011fa \u00e7al\u0131\u015f\u0131b. Qeyd ed\u0259k ki, h\u0259min&hellip;","_links":{"self":[{"href":"https:\/\/arantv.az\/index.php?rest_route=\/wp\/v2\/posts\/557982"}],"collection":[{"href":"https:\/\/arantv.az\/index.php?rest_route=\/wp\/v2\/posts"}],"about":[{"href":"https:\/\/arantv.az\/index.php?rest_route=\/wp\/v2\/types\/post"}],"author":[{"embeddable":true,"href":"https:\/\/arantv.az\/index.php?rest_route=\/wp\/v2\/users\/2"}],"replies":[{"embeddable":true,"href":"https:\/\/arantv.az\/index.php?rest_route=%2Fwp%2Fv2%2Fcomments&post=557982"}],"version-history":[{"count":0,"href":"https:\/\/arantv.az\/index.php?rest_route=\/wp\/v2\/posts\/557982\/revisions"}],"wp:featuredmedia":[{"embeddable":true,"href":"https:\/\/arantv.az\/index.php?rest_route=\/wp\/v2\/media\/557983"}],"wp:attachment":[{"href":"https:\/\/arantv.az\/index.php?rest_route=%2Fwp%2Fv2%2Fmedia&parent=557982"}],"wp:term":[{"taxonomy":"category","embeddable":true,"href":"https:\/\/arantv.az\/index.php?rest_route=%2Fwp%2Fv2%2Fcategories&post=557982"},{"taxonomy":"post_tag","embeddable":true,"href":"https:\/\/arantv.az\/index.php?rest_route=%2Fwp%2Fv2%2Ftags&post=557982"}],"curies":[{"name":"wp","href":"https:\/\/api.w.org\/{rel}","templated":true}]}}