{"id":557985,"date":"2023-01-25T19:37:26","date_gmt":"2023-01-25T16:37:26","guid":{"rendered":"https:\/\/arantv.az\/?p=557985"},"modified":"2023-01-25T19:37:26","modified_gmt":"2023-01-25T16:37:26","slug":"baki-v%c9%99-asqabad-arasinda-x%c9%99z%c9%99r-d%c9%99nizi-il%c9%99-bagli-iclas-kecirildi","status":"publish","type":"post","link":"https:\/\/arantv.az\/?p=557985","title":{"rendered":"Bak\u0131 v\u0259 A\u015fqabad aras\u0131nda X\u0259z\u0259r d\u0259nizi il\u0259 ba\u011fl\u0131 iclas ke\u00e7irildi"},"content":{"rendered":"<p>Yanvar\u0131n 24-25-d\u0259 A\u015fqabadda Az\u0259rbaycan v\u0259 T\u00fcrkm\u0259nistan aras\u0131nda X\u0259z\u0259r d\u0259nizinin dibinin b\u00f6l\u00fcnm\u0259si m\u0259s\u0259l\u0259l\u0259ri \u00fczr\u0259 Birg\u0259 \u0130\u015f\u00e7i Qrupun n\u00f6vb\u0259ti iclas\u0131 ke\u00e7irilib.<\/p>\n<div class=\"AdviadNativeVideo\"><\/div>\n<p><strong>ARANTV.AZ <\/strong>x\u0259b\u0259r verir ki, bu bar\u0259d\u0259 Az\u0259rbaycan Xarici \u0130\u015fl\u0259r Nazirliyind\u0259n bildirilib.<\/p>\n<p>Qeyd olunub ki, Az\u0259rbaycan n\u00fcmay\u0259nd\u0259 hey\u0259tin\u0259 xarici i\u015fl\u0259r nazirinin m\u00fcavini, Prezidentin s\u0259rh\u0259d v\u0259 X\u0259z\u0259r d\u0259nizi m\u0259s\u0259l\u0259l\u0259ri \u00fczr\u0259 x\u00fcsusi n\u00fcmay\u0259nd\u0259si X\u0259l\u0259f X\u0259l\u0259fov, T\u00fcrkm\u0259nistan n\u00fcmay\u0259nd\u0259 hey\u0259tin\u0259 is\u0259 X\u0259z\u0259r d\u0259nizi \u0130nstitutunun direktoru, X\u0259z\u0259r d\u0259nizi m\u0259s\u0259l\u0259l\u0259ri \u00fczr\u0259 T\u00fcrkm\u0259nistan\u0131n x\u00fcsusi n\u00fcmay\u0259nd\u0259si Murad Atacanov r\u0259hb\u0259rlik edib.<\/p>\n<p>\u0130clasda Az\u0259rbaycan v\u0259 T\u00fcrkm\u0259nistan\u0131n aidiyy\u0259ti nazirlikl\u0259rinin v\u0259 ixtisasla\u015fm\u0131\u015f qurumlar\u0131n\u0131n n\u00fcmay\u0259nd\u0259l\u0259ri i\u015ftirak edibl\u0259r.<\/p>\n<p>\u0130clasda Az\u0259rbaycan v\u0259 T\u00fcrkm\u0259nistan aras\u0131nda X\u0259z\u0259r d\u0259nizinin dibinin b\u00f6l\u00fcnm\u0259si haqq\u0131nda Sazi\u015f layih\u0259sinin m\u00fcdd\u0259alar\u0131n\u0131n m\u00fczakir\u0259si davam edib.<\/p>\n","protected":false},"excerpt":{"rendered":"<p>Yanvar\u0131n 24-25-d\u0259 A\u015fqabadda Az\u0259rbaycan v\u0259 T\u00fcrkm\u0259nistan aras\u0131nda X\u0259z\u0259r d\u0259nizinin dibinin b\u00f6l\u00fcnm\u0259si m\u0259s\u0259l\u0259l\u0259ri \u00fczr\u0259 Birg\u0259 \u0130\u015f\u00e7i Qrupun n\u00f6vb\u0259ti iclas\u0131 ke\u00e7irilib. ARANTV.AZ x\u0259b\u0259r verir ki, bu bar\u0259d\u0259 Az\u0259rbaycan Xarici \u0130\u015fl\u0259r Nazirliyind\u0259n bildirilib. Qeyd olunub ki, Az\u0259rbaycan n\u00fcmay\u0259nd\u0259 hey\u0259tin\u0259 xarici i\u015fl\u0259r nazirinin m\u00fcavini, Prezidentin s\u0259rh\u0259d v\u0259 X\u0259z\u0259r d\u0259nizi m\u0259s\u0259l\u0259l\u0259ri \u00fczr\u0259 x\u00fcsusi n\u00fcmay\u0259nd\u0259si X\u0259l\u0259f X\u0259l\u0259fov, T\u00fcrkm\u0259nistan n\u00fcmay\u0259nd\u0259 hey\u0259tin\u0259 is\u0259 X\u0259z\u0259r d\u0259nizi \u0130nstitutunun direktoru, X\u0259z\u0259r d\u0259nizi m\u0259s\u0259l\u0259l\u0259ri \u00fczr\u0259 T\u00fcrkm\u0259nistan\u0131n x\u00fcsusi n\u00fcmay\u0259nd\u0259si Murad Atacanov r\u0259hb\u0259rlik edib. \u0130clasda Az\u0259rbaycan v\u0259 T\u00fcrkm\u0259nistan\u0131n aidiyy\u0259ti nazirlikl\u0259rinin v\u0259 ixtisasla\u015fm\u0131\u015f qurumlar\u0131n\u0131n n\u00fcmay\u0259nd\u0259l\u0259ri i\u015ftirak edibl\u0259r. \u0130clasda Az\u0259rbaycan v\u0259 T\u00fcrkm\u0259nistan aras\u0131nda X\u0259z\u0259r d\u0259nizinin dibinin&hellip;<\/p>\n","protected":false},"author":2,"featured_media":557829,"comment_status":"closed","ping_status":"closed","sticky":false,"template":"","format":"standard","meta":{"om_disable_all_campaigns":false,"_monsterinsights_skip_tracking":false,"_monsterinsights_sitenote_active":false,"_monsterinsights_sitenote_note":"","_monsterinsights_sitenote_category":0},"categories":[4],"tags":[],"aioseo_notices":[],"gutentor_comment":0,"rttpg_featured_image_url":{"full":["https:\/\/arantv.az\/wp-content\/uploads\/2023\/01\/XIN.jpg",975,540,false],"landscape":["https:\/\/arantv.az\/wp-content\/uploads\/2023\/01\/XIN.jpg",975,540,false],"portraits":["https:\/\/arantv.az\/wp-content\/uploads\/2023\/01\/XIN.jpg",975,540,false],"thumbnail":["https:\/\/arantv.az\/wp-content\/uploads\/2023\/01\/XIN-500x280.jpg",500,280,true],"medium":["https:\/\/arantv.az\/wp-content\/uploads\/2023\/01\/XIN-660x365.jpg",660,365,true],"large":["https:\/\/arantv.az\/wp-content\/uploads\/2023\/01\/XIN-840x465.jpg",640,354,true],"1536x1536":["https:\/\/arantv.az\/wp-content\/uploads\/2023\/01\/XIN.jpg",975,540,false],"2048x2048":["https:\/\/arantv.az\/wp-content\/uploads\/2023\/01\/XIN.jpg",975,540,false],"post-thumbnail":["https:\/\/arantv.az\/wp-content\/uploads\/2023\/01\/XIN-240x172.jpg",240,172,true],"advps-thumb-one":["https:\/\/arantv.az\/wp-content\/uploads\/2023\/01\/XIN.jpg",975,540,false]},"rttpg_author":{"display_name":"V\u00fcsal Rafiqo\u011flu","author_link":"https:\/\/arantv.az\/?author=2"},"rttpg_comment":0,"rttpg_category":"<a href=\"https:\/\/arantv.az\/?cat=4\" rel=\"category\">Siyas\u0259t<\/a>","rttpg_excerpt":"Yanvar\u0131n 24-25-d\u0259 A\u015fqabadda Az\u0259rbaycan v\u0259 T\u00fcrkm\u0259nistan aras\u0131nda X\u0259z\u0259r d\u0259nizinin dibinin b\u00f6l\u00fcnm\u0259si m\u0259s\u0259l\u0259l\u0259ri \u00fczr\u0259 Birg\u0259 \u0130\u015f\u00e7i Qrupun n\u00f6vb\u0259ti iclas\u0131 ke\u00e7irilib. ARANTV.AZ x\u0259b\u0259r verir ki, bu bar\u0259d\u0259 Az\u0259rbaycan Xarici \u0130\u015fl\u0259r Nazirliyind\u0259n bildirilib. Qeyd olunub ki, Az\u0259rbaycan n\u00fcmay\u0259nd\u0259 hey\u0259tin\u0259 xarici i\u015fl\u0259r nazirinin m\u00fcavini, Prezidentin s\u0259rh\u0259d v\u0259 X\u0259z\u0259r d\u0259nizi m\u0259s\u0259l\u0259l\u0259ri \u00fczr\u0259 x\u00fcsusi n\u00fcmay\u0259nd\u0259si X\u0259l\u0259f X\u0259l\u0259fov, T\u00fcrkm\u0259nistan n\u00fcmay\u0259nd\u0259 hey\u0259tin\u0259 is\u0259&hellip;","_links":{"self":[{"href":"https:\/\/arantv.az\/index.php?rest_route=\/wp\/v2\/posts\/557985"}],"collection":[{"href":"https:\/\/arantv.az\/index.php?rest_route=\/wp\/v2\/posts"}],"about":[{"href":"https:\/\/arantv.az\/index.php?rest_route=\/wp\/v2\/types\/post"}],"author":[{"embeddable":true,"href":"https:\/\/arantv.az\/index.php?rest_route=\/wp\/v2\/users\/2"}],"replies":[{"embeddable":true,"href":"https:\/\/arantv.az\/index.php?rest_route=%2Fwp%2Fv2%2Fcomments&post=557985"}],"version-history":[{"count":0,"href":"https:\/\/arantv.az\/index.php?rest_route=\/wp\/v2\/posts\/557985\/revisions"}],"wp:featuredmedia":[{"embeddable":true,"href":"https:\/\/arantv.az\/index.php?rest_route=\/wp\/v2\/media\/557829"}],"wp:attachment":[{"href":"https:\/\/arantv.az\/index.php?rest_route=%2Fwp%2Fv2%2Fmedia&parent=557985"}],"wp:term":[{"taxonomy":"category","embeddable":true,"href":"https:\/\/arantv.az\/index.php?rest_route=%2Fwp%2Fv2%2Fcategories&post=557985"},{"taxonomy":"post_tag","embeddable":true,"href":"https:\/\/arantv.az\/index.php?rest_route=%2Fwp%2Fv2%2Ftags&post=557985"}],"curies":[{"name":"wp","href":"https:\/\/api.w.org\/{rel}","templated":true}]}}