{"id":557989,"date":"2023-01-25T19:42:32","date_gmt":"2023-01-25T16:42:32","guid":{"rendered":"https:\/\/arantv.az\/?p=557989"},"modified":"2023-01-25T19:42:32","modified_gmt":"2023-01-25T16:42:32","slug":"t%c9%99chizatin-artan-dinamikasi","status":"publish","type":"post","link":"https:\/\/arantv.az\/?p=557989","title":{"rendered":"T\u0259chizat\u0131n artan dinamikas\u0131"},"content":{"rendered":"<p>Davos \u0130qtisadi Forumunun g\u00fcnd\u0259liyin\u0259 uy\u011fun olaraq 2023-c\u00fc il \u00fc\u00e7\u00fcn Qlobal Risk Hesabat\u0131 t\u0259qdim edilib. Hesabata uy\u011fun olaraq m\u00f6vcud v\u0259ziyy\u0259td\u0259 t\u0259siri hiss edil\u0259n qlobal riskl\u0259r, 2025-ci ild\u0259 t\u0259zyiqi artacaq riskl\u0259r v\u0259 2033-c\u00fc ild\u0259 qlobal s\u0259viyy\u0259d\u0259 aktualla\u015facaq riskl\u0259r vur\u011fulan\u0131b. 2023-c\u00fc ild\u0259 qlobal s\u0259viyy\u0259d\u0259 t\u0259siri hiss edil\u0259c\u0259k riskl\u0259r \u201cenerji t\u0259chizat\u0131 b\u00f6hran\u0131\u201d, \u201cya\u015fay\u0131\u015f x\u0259rcl\u0259ri b\u00f6hran\u0131\u201d, \u201cartan inflyasiya\u201d, \u201c\u0259rzaq t\u0259chizat\u0131 b\u00f6hran\u0131\u201d v\u0259 \u201ckritik infrastruktura kiberh\u00fccumlar\u201d kateqoriyalar\u0131 \u00fczr\u0259 qrupla\u015fd\u0131r\u0131l\u0131b. 2025-ci il\u0259 ged\u0259n yolda is\u0259 iki illik riskl\u0259r\u0259 \u201cborc b\u00f6hranlar\u0131\u201d, \u201cqiym\u0259t trayektoriyalar\u0131n\u0131n sabitl\u0259\u015fdirilm\u0259m\u0259si\u201d, \u201ciqlim d\u0259yi\u015fikliyinin l\u0259ngidilm\u0259sind\u0259 u\u011fursuzluq\u201d, \u201ciqlim d\u0259yi\u015fikliyin\u0259 adaptasiyada u\u011fursuzluq\u201d, \u201cgeni\u015f yay\u0131lm\u0131\u015f kibercinay\u0259tkarl\u0131q v\u0259 kibert\u0259hl\u00fck\u0259sizlik\u201d v\u0259 \u201c\u0259traf m\u00fchit\u0259 b\u00f6y\u00fck ziyan vuran hadis\u0259l\u0259r\u201d daxil edilib.<\/p>\n<p>&nbsp;<\/p>\n<p>Qlobal Risk Hesabat\u0131nda Qlobal Risk Qavrama Sor\u011fusunun (GRPS) 10 illik riskl\u0259r kateqoriyas\u0131na is\u0259 daha \u00e7ox ekosistem il\u0259 ba\u011fl\u0131 b\u00f6hranlar daxil edilib. Bel\u0259 ki, \u201c\u0130qlim d\u0259yi\u015fikliyinin l\u0259ngidilm\u0259sind\u0259 u\u011fursuzluq\u201d,\u201c\u0130qlim d\u0259yi\u015fikliyin\u0259 adaptasiyada u\u011fursuzluq&#8221;, \u201cT\u0259bii f\u0259lak\u0259tl\u0259r v\u0259 ekstremal hava hadis\u0259l\u0259ri\u201d v\u0259 \u201cBiom\u00fcxt\u0259lifliyin itirilm\u0259si v\u0259 ekosistemin da\u011f\u0131lmas\u0131\u201d \u0259sas b\u00f6hrana aparacaq risk kateqoriyalar\u0131d\u0131r.<\/p>\n<p>&nbsp;<\/p>\n<p>Bu il Davos \u0130qtisadi Forumu 130 \u00f6lk\u0259ni \u0259hat\u0259 ed\u0259n 2700-d\u0259n \u00e7ox d\u00f6vl\u0259t, \u00f6z\u0259l v\u0259 v\u0259t\u0259nda\u015f c\u0259miyy\u0259ti liderl\u0259rinin i\u015ftirak\u0131, v\u0259 52 d\u00f6vl\u0259t v\u0259 h\u00f6kum\u0259t ba\u015f\u00e7\u0131lar\u0131n\u0131n qat\u0131lmas\u0131 il\u0259 ba\u015f tutacaqd\u0131r. Yeni geosiyasi v\u0259 geoiqtisadi reall\u0131qlar fonunda, D\u00fcnya \u0130qtisadi Forumu dialoqun v\u0259 d\u00f6vl\u0259t-\u00f6z\u0259l sektor \u0259m\u0259kda\u015fl\u0131\u011f\u0131n\u0131n vacibliyini art\u0131rma\u011fa davam edir. O c\u00fcml\u0259d\u0259n, bu platforman\u0131n qeyd edil\u0259n m\u00f6vzular \u00fcz\u0259rind\u0259n d\u00fcnya liderl\u0259rinin, ekspertl\u0259rin v\u0259 dig\u0259r t\u0259sir dair\u0259si geni\u015f olan steykholderl\u0259rin c\u0259lb edilm\u0259si il\u0259 t\u0259\u015fkili ba\u015f ver\u0259n hadis\u0259l\u0259r\u0259 adaptasiya olunma\u011fa v\u0259 m\u00fcsb\u0259t\u0259 do\u011fru h\u0259ll yollar\u0131n\u0131n tap\u0131lmas\u0131na t\u00f6hf\u0259 ver\u0259c\u0259kdir.<\/p>\n<p>&nbsp;<\/p>\n<p>&nbsp;<\/p>\n<p>&nbsp;<\/p>\n<p>S\u0259bin\u0259 \u0130sg\u0259nd\u0259rli<\/p>\n<p>A\u011fstafa rayon Heyd\u0259r \u018fliyev M\u0259rk\u0259zinin \u0259m\u0259kda\u015f\u0131<\/p>\n","protected":false},"excerpt":{"rendered":"<p>Davos \u0130qtisadi Forumunun g\u00fcnd\u0259liyin\u0259 uy\u011fun olaraq 2023-c\u00fc il \u00fc\u00e7\u00fcn Qlobal Risk Hesabat\u0131 t\u0259qdim edilib. Hesabata uy\u011fun olaraq m\u00f6vcud v\u0259ziyy\u0259td\u0259 t\u0259siri hiss edil\u0259n qlobal riskl\u0259r, 2025-ci ild\u0259 t\u0259zyiqi artacaq riskl\u0259r v\u0259 2033-c\u00fc ild\u0259 qlobal s\u0259viyy\u0259d\u0259 aktualla\u015facaq riskl\u0259r vur\u011fulan\u0131b. 2023-c\u00fc ild\u0259 qlobal s\u0259viyy\u0259d\u0259 t\u0259siri hiss edil\u0259c\u0259k riskl\u0259r \u201cenerji t\u0259chizat\u0131 b\u00f6hran\u0131\u201d, \u201cya\u015fay\u0131\u015f x\u0259rcl\u0259ri b\u00f6hran\u0131\u201d, \u201cartan inflyasiya\u201d, \u201c\u0259rzaq t\u0259chizat\u0131 b\u00f6hran\u0131\u201d v\u0259 \u201ckritik infrastruktura kiberh\u00fccumlar\u201d kateqoriyalar\u0131 \u00fczr\u0259 qrupla\u015fd\u0131r\u0131l\u0131b. 2025-ci il\u0259 ged\u0259n yolda is\u0259 iki illik riskl\u0259r\u0259 \u201cborc b\u00f6hranlar\u0131\u201d, \u201cqiym\u0259t trayektoriyalar\u0131n\u0131n sabitl\u0259\u015fdirilm\u0259m\u0259si\u201d, \u201ciqlim d\u0259yi\u015fikliyinin l\u0259ngidilm\u0259sind\u0259 u\u011fursuzluq\u201d, \u201ciqlim d\u0259yi\u015fikliyin\u0259 adaptasiyada u\u011fursuzluq\u201d, \u201cgeni\u015f yay\u0131lm\u0131\u015f kibercinay\u0259tkarl\u0131q v\u0259 kibert\u0259hl\u00fck\u0259sizlik\u201d v\u0259&hellip;<\/p>\n","protected":false},"author":2,"featured_media":557990,"comment_status":"closed","ping_status":"closed","sticky":false,"template":"","format":"standard","meta":{"om_disable_all_campaigns":false,"_monsterinsights_skip_tracking":false,"_monsterinsights_sitenote_active":false,"_monsterinsights_sitenote_note":"","_monsterinsights_sitenote_category":0},"categories":[2],"tags":[],"aioseo_notices":[],"gutentor_comment":0,"rttpg_featured_image_url":{"full":["https:\/\/arantv.az\/wp-content\/uploads\/2023\/01\/18975f2e-432f-41ad-97d9-20aa9c38ab26.jpg",960,728,false],"landscape":["https:\/\/arantv.az\/wp-content\/uploads\/2023\/01\/18975f2e-432f-41ad-97d9-20aa9c38ab26.jpg",960,728,false],"portraits":["https:\/\/arantv.az\/wp-content\/uploads\/2023\/01\/18975f2e-432f-41ad-97d9-20aa9c38ab26.jpg",960,728,false],"thumbnail":["https:\/\/arantv.az\/wp-content\/uploads\/2023\/01\/18975f2e-432f-41ad-97d9-20aa9c38ab26-500x280.jpg",500,280,true],"medium":["https:\/\/arantv.az\/wp-content\/uploads\/2023\/01\/18975f2e-432f-41ad-97d9-20aa9c38ab26-481x365.jpg",481,365,true],"large":["https:\/\/arantv.az\/wp-content\/uploads\/2023\/01\/18975f2e-432f-41ad-97d9-20aa9c38ab26-840x637.jpg",640,485,true],"1536x1536":["https:\/\/arantv.az\/wp-content\/uploads\/2023\/01\/18975f2e-432f-41ad-97d9-20aa9c38ab26.jpg",960,728,false],"2048x2048":["https:\/\/arantv.az\/wp-content\/uploads\/2023\/01\/18975f2e-432f-41ad-97d9-20aa9c38ab26.jpg",960,728,false],"post-thumbnail":["https:\/\/arantv.az\/wp-content\/uploads\/2023\/01\/18975f2e-432f-41ad-97d9-20aa9c38ab26-240x172.jpg",240,172,true],"advps-thumb-one":["https:\/\/arantv.az\/wp-content\/uploads\/2023\/01\/18975f2e-432f-41ad-97d9-20aa9c38ab26-960x620.jpg",960,620,true]},"rttpg_author":{"display_name":"V\u00fcsal Rafiqo\u011flu","author_link":"https:\/\/arantv.az\/?author=2"},"rttpg_comment":0,"rttpg_category":"<a href=\"https:\/\/arantv.az\/?cat=2\" rel=\"category\">Region X\u0259b\u0259rl\u0259ri<\/a>","rttpg_excerpt":"Davos \u0130qtisadi Forumunun g\u00fcnd\u0259liyin\u0259 uy\u011fun olaraq 2023-c\u00fc il \u00fc\u00e7\u00fcn Qlobal Risk Hesabat\u0131 t\u0259qdim edilib. Hesabata uy\u011fun olaraq m\u00f6vcud v\u0259ziyy\u0259td\u0259 t\u0259siri hiss edil\u0259n qlobal riskl\u0259r, 2025-ci ild\u0259 t\u0259zyiqi artacaq riskl\u0259r v\u0259 2033-c\u00fc ild\u0259 qlobal s\u0259viyy\u0259d\u0259 aktualla\u015facaq riskl\u0259r vur\u011fulan\u0131b. 2023-c\u00fc ild\u0259 qlobal s\u0259viyy\u0259d\u0259 t\u0259siri hiss edil\u0259c\u0259k riskl\u0259r \u201cenerji t\u0259chizat\u0131 b\u00f6hran\u0131\u201d, \u201cya\u015fay\u0131\u015f x\u0259rcl\u0259ri b\u00f6hran\u0131\u201d, \u201cartan inflyasiya\u201d, \u201c\u0259rzaq t\u0259chizat\u0131&hellip;","_links":{"self":[{"href":"https:\/\/arantv.az\/index.php?rest_route=\/wp\/v2\/posts\/557989"}],"collection":[{"href":"https:\/\/arantv.az\/index.php?rest_route=\/wp\/v2\/posts"}],"about":[{"href":"https:\/\/arantv.az\/index.php?rest_route=\/wp\/v2\/types\/post"}],"author":[{"embeddable":true,"href":"https:\/\/arantv.az\/index.php?rest_route=\/wp\/v2\/users\/2"}],"replies":[{"embeddable":true,"href":"https:\/\/arantv.az\/index.php?rest_route=%2Fwp%2Fv2%2Fcomments&post=557989"}],"version-history":[{"count":0,"href":"https:\/\/arantv.az\/index.php?rest_route=\/wp\/v2\/posts\/557989\/revisions"}],"wp:featuredmedia":[{"embeddable":true,"href":"https:\/\/arantv.az\/index.php?rest_route=\/wp\/v2\/media\/557990"}],"wp:attachment":[{"href":"https:\/\/arantv.az\/index.php?rest_route=%2Fwp%2Fv2%2Fmedia&parent=557989"}],"wp:term":[{"taxonomy":"category","embeddable":true,"href":"https:\/\/arantv.az\/index.php?rest_route=%2Fwp%2Fv2%2Fcategories&post=557989"},{"taxonomy":"post_tag","embeddable":true,"href":"https:\/\/arantv.az\/index.php?rest_route=%2Fwp%2Fv2%2Ftags&post=557989"}],"curies":[{"name":"wp","href":"https:\/\/api.w.org\/{rel}","templated":true}]}}