{"id":557993,"date":"2023-01-25T19:49:34","date_gmt":"2023-01-25T16:49:34","guid":{"rendered":"https:\/\/arantv.az\/?p=557993"},"modified":"2023-01-25T19:49:34","modified_gmt":"2023-01-25T16:49:34","slug":"b%c9%99li-m%c9%99n-secicil%c9%99rimin-s%c9%99si-il%c9%99-mill%c9%99t-v%c9%99kili-secilmis%c9%99m-adil-%c9%99liyev","status":"publish","type":"post","link":"https:\/\/arantv.az\/?p=557993","title":{"rendered":"B\u0259li, m\u0259n se\u00e7icil\u0259rimin s\u0259si il\u0259 mill\u0259t v\u0259kili se\u00e7ilmi\u015f\u0259m &#8211; Adil \u018fliyev"},"content":{"rendered":"<p>Mill\u0259t v\u0259kili Erkin Q\u0259dirlinin bloqer Mehman H\u00fcseynovla mini m\u00fcsahib\u0259si m\u00fczakir\u0259l\u0259r\u0259 s\u0259b\u0259b olub. Bloqer deputata c\u0259mi bir sual \u00fcnvanlay\u0131b: \u201cM\u0259n\u0259 Milli M\u0259clisd\u0259n bir deputat\u0131n ad\u0131n\u0131 \u00e7\u0259kin ki, h\u0259qiq\u0259t\u0259n d\u0259 xalq\u0131n s\u0259sini qazan\u0131b v\u0259 parlamentd\u0259 oturub\u201d.<\/p>\n<p>Erkin Q\u0259dirli is\u0259 \u201cVallah he\u00e7 onu \u00f6z\u00fcm bar\u0259d\u0259 d\u0259 dey\u0259 bilmir\u0259m. Demokratik se\u00e7ki olsa, onda \u0259minlikl\u0259 dem\u0259k olard\u0131. Amma bizd\u0259 demokratik se\u00e7ki yoxdur ax\u0131\u201d cavab\u0131n\u0131 verib.<\/p>\n<p><strong>ARANTV.AZ\u00a0 x\u0259b\u0259r verir ki,<\/strong>\u00a0 REAL-\u00e7\u0131 deputat\u0131n\u0131n qalmaqall\u0131 cavab\u0131na ilk r\u0259smi reaksiya Milli M\u0259clisin vitse-spikeri\u00a0<strong>Adil \u018fliyev<\/strong>d\u0259n g\u0259lib.<\/p>\n<p>Adil \u018fliyev bildirib ki, \u00f6z\u00fcn\u00fc m\u00fcxalif\u0259tin n\u00fcmay\u0259nd\u0259si sayan h\u0259min mill\u0259t v\u0259kili suala cavab ver\u0259 bilmirs\u0259, bu o dem\u0259k deyil ki, b\u00fct\u00fcn mill\u0259t v\u0259kill\u0259rin\u0259 qara yaxmal\u0131d\u0131r:<\/p>\n<p>\u201cM\u00fcxalif\u0259td\u0259n olan mill\u0259t v\u0259kilin\u0259 veril\u0259n suala m\u0259n konkret cavab verir\u0259m: \u201cAdil \u018fliyevin nec\u0259 mill\u0259t v\u0259kili se\u00e7ildiyini v\u0259 se\u00e7icil\u0259rinin probleml\u0259rin\u0259 nec\u0259 yana\u015fd\u0131\u011f\u0131n\u0131 20 sayl\u0131 N\u0259rimanov ikinci se\u00e7ki dair\u0259sind\u0259n \u00f6yr\u0259n\u0259 bil\u0259rsiniz. B\u0259li, m\u0259n se\u00e7icil\u0259rimin s\u0259si il\u0259 mill\u0259t v\u0259kili se\u00e7ilmi\u015f\u0259m.<\/p>\n<p>S\u00f6z\u00fcm \u201cm\u0259n \u00f6z\u00fcm haqq\u0131mda dey\u0259 bilm\u0259r\u0259m ki, demokratik yolla se\u00e7ilmi\u015f\u0259m\u201d dey\u0259n mill\u0259t v\u0259kilin\u0259dir: \u201cDemokratik yolla se\u00e7ilm\u0259diyinizi bildirirsinizs\u0259, n\u0259d\u0259n Milli M\u0259clisin i\u015find\u0259 i\u015ftirak edirsiniz? Uzaqba\u015f\u0131 cavab ver\u0259 bil\u0259rdiniz ki, \u201cba\u015fqas\u0131n\u0131n yerin\u0259 dan\u0131\u015fa bilmir\u0259m, ancaq m\u0259n demokratik yolla se\u00e7ilm\u0259mi\u015f\u0259m\u201d. \u00d6z\u00fcn\u00fcz\u00fcn se\u00e7ildiyiniz\u0259 \u0259min deyilsinizs\u0259, \u00fcmumilikd\u0259 Az\u0259rbaycan Parlamentin\u0259 niy\u0259 k\u00f6lg\u0259 sal\u0131rs\u0131n\u0131z? Ax\u0131 Siz mill\u0259t v\u0259kili mandat\u0131yla t\u0259k parlamentin i\u015find\u0259 i\u015ftirak etmirsiniz, \u00f6lk\u0259mizi m\u00fcxt\u0259lif beyn\u0259lxalq t\u0259\u015fkilatlarda t\u0259msil edir, konfrans v\u0259 seminarlara qat\u0131l\u0131rs\u0131n\u0131z. Sizin m\u0259ntiqsiz cavab\u0131n\u0131z haz\u0131rki h\u0259ssas m\u0259qamda Az\u0259rbaycana qar\u015f\u0131 informasiya sava\u015f\u0131n\u0131 geni\u015fl\u0259ndir\u0259n Erm\u0259nistan hakimiyy\u0259ti, erm\u0259ni separat\u00e7\u0131lar\u0131, erm\u0259ni lobbisi v\u0259 onlar\u0131n arxas\u0131nda olan m\u0259rk\u0259zl\u0259rin i\u015fin\u0259 yaray\u0131r\u201d.<\/p>\n","protected":false},"excerpt":{"rendered":"<p>Mill\u0259t v\u0259kili Erkin Q\u0259dirlinin bloqer Mehman H\u00fcseynovla mini m\u00fcsahib\u0259si m\u00fczakir\u0259l\u0259r\u0259 s\u0259b\u0259b olub. Bloqer deputata c\u0259mi bir sual \u00fcnvanlay\u0131b: \u201cM\u0259n\u0259 Milli M\u0259clisd\u0259n bir deputat\u0131n ad\u0131n\u0131 \u00e7\u0259kin ki, h\u0259qiq\u0259t\u0259n d\u0259 xalq\u0131n s\u0259sini qazan\u0131b v\u0259 parlamentd\u0259 oturub\u201d. Erkin Q\u0259dirli is\u0259 \u201cVallah he\u00e7 onu \u00f6z\u00fcm bar\u0259d\u0259 d\u0259 dey\u0259 bilmir\u0259m. Demokratik se\u00e7ki olsa, onda \u0259minlikl\u0259 dem\u0259k olard\u0131. Amma bizd\u0259 demokratik se\u00e7ki yoxdur ax\u0131\u201d cavab\u0131n\u0131 verib. ARANTV.AZ\u00a0 x\u0259b\u0259r verir ki,\u00a0 REAL-\u00e7\u0131 deputat\u0131n\u0131n qalmaqall\u0131 cavab\u0131na ilk r\u0259smi reaksiya Milli M\u0259clisin vitse-spikeri\u00a0Adil \u018fliyevd\u0259n g\u0259lib. Adil \u018fliyev bildirib ki, \u00f6z\u00fcn\u00fc m\u00fcxalif\u0259tin n\u00fcmay\u0259nd\u0259si sayan h\u0259min mill\u0259t v\u0259kili suala cavab ver\u0259&hellip;<\/p>\n","protected":false},"author":2,"featured_media":557994,"comment_status":"closed","ping_status":"closed","sticky":false,"template":"","format":"standard","meta":{"om_disable_all_campaigns":false,"_monsterinsights_skip_tracking":false,"_monsterinsights_sitenote_active":false,"_monsterinsights_sitenote_note":"","_monsterinsights_sitenote_category":0},"categories":[4],"tags":[],"aioseo_notices":[],"gutentor_comment":0,"rttpg_featured_image_url":{"full":["https:\/\/arantv.az\/wp-content\/uploads\/2023\/01\/c89e6d59167466016183559823710739842.jpg",975,540,false],"landscape":["https:\/\/arantv.az\/wp-content\/uploads\/2023\/01\/c89e6d59167466016183559823710739842.jpg",975,540,false],"portraits":["https:\/\/arantv.az\/wp-content\/uploads\/2023\/01\/c89e6d59167466016183559823710739842.jpg",975,540,false],"thumbnail":["https:\/\/arantv.az\/wp-content\/uploads\/2023\/01\/c89e6d59167466016183559823710739842-500x280.jpg",500,280,true],"medium":["https:\/\/arantv.az\/wp-content\/uploads\/2023\/01\/c89e6d59167466016183559823710739842-660x365.jpg",660,365,true],"large":["https:\/\/arantv.az\/wp-content\/uploads\/2023\/01\/c89e6d59167466016183559823710739842-840x465.jpg",640,354,true],"1536x1536":["https:\/\/arantv.az\/wp-content\/uploads\/2023\/01\/c89e6d59167466016183559823710739842.jpg",975,540,false],"2048x2048":["https:\/\/arantv.az\/wp-content\/uploads\/2023\/01\/c89e6d59167466016183559823710739842.jpg",975,540,false],"post-thumbnail":["https:\/\/arantv.az\/wp-content\/uploads\/2023\/01\/c89e6d59167466016183559823710739842-240x172.jpg",240,172,true],"advps-thumb-one":["https:\/\/arantv.az\/wp-content\/uploads\/2023\/01\/c89e6d59167466016183559823710739842.jpg",975,540,false]},"rttpg_author":{"display_name":"V\u00fcsal Rafiqo\u011flu","author_link":"https:\/\/arantv.az\/?author=2"},"rttpg_comment":0,"rttpg_category":"<a href=\"https:\/\/arantv.az\/?cat=4\" rel=\"category\">Siyas\u0259t<\/a>","rttpg_excerpt":"Mill\u0259t v\u0259kili Erkin Q\u0259dirlinin bloqer Mehman H\u00fcseynovla mini m\u00fcsahib\u0259si m\u00fczakir\u0259l\u0259r\u0259 s\u0259b\u0259b olub. Bloqer deputata c\u0259mi bir sual \u00fcnvanlay\u0131b: \u201cM\u0259n\u0259 Milli M\u0259clisd\u0259n bir deputat\u0131n ad\u0131n\u0131 \u00e7\u0259kin ki, h\u0259qiq\u0259t\u0259n d\u0259 xalq\u0131n s\u0259sini qazan\u0131b v\u0259 parlamentd\u0259 oturub\u201d. Erkin Q\u0259dirli is\u0259 \u201cVallah he\u00e7 onu \u00f6z\u00fcm bar\u0259d\u0259 d\u0259 dey\u0259 bilmir\u0259m. Demokratik se\u00e7ki olsa, onda \u0259minlikl\u0259 dem\u0259k olard\u0131. Amma bizd\u0259 demokratik&hellip;","_links":{"self":[{"href":"https:\/\/arantv.az\/index.php?rest_route=\/wp\/v2\/posts\/557993"}],"collection":[{"href":"https:\/\/arantv.az\/index.php?rest_route=\/wp\/v2\/posts"}],"about":[{"href":"https:\/\/arantv.az\/index.php?rest_route=\/wp\/v2\/types\/post"}],"author":[{"embeddable":true,"href":"https:\/\/arantv.az\/index.php?rest_route=\/wp\/v2\/users\/2"}],"replies":[{"embeddable":true,"href":"https:\/\/arantv.az\/index.php?rest_route=%2Fwp%2Fv2%2Fcomments&post=557993"}],"version-history":[{"count":0,"href":"https:\/\/arantv.az\/index.php?rest_route=\/wp\/v2\/posts\/557993\/revisions"}],"wp:featuredmedia":[{"embeddable":true,"href":"https:\/\/arantv.az\/index.php?rest_route=\/wp\/v2\/media\/557994"}],"wp:attachment":[{"href":"https:\/\/arantv.az\/index.php?rest_route=%2Fwp%2Fv2%2Fmedia&parent=557993"}],"wp:term":[{"taxonomy":"category","embeddable":true,"href":"https:\/\/arantv.az\/index.php?rest_route=%2Fwp%2Fv2%2Fcategories&post=557993"},{"taxonomy":"post_tag","embeddable":true,"href":"https:\/\/arantv.az\/index.php?rest_route=%2Fwp%2Fv2%2Ftags&post=557993"}],"curies":[{"name":"wp","href":"https:\/\/api.w.org\/{rel}","templated":true}]}}