{"id":559589,"date":"2023-02-01T08:26:43","date_gmt":"2023-02-01T05:26:43","guid":{"rendered":"https:\/\/arantv.az\/?p=559589"},"modified":"2023-02-01T08:26:43","modified_gmt":"2023-02-01T05:26:43","slug":"irana-qarsi-koalisiya-yaradilir-baki-v%c9%99-ankarinin-movqeyi","status":"publish","type":"post","link":"https:\/\/arantv.az\/?p=559589","title":{"rendered":"\u0130rana qar\u015f\u0131 koalisiya yarad\u0131l\u0131r &#8211; Bak\u0131 v\u0259 Ankar\u0131n\u0131n m\u00f6vqeyi&#8230;"},"content":{"rendered":"<h3><strong>Son aylar v\u0259 s\u0259firlikd\u0259ki \u00f6t\u0259n h\u0259ft\u0259 ba\u015f ver\u0259n terror onu g\u00f6st\u0259rir ki, Az\u0259rbaycan m\u00f6vqeyind\u0259 d\u0259yi\u015fiklik ed\u0259 bil\u0259r<\/strong><\/h3>\n<p><strong>Birl\u0259\u015fmi\u015f \u015etatlar \u0130rana qar\u015f\u0131 geni\u015fmiqyasl\u0131 koalisiya yaratma\u011fa ba\u015flay\u0131b. AB\u015e d\u00f6vl\u0259t katibi Blinkenin Yax\u0131n \u015e\u0259rq turnesinin d\u0259 bu m\u0259qs\u0259d\u0259 xidm\u0259t etdiyi iddia olunur. \u018fr\u0259b \u00f6lk\u0259l\u0259rind\u0259n ibar\u0259t koalisiyan\u0131n da formala\u015fma m\u0259rh\u0259l\u0259sind\u0259 oldu\u011fu s\u00f6yl\u0259nilir.<\/strong><\/p>\n<p>\u0130srail \u0130ran\u0131n ekspansiyas\u0131na cavab verm\u0259k iqtidar\u0131nda olan v\u0259 bu ekspansiyan\u0131 bloklayacaq \u0259r\u0259b \u00f6lk\u0259l\u0259rind\u0259n ibar\u0259t koalisiyan\u0131 yaratma\u011fa \u00e7oxdan c\u0259hdl\u0259r edir. Lakin bu bar\u0259d\u0259 \u00e7ox dan\u0131\u015f\u0131lsa da, real n\u0259tic\u0259 olmay\u0131b. Yada salaq ki, \u00f6t\u0259n ilin sonunda AB\u015e-da r\u0259smi s\u0259f\u0259rd\u0259 olan \u0130srail Prezidenti \u0130sxak Hersoq A\u011f Evd\u0259 prezident Co Baydenl\u0259 g\u00f6r\u00fc\u015f\u00fc zaman\u0131 b\u0259yan edib ki, \u201c\u0130ran b\u00fct\u00fcn azad d\u00fcnya \u00fc\u00e7\u00fcn \u0259n ciddi t\u0259hl\u00fck\u0259dir, qar\u015f\u0131s\u0131n\u0131 birlikd\u0259 almal\u0131y\u0131q\u201d. \u0130srail Prezidenti \u0130sxak Hersoqun bu b\u0259yanat\u0131n\u0131n a\u00e7mas\u0131 bundan ibar\u0259tdir ki, \u0130srail \u0130rana qar\u015f\u0131 AB\u015e-\u0131n \u00f6nc\u00fcll\u00fck ed\u0259c\u0259yi koalisiyan\u0131n qurulmas\u0131n\u0131 t\u0259klif edir. Blinkenin Yax\u0131n \u015e\u0259rq\u0259 q\u0259fil s\u0259f\u0259ri is\u0259 art\u0131q \u0130rana qar\u015f\u0131 koalisiyan\u0131n yarad\u0131lmas\u0131na start verildiyi ehtimal\u0131n\u0131 art\u0131r\u0131b. NATO-nun \u0130rana qar\u015f\u0131 koalisiyada yer almas\u0131 \u00fc\u00e7\u00fcn AB\u015e-\u0131n bu proses\u0259 qo\u015fulmas\u0131 laz\u0131md\u0131r. Dig\u0259r t\u0259r\u0259fd\u0259n, bu proses beyn\u0259lxalq h\u00fcquq \u00e7\u0259r\u00e7iv\u0259sind\u0259 olmal\u0131d\u0131r. Bildirilir ki, \u0130ran\u0131n Rusiyaya PUA-lar verm\u0259si Tehran\u0131n BMT T\u0259hl\u00fck\u0259sizlik \u015euras\u0131n\u0131n sanksiyalar\u0131n\u0131 pozdu\u011funun t\u0259sdiqidir. Sanksiyalar\u0131 pozmas\u0131 is\u0259 \u0130rana qar\u015f\u0131 h\u0259rbi \u0259m\u0259liyyatlar \u00fc\u00e7\u00fcn h\u00fcquqi \u0259sasd\u0131r.<\/p>\n<p><strong>\u018fks\u0259r m\u0259s\u0259l\u0259l\u0259rd\u0259 koordinasiyal\u0131 siyas\u0259t y\u00fcr\u00fcd\u0259n, \u015eu\u015fa B\u0259yannam\u0259sin\u0259 \u0259saslanan Bak\u0131 v\u0259 Ankaran\u0131n Tehranda ba\u015f ver\u0259nl\u0259rl\u0259 ba\u011fl\u0131 ortaq m\u00f6vqeyinin oldu\u011funa da \u015f\u00fcbh\u0259 yoxdur.<\/strong><\/p>\n<p>Sabiq xarici i\u015fl\u0259r naziri Tofiq Z\u00fclf\u00fcqarov hesab edir ki, Az\u0259rbaycan v\u0259 T\u00fcrkiy\u0259nin anti-\u0130ran q\u00fcvv\u0259l\u0259rin\u0259 d\u0259st\u0259k verib-verm\u0259y\u0259c\u0259yi Tehran\u0131n Az\u0259rbaycana qar\u015f\u0131 hans\u0131 kursu se\u00e7m\u0259sind\u0259n as\u0131l\u0131d\u0131r. Siyasi \u015f\u0259rh\u00e7i hesab edir ki, koalisiya yarad\u0131larsa, Q\u0259rbd\u0259ki anti-Az\u0259rbaycan v\u0259 anti-T\u00fcrkiy\u0259 q\u00fcvv\u0259l\u0259ri d\u0259 siyas\u0259tl\u0259rini d\u0259yi\u015fm\u0259k m\u0259cburiyy\u0259tind\u0259 qalacaqlar. Z\u00fclf\u00fcqarovun iddias\u0131na g\u00f6r\u0259, \u0130ran\u0131n Z\u0259ng\u0259zurdak\u0131 konsullu\u011fu yax\u0131n vaxtlarda ba\u011flanacaq.<\/p>\n<p>Qeyd ed\u0259k ki, \u00f6t\u0259n ilin oktyabr\u0131nda \u0130srailin m\u00fcdafi\u0259 naziri Benni Qantz v\u0259 T\u00fcrkiy\u0259 m\u00fcdafi\u0259 naziri Hulusi Akarla eyni vaxtda Yax\u0131n \u015e\u0259rqd\u0259 anti-\u0130ran koalisiyas\u0131n\u0131n dig\u0259r m\u00fch\u00fcm \u00fczv\u00fc olan S\u0259udiyy\u0259 \u018fr\u0259bistan\u0131n\u0131n xarici i\u015fl\u0259r naziri d\u0259 Bak\u0131ya g\u0259lmi\u015fdi. Bu ard\u0131c\u0131l s\u0259f\u0259rl\u0259r son vaxtlar Z\u0259ng\u0259zur d\u0259hlizinin a\u00e7\u0131lmas\u0131n\u0131n qar\u015f\u0131s\u0131n\u0131 alma\u011fa \u00e7al\u0131\u015fan, Az\u0259rbaycana qar\u015f\u0131 t\u0259hdid xarakterli b\u0259yanatlar ver\u0259n \u0130rana x\u0259b\u0259rdarl\u0131q kimi d\u0259 qiym\u0259tl\u0259ndirilirdi. Son bir ne\u00e7\u0259 il \u0259rzind\u0259 Az\u0259rbaycan \u0130ran\u0131n tarixi r\u0259qibl\u0259ri \u0130srail v\u0259 AB\u015e-la s\u0131x iqtisadi \u0259laq\u0259l\u0259r qurub. Buna baxmayaraq, bu d\u00f6vrd\u0259 Az\u0259rbaycan \u0130ranla da iqtisadi \u0259laq\u0259l\u0259rini inki\u015faf etdirm\u0259k \u00fc\u00e7\u00fcn add\u0131mlar at\u0131b &#8211; birg\u0259 n\u0259qliyyat layih\u0259l\u0259ri h\u0259yata ke\u00e7irilib v\u0259 r\u0259smil\u0259r aras\u0131nda y\u00fcks\u0259k-s\u0259viyy\u0259li g\u00f6r\u00fc\u015fl\u0259r t\u0259\u015fkil edilib. \u0130ll\u0259rdir ki, AB\u015e-\u0130ran m\u00fcnasib\u0259tl\u0259rinin g\u0259rginl\u0259\u015fm\u0259si fonunda, r\u0259smi Bak\u0131 h\u0259r iki d\u00f6vl\u0259t aras\u0131ndak\u0131 artan g\u0259rginliyin sonda diplomatik yolla h\u0259ll edilm\u0259sin\u0259 t\u0259r\u0259f olub. R\u0259smi Bak\u0131 d\u0259f\u0259l\u0259rl\u0259 m\u00fcnaqi\u015f\u0259 hal\u0131nda Az\u0259rbaycan\u0131n h\u0259r hans\u0131 f\u0259al rol oynamayaca\u011f\u0131n\u0131 bildirib. Amma son aylar v\u0259 s\u0259firlikd\u0259ki \u00f6t\u0259n h\u0259ft\u0259 ba\u015f ver\u0259n terror onu g\u00f6st\u0259rir ki, Az\u0259rbaycan m\u00f6vqeyind\u0259 d\u0259yi\u015fiklik ed\u0259 bil\u0259r.<\/p>\n<p><img src=\"https:\/\/azertag.az\/files\/2022\/3\/1200x630\/1667290130279029305_1200x630.jpg\" alt=\"Sahib Al\u0131yev: V\u0259t\u0259n m\u00fcharib\u0259sind\u0259 Z\u0259f\u0259r qazanma\u011f\u0131m\u0131z\u0131n \u0259sas s\u0259b\u0259bi m\u0259hz  milli h\u0259mr\u0259ylimiz oldu - AZ\u018fRTAC\" \/><\/p>\n<p><strong>Sahib Al\u0131yev<\/strong><\/p>\n<p><strong>Deputat Sahib Al\u0131yev \u201cYeni M\u00fcsavat\u201da a\u00e7\u0131qlamas\u0131nda \u00f6nc\u0259 son g\u0259li\u015fm\u0259l\u0259r\u0259 diqq\u0259t \u00e7\u0259kdi:<\/strong>\u00a0\u201cAB\u015e M\u0259rk\u0259zi K\u0259\u015ffiyyat \u0130dar\u0259sinin ba\u015f\u00e7\u0131s\u0131 Uilyam B\u00f6rns \u0130sraild\u0259 s\u0259f\u0259rd\u0259 olark\u0259n \u0130rana hava z\u0259rb\u0259l\u0259rinin endirilm\u0259si onu g\u00f6st\u0259rir ki, bu, t\u0259kc\u0259 raz\u0131la\u015fd\u0131r\u0131lm\u0131\u015f yox, h\u0259m d\u0259 birg\u0259 \u0259m\u0259liyyatd\u0131r. Onun birg\u0259 \u0259m\u0259liyyat oldu\u011funu vurulan h\u0259d\u0259fl\u0259rin daha \u00e7ox Rusiyaya PUA-larla raketl\u0259r g\u00f6nd\u0259r\u0259n v\u0259 g\u00f6nd\u0259rm\u0259yi planla\u015fd\u0131ran h\u0259rbi s\u0259naye obyektl\u0259rinin olmas\u0131 da t\u0259sdiql\u0259yir. Xat\u0131rladaq ki, B\u00f6rns \u0130sraild\u0259n \u00e7ox az \u0259vv\u0259l d\u0259 Ukraynada olmu\u015fdu. Bir s\u00f6zl\u0259, \u0130ran\u0131n vurulmas\u0131ndan d\u0259rhal sonra d\u00f6vl\u0259t katibi Blinken \u0130srail\u0259 gets\u0259 d\u0259, getm\u0259s\u0259 d\u0259, ba\u015f ver\u0259nl\u0259rin birg\u0259 \u0259m\u0259liyyat oldu\u011fu v\u0259 n\u0259 m\u0259qs\u0259dl\u0259 realla\u015fd\u0131r\u0131ld\u0131\u011f\u0131 ayd\u0131n idi. Ancaq h\u0259l\u0259 dem\u0259k olmaz ki, \u0130sraill\u0259 AB\u015e-\u0131n \u0130rana yana\u015fmalar\u0131 tam \u00fcst-\u00fcst\u0259 d\u00fc\u015f\u00fcr\u201d. S.Al\u0131yev bir m\u00fch\u00fcm m\u0259qama da diqq\u0259t \u00e7\u0259kdi: \u201cUnutmamal\u0131y\u0131q ki, AB\u015e-da \u0130ran\u0131 NATO-dak\u0131 ayr\u0131-ayr\u0131 m\u00fctt\u0259fiql\u0259rind\u0259n daha \u00e7ox \u00f6zl\u0259rininki sayan \u00e7evr\u0259l\u0259r d\u0259 var. \u00dcst\u0259lik, b\u00fct\u00f6vl\u00fckd\u0259 Q\u0259rbd\u0259 \u0130ran\u0131n qon\u015fular\u0131na qar\u015f\u0131 Erm\u0259nistan kimi m\u0259rdimazar davran\u0131\u015flar\u0131n\u0131n Yax\u0131n \u015e\u0259rqd\u0259 h\u0259mi\u015f\u0259 g\u0259rginlik oca\u011f\u0131n\u0131n qalmas\u0131nda m\u00fch\u00fcm rol oynad\u0131\u011f\u0131n\u0131 d\u00fc\u015f\u00fcn\u0259r\u0259k bunun onlar\u0131n da maraqlar\u0131na xidm\u0259t etdiyini gizl\u0259tmirl\u0259r. Y\u0259ni paradoksal g\u00f6r\u00fcns\u0259 d\u0259, Q\u0259rbd\u0259 \u0130rana qar\u015f\u0131 n\u0259 q\u0259d\u0259r s\u0259rt ittihamlar s\u0259sl\u0259ndirs\u0259l\u0259r bel\u0259, bir o q\u0259d\u0259r d\u0259 onunla birg\u0259 \u0259m\u0259kda\u015fl\u0131\u011fa haz\u0131rd\u0131rlar. Sad\u0259c\u0259, \u0130randak\u0131 indiki rejimin bu \u0259m\u0259kda\u015fl\u0131\u011f\u0131n qar\u015f\u0131l\u0131\u011f\u0131nda daha b\u00f6y\u00fck g\u00fcz\u0259\u015ftl\u0259r v\u0259 s\u0259rb\u0259stlik ist\u0259yir ki, aralar\u0131ndak\u0131 b\u00fct\u00fcn naraz\u0131l\u0131qlar v\u0259 &#8220;qulaqburmalar&#8221; onun \u00fcst\u00fcnd\u0259dir. Y\u0259ni \u00e7ox t\u0259\u0259ss\u00fcf ki, Q\u0259rbd\u0259 fars \u015fovinizmin\u0259 \u0130ranla t\u0259r\u0259fda\u015fl\u0131q \u00fc\u00e7\u00fcn \u0259ng\u0259l yox, \u0259ksin\u0259, maraqlar\u0131na tam cavab ver\u0259n ideologiya kimi bax\u0131rlar&#8221;. Ona g\u00f6r\u0259 d\u0259 S.Al\u0131yev d\u00fc\u015f\u00fcnm\u00fcr ki, Az\u0259rbaycan Q\u0259rbin \u0130rana qar\u015f\u0131 formala\u015fd\u0131rd\u0131\u011f\u0131 h\u0259r hans\u0131 bir koalisiyada yer ala bil\u0259r: \u201cAmma biz \u0130ran\u0131n d\u00fc\u015fm\u0259nc\u0259sin\u0259 davran\u0131\u015flar\u0131n\u0131 da cavabs\u0131z qoymayaca\u011f\u0131q v\u0259 qoymaq fikrimiz d\u0259 yoxdur. Dinsiz rejim h\u0259ddini a\u015faca\u011f\u0131 halda koalisiya \u015f\u0259klind\u0259 h\u0259r\u0259k\u0259t ed\u0259c\u0259yimiz m\u00fctt\u0259fiq v\u0259 t\u0259r\u0259fda\u015flar\u0131m\u0131z da var. Bunlar qarda\u015f T\u00fcrkiy\u0259, Pakistan, \u0130srail, S\u0259udiyy\u0259 \u018fr\u0259bistan\u0131 v\u0259 dig\u0259r d\u00f6vl\u0259tl\u0259rdir\u201d.<\/p>\n<p><img src=\"https:\/\/azertag.az\/files\/2021\/3\/1200x630\/1638978079363766503_1200x630.jpg\" alt=\"El\u00e7in Mirz\u0259b\u0259yli: Az\u0259rbaycan d\u00f6y\u00fc\u015f meydan\u0131nda oldu\u011fu kimi h\u00fcquq  m\u00fcst\u0259visind\u0259 d\u0259 Erm\u0259nistan\u0131 m\u0259\u011flub etdi - AZ\u018fRTAC\" \/><\/p>\n<p><strong>El\u00e7in Mirz\u0259b\u0259yli<\/strong><\/p>\n<p><strong>Siyasi \u015f\u0259rh\u00e7i El\u00e7in Mirz\u0259b\u0259yli \u0259vv\u0259lc\u0259 c\u0259nub qon\u015fumuzun mahiyy\u0259ti bar\u0259d\u0259 fikirl\u0259rini b\u00f6l\u00fc\u015fd\u00fc:<\/strong>\u00a0\u201c\u0130ran adlanan \u00f6lk\u0259nin m\u00f6vcud rejimi t\u0259kc\u0259 Az\u0259rbaycan\u0131n, T\u00fcrkiy\u0259nin, h\u0259m\u00e7inin Q\u0259rb blokunun yox, b\u00fct\u00fcn sivil b\u0259\u015f\u0259riyy\u0259tin v\u0259 ilk n\u00f6vb\u0259d\u0259 m\u00f6vcud s\u0259rh\u0259dl\u0259ri daxilind\u0259 ya\u015fayan b\u00fct\u00fcn xalqlar\u0131n, o c\u00fcml\u0259d\u0259n \u0130slam d\u00fcnyas\u0131n\u0131n d\u00fc\u015fm\u0259nidir. Bu bax\u0131mdan, molla rejiminin tez bir zamanda s\u00fcquta u\u011framas\u0131, h\u0259m d\u0259 bu \u00f6lk\u0259d\u0259 ya\u015fayan 40 milyon t\u00fcrk\u00fcn v\u0259 dig\u0259r xalqlar\u0131n \u0259sar\u0259td\u0259n, z\u00fclm v\u0259 istibdaddan xilas olmas\u0131, insan h\u00fcquq v\u0259 azadl\u0131qlar\u0131n\u0131n t\u0259min olunmas\u0131 dem\u0259kdir. Y\u0259ni \u0130ranla ba\u011fl\u0131 m\u0259s\u0259l\u0259y\u0259, sad\u0259c\u0259, geosiyasi prosesl\u0259r m\u00fcst\u0259visind\u0259n yana\u015fmaq do\u011fru deyil, molla rejiminin tarixin s\u0259hn\u0259sind\u0259n silinm\u0259si, X\u0259z\u0259r h\u00f6vz\u0259sind\u0259n M\u0259rk\u0259zi v\u0259 \u00d6n Asiyaya, \u018fr\u0259bistan yar\u0131madas\u0131nad\u0259k n\u0259h\u0259ng bir regionun uzun ill\u0259r boyu s\u00fclh, \u0259min-amanl\u0131q \u015f\u0259raitind\u0259 ya\u015famas\u0131na, t\u0259hl\u00fck\u0259sizliy\u0259, \u0259m\u0259kda\u015fl\u0131\u011fa b\u00f6y\u00fck t\u00f6hf\u0259 ver\u0259 bil\u0259r\u201d. \u0130rana qar\u015f\u0131 koalisiya m\u0259s\u0259l\u0259sin\u0259 g\u0259ldikd\u0259, E.Mirz\u0259b\u0259yli qeyd etdi ki, haz\u0131rda molla rejimi il\u0259 k\u0259skin m\u00fcnasib\u0259td\u0259 olan v\u0259 bu rejimi \u00f6z\u00fcn\u0259 t\u0259hl\u00fck\u0259 g\u00f6r\u0259n \u00f6lk\u0259l\u0259rin r\u0259smi Tehrana olan m\u00fcnasib\u0259tl\u0259rinin motivi tamamil\u0259 f\u0259rqlidir: \u201cV\u0259 h\u0259tta AB\u015e-\u0131n strateji planlar\u0131n\u0131n v\u0259 uzaq h\u0259d\u0259fl\u0259rinin Az\u0259rbaycan v\u0259 T\u00fcrkiy\u0259nin bax\u0131\u015f buca\u011f\u0131ndan, maraqlar\u0131ndan tamamil\u0259 f\u0259rqli oldu\u011funu da dey\u0259 bil\u0259rik. Va\u015finqton v\u0259 onun Avropadak\u0131 m\u00fctt\u0259fiql\u0259ri molla rejimi n\u00fcv\u0259 proqram\u0131ndan \u0259l \u00e7\u0259k\u0259c\u0259yi, \u00c7in\u0259 v\u0259 Rusiyaya m\u00fcnasib\u0259tini d\u0259yi\u015f\u0259c\u0259yi t\u0259qdird\u0259 r\u0259smi Tehrana qar\u015f\u0131 m\u00f6vqel\u0259rini asanl\u0131qla d\u0259yi\u015f\u0259 bil\u0259rl\u0259r. Va\u015finqton \u0130ran\u0131n par\u00e7alanmas\u0131n\u0131n \u0259leyhin\u0259dir v\u0259 azac\u0131q rekonstruksiya olunmaqla m\u00f6vcud fars hegemonlu\u011funun davam etm\u0259sini arzulay\u0131r. Bunu AB\u015e-\u0131n v\u0259 onun Avropadak\u0131 m\u00fctt\u0259fiql\u0259rinin \u0130randak\u0131 xalqlar\u0131n n\u00fcmay\u0259nd\u0259l\u0259rin\u0259 m\u00fcnasib\u0259tind\u0259 d\u0259 g\u00f6r\u0259 bil\u0259rik. Va\u015finqton \u0130randak\u0131 k\u00fcrdl\u0259r\u0259, b\u0259luclara v\u0259 dig\u0259r ki\u00e7ik etnik qruplara, el\u0259c\u0259 d\u0259 m\u00f6vcud rejim\u0259 m\u00fcxalif olan farslara daha \u00e7ox d\u0259st\u0259k verir. Daha do\u011frusu, el\u0259 onlara d\u0259st\u0259k verir. Bu aspektd\u0259n d\u0259 Az\u0259rbaycan v\u0259 T\u00fcrkiy\u0259nin bu m\u0259s\u0259l\u0259d\u0259 \u00f6z strategiyas\u0131, \u00f6z bax\u0131\u015f buca\u011f\u0131 olmal\u0131d\u0131r v\u0259 y\u0259qin ki, var\u201d. Siyasi analitikin q\u0259na\u0259tinc\u0259, \u0130ran\u0131n Az\u0259rbaycan\u0131n d\u00f6vl\u0259t m\u00fcst\u0259qilliyinin b\u0259rpa olundu\u011fu ilk g\u00fcnl\u0259rd\u0259n \u00f6lk\u0259miz\u0259 qar\u015f\u0131 h\u0259yata ke\u00e7irdiyi says\u0131z-hesabs\u0131z t\u0259xribat ssenaril\u0259ri, h\u0259m\u00e7inin 44 g\u00fcnl\u00fck m\u00fcharib\u0259d\u0259n sonra r\u0259smi Tehran\u0131n s\u0259rgil\u0259diyi davran\u0131\u015flar v\u0259 son terror olay\u0131 molla rejimi il\u0259 m\u00fcnasib\u0259tl\u0259rimizin n\u0259 zamansa b\u0259rpa olunaca\u011f\u0131n\u0131 istisna edir: \u201cRejimin f\u0259aliyy\u0259tinin ana x\u0259ttini Az\u0259rbaycan\u0131n d\u00fcny\u0259vi bir d\u00f6vl\u0259t olaraq m\u0259hv edilm\u0259si t\u0259\u015fkil edir. Y\u0259ni molla rejimi Erm\u0259nistandak\u0131 revan\u015f\u00e7\u0131 q\u00fcvv\u0259l\u0259r, ultramill\u0259t\u00e7i dair\u0259l\u0259r q\u0259d\u0259r biz\u0259 d\u00fc\u015fm\u0259ndir. H\u0259tta Erm\u0259nistan\u0131n n\u0259 zamansa \u00f6z m\u00f6vqeyind\u0259 d\u0259yi\u015fiklik etm\u0259si m\u00fcmk\u00fcnd\u00fcr, amma \u0259mmam\u0259li fars mill\u0259t\u00e7il\u0259rinin yox. Fars mill\u0259t\u00e7iliyi fa\u015fizmin ana x\u0259ttini t\u0259\u015fkil edir.\u00a0 Bu g\u00fcn d\u0259 Q\u0259rb sivilizasiyas\u0131n\u0131n bir \u00e7ox ultramill\u0259t\u00e7i dair\u0259l\u0259ri \u018fh\u0259m\u0259nil\u0259r\u0259, Sasanil\u0259r\u0259 \u00f6z babalar\u0131 kimi yana\u015f\u0131rlar. V\u0259 onlar, ola bilsin ki, \u0130ran\u0131n d\u0259yi\u015fm\u0259sini ist\u0259yirl\u0259r, amma fars d\u00f6vl\u0259t\u00e7iliyinin \u00e7\u0259tiri alt\u0131nda&#8230; \u015e\u00fcbh\u0259siz ki, taktiki siyasi gedi\u015fl\u0259r, yaxud yax\u0131n h\u0259d\u0259fl\u0259r\u0259 hesablanm\u0131\u015f geosiyasi maraqlar m\u00fcst\u0259visind\u0259 \u0130rana m\u00fcnasib\u0259td\u0259 Q\u0259rb v\u0259 region d\u00f6vl\u0259tl\u0259rinin hans\u0131sa ortaq maraqlar\u0131n\u0131n formala\u015fmas\u0131 m\u00fcmk\u00fcnd\u00fcr, amma uzaq strateji h\u0259d\u0259fl\u0259rl\u0259 ba\u011fl\u0131 yana\u015fmalar f\u0259rqlidir\u201d.<\/p>\n","protected":false},"excerpt":{"rendered":"<p>Son aylar v\u0259 s\u0259firlikd\u0259ki \u00f6t\u0259n h\u0259ft\u0259 ba\u015f ver\u0259n terror onu g\u00f6st\u0259rir ki, Az\u0259rbaycan m\u00f6vqeyind\u0259 d\u0259yi\u015fiklik ed\u0259 bil\u0259r Birl\u0259\u015fmi\u015f \u015etatlar \u0130rana qar\u015f\u0131 geni\u015fmiqyasl\u0131 koalisiya yaratma\u011fa ba\u015flay\u0131b. AB\u015e d\u00f6vl\u0259t katibi Blinkenin Yax\u0131n \u015e\u0259rq turnesinin d\u0259 bu m\u0259qs\u0259d\u0259 xidm\u0259t etdiyi iddia olunur. \u018fr\u0259b \u00f6lk\u0259l\u0259rind\u0259n ibar\u0259t koalisiyan\u0131n da formala\u015fma m\u0259rh\u0259l\u0259sind\u0259 oldu\u011fu s\u00f6yl\u0259nilir. \u0130srail \u0130ran\u0131n ekspansiyas\u0131na cavab verm\u0259k iqtidar\u0131nda olan v\u0259 bu ekspansiyan\u0131 bloklayacaq \u0259r\u0259b \u00f6lk\u0259l\u0259rind\u0259n ibar\u0259t koalisiyan\u0131 yaratma\u011fa \u00e7oxdan c\u0259hdl\u0259r edir. Lakin bu bar\u0259d\u0259 \u00e7ox dan\u0131\u015f\u0131lsa da, real n\u0259tic\u0259 olmay\u0131b. Yada salaq ki, \u00f6t\u0259n ilin sonunda AB\u015e-da r\u0259smi s\u0259f\u0259rd\u0259 olan \u0130srail Prezidenti \u0130sxak Hersoq&hellip;<\/p>\n","protected":false},"author":2,"featured_media":559590,"comment_status":"closed","ping_status":"closed","sticky":false,"template":"","format":"standard","meta":{"om_disable_all_campaigns":false,"_monsterinsights_skip_tracking":false,"_monsterinsights_sitenote_active":false,"_monsterinsights_sitenote_note":"","_monsterinsights_sitenote_category":0},"categories":[4],"tags":[],"aioseo_notices":[],"gutentor_comment":0,"rttpg_featured_image_url":{"full":["https:\/\/arantv.az\/wp-content\/uploads\/2023\/02\/a38a5e194b8c9bab6b7fb6a11fb86884.gif",750,500,false],"landscape":["https:\/\/arantv.az\/wp-content\/uploads\/2023\/02\/a38a5e194b8c9bab6b7fb6a11fb86884.gif",750,500,false],"portraits":["https:\/\/arantv.az\/wp-content\/uploads\/2023\/02\/a38a5e194b8c9bab6b7fb6a11fb86884.gif",750,500,false],"thumbnail":["https:\/\/arantv.az\/wp-content\/uploads\/2023\/02\/a38a5e194b8c9bab6b7fb6a11fb86884-500x280.gif",500,280,true],"medium":["https:\/\/arantv.az\/wp-content\/uploads\/2023\/02\/a38a5e194b8c9bab6b7fb6a11fb86884-548x365.gif",548,365,true],"large":["https:\/\/arantv.az\/wp-content\/uploads\/2023\/02\/a38a5e194b8c9bab6b7fb6a11fb86884.gif",640,427,false],"1536x1536":["https:\/\/arantv.az\/wp-content\/uploads\/2023\/02\/a38a5e194b8c9bab6b7fb6a11fb86884.gif",750,500,false],"2048x2048":["https:\/\/arantv.az\/wp-content\/uploads\/2023\/02\/a38a5e194b8c9bab6b7fb6a11fb86884.gif",750,500,false],"post-thumbnail":["https:\/\/arantv.az\/wp-content\/uploads\/2023\/02\/a38a5e194b8c9bab6b7fb6a11fb86884-240x172.gif",240,172,true],"advps-thumb-one":["https:\/\/arantv.az\/wp-content\/uploads\/2023\/02\/a38a5e194b8c9bab6b7fb6a11fb86884.gif",750,500,false]},"rttpg_author":{"display_name":"V\u00fcsal Rafiqo\u011flu","author_link":"https:\/\/arantv.az\/?author=2"},"rttpg_comment":0,"rttpg_category":"<a href=\"https:\/\/arantv.az\/?cat=4\" rel=\"category\">Siyas\u0259t<\/a>","rttpg_excerpt":"Son aylar v\u0259 s\u0259firlikd\u0259ki \u00f6t\u0259n h\u0259ft\u0259 ba\u015f ver\u0259n terror onu g\u00f6st\u0259rir ki, Az\u0259rbaycan m\u00f6vqeyind\u0259 d\u0259yi\u015fiklik ed\u0259 bil\u0259r Birl\u0259\u015fmi\u015f \u015etatlar \u0130rana qar\u015f\u0131 geni\u015fmiqyasl\u0131 koalisiya yaratma\u011fa ba\u015flay\u0131b. AB\u015e d\u00f6vl\u0259t katibi Blinkenin Yax\u0131n \u015e\u0259rq turnesinin d\u0259 bu m\u0259qs\u0259d\u0259 xidm\u0259t etdiyi iddia olunur. \u018fr\u0259b \u00f6lk\u0259l\u0259rind\u0259n ibar\u0259t koalisiyan\u0131n da formala\u015fma m\u0259rh\u0259l\u0259sind\u0259 oldu\u011fu s\u00f6yl\u0259nilir. \u0130srail \u0130ran\u0131n ekspansiyas\u0131na cavab verm\u0259k iqtidar\u0131nda olan&hellip;","_links":{"self":[{"href":"https:\/\/arantv.az\/index.php?rest_route=\/wp\/v2\/posts\/559589"}],"collection":[{"href":"https:\/\/arantv.az\/index.php?rest_route=\/wp\/v2\/posts"}],"about":[{"href":"https:\/\/arantv.az\/index.php?rest_route=\/wp\/v2\/types\/post"}],"author":[{"embeddable":true,"href":"https:\/\/arantv.az\/index.php?rest_route=\/wp\/v2\/users\/2"}],"replies":[{"embeddable":true,"href":"https:\/\/arantv.az\/index.php?rest_route=%2Fwp%2Fv2%2Fcomments&post=559589"}],"version-history":[{"count":0,"href":"https:\/\/arantv.az\/index.php?rest_route=\/wp\/v2\/posts\/559589\/revisions"}],"wp:featuredmedia":[{"embeddable":true,"href":"https:\/\/arantv.az\/index.php?rest_route=\/wp\/v2\/media\/559590"}],"wp:attachment":[{"href":"https:\/\/arantv.az\/index.php?rest_route=%2Fwp%2Fv2%2Fmedia&parent=559589"}],"wp:term":[{"taxonomy":"category","embeddable":true,"href":"https:\/\/arantv.az\/index.php?rest_route=%2Fwp%2Fv2%2Fcategories&post=559589"},{"taxonomy":"post_tag","embeddable":true,"href":"https:\/\/arantv.az\/index.php?rest_route=%2Fwp%2Fv2%2Ftags&post=559589"}],"curies":[{"name":"wp","href":"https:\/\/api.w.org\/{rel}","templated":true}]}}