{"id":559599,"date":"2023-02-01T08:51:41","date_gmt":"2023-02-01T05:51:41","guid":{"rendered":"https:\/\/arantv.az\/?p=559599"},"modified":"2023-02-01T08:51:41","modified_gmt":"2023-02-01T05:51:41","slug":"erm%c9%99nistan-z%c9%99ng%c9%99zuru-xaricil%c9%99r%c9%99-satir-d%c9%99hliz%c9%99-qarsi-m%c9%99krli-plan","status":"publish","type":"post","link":"https:\/\/arantv.az\/?p=559599","title":{"rendered":"Erm\u0259nistan Z\u0259ng\u0259zuru xaricil\u0259r\u0259 sat\u0131r &#8211; d\u0259hliz\u0259 qar\u015f\u0131 m\u0259krli plan&#8230;"},"content":{"rendered":"<h3><strong>Avropa \u0130ttifaq\u0131, Avropa \u0130nvestisiya Bank\u0131 regiona ilkin olaraq 51 milyon avro investisiya qoyacaqlar, m\u0259qs\u0259d b\u00f6lg\u0259ni dir\u00e7\u0259ltm\u0259kd\u0259n daha \u00e7ox koridorun a\u00e7\u0131lmas\u0131n\u0131 \u0259ng\u0259ll\u0259m\u0259kdir<\/strong><\/h3>\n<p>Erm\u0259nistan Z\u0259ng\u0259zur mahal\u0131n\u0131, S\u00fcnik adland\u0131rd\u0131qlar\u0131 vilay\u0259ti xaricil\u0259rin tam n\u0259zar\u0259tin\u0259 verm\u0259y\u0259 ba\u015flay\u0131b.<\/p>\n<p>Vilay\u0259tin qubernatoru Robert Qukasyan deyib ki, Avropa \u0130ttifaq\u0131, Avropa \u0130nvestisiya Bank\u0131, A\u0130-nin \u00fczv\u00fc olan Avstriya, Fransa, Almaniya, Pol\u015fa, \u0130sve\u00e7 v\u0259 \u0130sve\u00e7r\u0259nin t\u0259r\u0259fda\u015f kimi birg\u0259 t\u0259\u015f\u0259bb\u00fcs\u00fc il\u0259 \u201cDavaml\u0131 S\u00fcnik. Avropa komandas\u0131\u201d regiona ilkin olaraq 51 milyon avro investisiya qoyacaqlar. Qubernator deyib ki, A\u0130 bu add\u0131m\u0131 il\u0259 Az\u0259rbaycan\u0131n Z\u0259ng\u0259zurla ba\u011fl\u0131 iddialar\u0131na m\u00fcnasib\u0259tini n\u00fcmayi\u015f etdirir. Qukasyan deyib ki, art\u0131q iki m\u00fcqavil\u0259 imzalan\u0131b. D\u0259y\u0259ri 11 milyon avro olan birinci m\u00fcqavil\u0259 \u201cS\u00fcnikin b\u0259rpa, davaml\u0131l\u0131q v\u0259 inki\u015faf proqram\u0131\u201dd\u0131r ki, infrastrukturun t\u0259kmill\u0259\u015fdirilm\u0259sin\u0259 y\u00f6n\u0259ldil\u0259c\u0259k. Qubernator bunu q\u0131sa m\u00fcdd\u0259t \u0259rzind\u0259 b\u00f6y\u00fck t\u0259sir\u0259 malik olacaq \u00e7ox m\u00fch\u00fcm layih\u0259 hesab edir. \u201cS\u00fcnikd\u0259, x\u00fcsus\u0259n d\u0259 ki\u00e7ik k\u0259nd ya\u015fay\u0131\u015f m\u0259nt\u0259q\u0259l\u0259rind\u0259 \u00e7oxlu probleml\u0259r var v\u0259 bu d\u0259st\u0259k onlar\u0131n h\u0259llin\u0259 y\u00f6n\u0259l\u0259c\u0259k. \u018fmin\u0259m ki, bu, b\u00fct\u00fcn regiona \u00e7ox m\u00fcsb\u0259t t\u0259sir g\u00f6st\u0259r\u0259c\u0259k\u201d, &#8211; Qukasyan bildirib.<\/p>\n<p>Qubernatorun s\u00f6zl\u0259rin\u0259 g\u00f6r\u0259, ayr\u0131lan m\u0259bl\u0259\u011fl\u0259r x\u00fcsusil\u0259 ki\u00e7ik \u015f\u0259h\u0259rl\u0259rd\u0259 infrastruktur probleml\u0259rinin h\u0259llin\u0259 kifay\u0259t ed\u0259c\u0259k. T\u0259\u015f\u0259bb\u00fcs\u00fcn ilkin b\u00fcdc\u0259si t\u0259xmin\u0259n 51 milyon avrodur, g\u0259l\u0259c\u0259kd\u0259 onun daha art\u0131r\u0131laca\u011f\u0131 g\u00f6zl\u0259nilir. Qeyd ed\u0259k ki, S\u00fcnik adland\u0131rd\u0131qlar\u0131 \u0259razi \u0259slind\u0259 tarix\u0259n Az\u0259rbaycan\u0131n Z\u0259ng\u0259zur mahal\u0131d\u0131r, indiki Erm\u0259nistan\u0131n Qafan, Gorus, Qarakils\u0259 (Sisian), Mehri rayonlar\u0131n\u0131 \u0259hat\u0259 edir. Qubernatorun \u201cA\u0130 bu add\u0131m\u0131 il\u0259 Az\u0259rbaycan\u0131n S\u00fcnikl\u0259 ba\u011fl\u0131 iddialar\u0131na m\u00fcnasib\u0259tini n\u00fcmayi\u015f etdirir\u201d fikiri x\u00fcsusil\u0259 diqq\u0259t \u00e7\u0259kir. Bu o dem\u0259kdir ki, Erm\u0259nistan Z\u0259ng\u0259zur d\u0259hlizini \u0259ng\u0259ll\u0259m\u0259k \u00fc\u00e7\u00fcn onu xaricil\u0259r\u0259 \u201cicar\u0259y\u0259 verir\u201d. Erm\u0259nistan\u0131n Bak\u0131 v\u0259 Moskvan\u0131n irad\u0259sin\u0259 zidd olaraq s\u0259rh\u0259d\u0259 Avropa \u0130ttifaq\u0131n\u0131n iki illik m\u00fc\u015fahid\u0259 missiyas\u0131n\u0131 yerl\u0259\u015fdirdikd\u0259n sonra indi h\u0259m h\u0259r iki d\u00f6vl\u0259t, el\u0259c\u0259 d\u0259 T\u00fcrkiy\u0259 \u00fc\u00e7\u00fcn d\u0259 vacib olan Z\u0259ng\u0259zura Avropa investisiyas\u0131n\u0131 c\u0259lb edir. Bu, b\u00f6lg\u0259ni dir\u00e7\u0259ltm\u0259kd\u0259n daha \u00e7ox Z\u0259ng\u0259zur d\u0259hlizinin \u0259ng\u0259ll\u0259m\u0259sin\u0259 y\u00f6n\u0259lik add\u0131md\u0131r. Qeyd ed\u0259k ki, m\u00fcharib\u0259d\u0259n d\u0259rhal sonra b\u0259zi erm\u0259ni siyas\u0259t\u00e7il\u0259ri S\u00fcnik vilay\u0259tind\u0259 Rusiya h\u0259rbi bazas\u0131n\u0131n yerl\u0259\u015fdirilm\u0259sin\u0259 dair t\u0259klifl\u0259r s\u0259sl\u0259ndirmi\u015fdil\u0259r. G\u00f6r\u00fcn\u00fcr, Erm\u0259nistan r\u0259hb\u0259rliyi h\u0259m d\u0259 bu c\u00fcr perspektivi \u0259ng\u0259ll\u0259m\u0259k \u00fc\u00e7\u00fcn b\u00f6lg\u0259ni Avropan\u0131n \u201cn\u00fcfuz dair\u0259sin\u0259\u201d verm\u0259yi q\u0259rarla\u015fd\u0131r\u0131blar.<\/p>\n<p><img src=\"https:\/\/amip.az\/wp-content\/uploads\/2022\/06\/Arzuxan_Alizade_01.jpg\" alt=\"Az\u0259rbaycan Milli \u0130stiqlal Partiyas\u0131n\u0131n S\u0259dri \u2013 Az\u0259rbaycan Milli \u0130stiqlal  Partiyas\u0131\" \/><\/p>\n<p><strong>\u00a0Arzuxan \u018flizad\u0259\u00a0<\/strong><\/p>\n<p><strong>AM\u0130P s\u0259dri Arzuxan \u018flizad\u0259 \u201cYeni M\u00fcsavat\u201da qeyd etdi ki, m\u0259qs\u0259din bundan ibar\u0259t oldu\u011fu b\u0259llidir:<\/strong>\u00a0\u201cQ\u0259rb Erm\u0259nistan vasit\u0259sil\u0259 regionda t\u0259sirl\u0259rini art\u0131r\u0131r. Q\u0259rbl\u0259 Erm\u0259nistan\u0131n b\u0259zi m\u0259s\u0259l\u0259l\u0259rd\u0259 m\u00f6vqeyi \u00fcst-\u00fcst\u0259 d\u00fc\u015f\u00fcr. Z\u0259ng\u0259zura v\u0259sait ayr\u0131lmas\u0131 daha \u00e7ox dem\u0259y\u0259 \u0259sas verir ki, b\u00f6lg\u0259d\u0259 Rusiya v\u0259 Az\u0259rbaycan\u0131n logistika imkanlar\u0131 olmas\u0131n. \u0130r\u0259van d\u0259hlizin a\u00e7\u0131lmamas\u0131nda israrl\u0131 g\u00f6r\u00fcn\u00fcr. \u018fvv\u0259ll\u0259r erm\u0259nil\u0259r raz\u0131 g\u00f6r\u00fcn\u00fcrd\u00fc, son d\u00f6vrl\u0259rd\u0259 is\u0259 konkret m\u00f6vqe n\u00fcmayi\u015f etdirirl\u0259r. Bu da g\u00f6st\u0259rir ki, hans\u0131sa dair\u0259l\u0259rin d\u0259st\u0259yin\u0259 arxalan\u0131blar\u201d. AM\u0130P s\u0259dri hesab edir ki, d\u0259hlizin a\u00e7\u0131lmamas\u0131 \u00fc\u00e7t\u0259r\u0259fli birg\u0259 s\u0259n\u0259din 9-cu b\u0259ndinin pozulmas\u0131d\u0131r: \u201cErm\u0259nistan \u00f6hd\u0259likl\u0259rini yerin\u0259 yetirm\u0259m\u0259k \u00fc\u00e7\u00fcn Q\u0259rbi b\u00f6lg\u0259y\u0259 d\u0259v\u0259t edib. Onlar bu strategiya il\u0259 d\u0259hlizi a\u00e7maqdan yay\u0131nma\u011fa \u00e7al\u0131\u015facaqlar\u0131n\u0131 hesab edirl\u0259r\u201d.<\/p>\n<p><img src=\"https:\/\/www.xeber-ps.com\/images\/article\/big\/1628026032_922.jpg\" \/><\/p>\n<p><strong>Fuad \u018fliyev<\/strong><\/p>\n<p><strong>ALDP s\u0259dri Fuad \u018fliyevin s\u00f6zl\u0259rin\u0259 g\u00f6r\u0259, Erm\u0259nistan Z\u0259ng\u0259zurdan yol verm\u0259y\u0259 haz\u0131rd\u0131r:<\/strong>\u00a0\u201cAmma d\u0259hliz statusuna qar\u015f\u0131d\u0131r. \u0130r\u0259van h\u0259m d\u0259 ist\u0259mir ki, yola n\u0259zar\u0259t ruslarda olsun. Avropa \u0130ttifaq\u0131 da bu m\u00f6vqeyi b\u00f6l\u00fc\u015f\u00fcr. M\u00fclki missiyan\u0131n g\u00f6nd\u0259rilm\u0259sinin ard\u0131nca b\u00f6lg\u0259y\u0259 investisiya ayr\u0131lmas\u0131 Q\u0259rbin regiona tam yerl\u0259\u015fm\u0259k c\u0259hdl\u0259ridir. Erm\u0259nistan Z\u0259ng\u0259zuru Avropaya t\u0259slim etdirir ki, ona olan t\u0259zyiql\u0259rd\u0259n s\u0131yr\u0131la bilsin. Pa\u015finyan bunu f\u00fcrs\u0259t bilir v\u0259 d\u0259y\u0259rl\u0259ndirm\u0259y\u0259 \u00e7al\u0131\u015f\u0131r. \u00c7\u00fcnki Erm\u0259nistan \u00f6z g\u00f6mr\u00fcy\u00fcn\u00fcn yolda qurulmas\u0131n\u0131 t\u0259klif edir. Avropa \u0130ttifaq\u0131 da \u0259leyhin\u0259dir ki, yola ruslar kontrol etsinl\u0259r. Bu bax\u0131mdan, Br\u00fcssel v\u0259 \u0130r\u0259van mismar\u0131 eyni yer\u0259 vururlar\u201d. Partiya s\u0259drinin fikrinc\u0259, Z\u0259ng\u0259zura s\u0259rmay\u0259 qoyulmas\u0131 il\u0259 Pa\u015finyan hiyl\u0259g\u0259r gedi\u015f edir: \u201cErm\u0259ni \u0259halisin\u0259 g\u00f6st\u0259rir ki, Avropa bizi d\u0259st\u0259kl\u0259yir. Y\u0259ni Rusiyadan he\u00e7 bir nicat g\u00f6zl\u0259m\u0259yin. Bu g\u00fccl\u0259n\u0259n anti-Rusiya siyas\u0259ti getdikc\u0259 Erm\u0259nistan-Rusiya m\u00fcnasib\u0259tl\u0259rini a\u011f\u0131rla\u015fd\u0131racaq. Amma unutmayaq ki, Z\u0259ng\u0259zur koridorunun a\u00e7\u0131lmas\u0131n\u0131 t\u0259kc\u0259 biz yox, Rusiya, T\u00fcrkiy\u0259, Britaniya, \u00c7in ist\u0259yirl\u0259r, Erm\u0259nistan ki\u00e7ik siyas\u0259ti il\u0259 ax\u0131ra q\u0259d\u0259r tab g\u0259tir\u0259 bilm\u0259y\u0259c\u0259k. \u00dcst\u0259lik, 50 g\u00fcnd\u0259n \u00e7oxdur ki, La\u00e7\u0131n yolunda aksiya ke\u00e7irilir. \u018fg\u0259r Z\u0259ng\u0259zur d\u0259hlizi olmayacaqsa, bundan sonra erm\u0259nil\u0259r \u00fc\u00e7\u00fcn d\u0259 La\u00e7\u0131n yolu \u0259vv\u0259lki qaydada olmayacaq. Separat\u00e7\u0131 rejim d\u0259 bunu anlamaqdad\u0131r\u201d.<\/p>\n<p>Qeyd ed\u0259k ki, bu d\u0259hlizin a\u00e7\u0131lmas\u0131 il\u0259 \u00f6lk\u0259mizin geoiqtisadi \u0259h\u0259miyy\u0259ti daha da artacaq. \u018fn \u0259sas\u0131, t\u00fcrk d\u00fcnyas\u0131 uzun ill\u0259rd\u0259n sonra yenid\u0259n Z\u0259ng\u0259zur d\u0259hlizi vasit\u0259sil\u0259 birl\u0259\u015f\u0259c\u0259k. Da\u011fl\u0131q Qaraba\u011f m\u00fcnaqi\u015f\u0259si zaman\u0131 v\u0259 bu m\u00fcnaqi\u015f\u0259d\u0259n \u0259vv\u0259l d\u0259 b\u0259zi q\u00fcvv\u0259l\u0259rin \u0259sas m\u0259qs\u0259dl\u0259rind\u0259n biri t\u00fcrk d\u00fcnyas\u0131nda quru s\u0259rh\u0259dinin l\u0259\u011fv edilm\u0259si olub. H\u0259min q\u00fcvv\u0259l\u0259r buna qism\u0259n nail d\u0259 olmu\u015fdular. Az\u0259rbaycandan Nax\u00e7\u0131vana getm\u0259k \u00fc\u00e7\u00fcn insanlar \u0130ran \u0259razisind\u0259n ke\u00e7irdil\u0259r. B\u0259zi y\u00fckda\u015f\u0131malar zaman\u0131 ist\u0259r-ist\u0259m\u0259z m\u00fc\u0259yy\u0259n probleml\u0259r yaran\u0131rd\u0131. Bu g\u00fcn Z\u0259ng\u0259zur d\u0259hlizinin a\u00e7\u0131lmas\u0131n\u0131n \u00e7ox b\u00f6y\u00fck \u0259h\u0259miyy\u0259ti var. Bu d\u0259hlizd\u0259 t\u0259k avtomobil yolu deyil, paralel olaraq Nax\u00e7\u0131vanla birl\u0259\u015f\u0259n ke\u00e7mi\u015f d\u0259mir yolu b\u0259rpa olunacaq. Kommunikasiyalar\u0131n i\u015f\u0259 d\u00fc\u015fm\u0259si boru v\u0259 qaz k\u0259m\u0259rl\u0259rinin a\u00e7\u0131lmas\u0131 \u00fc\u00e7\u00fcn d\u0259 m\u00fch\u00fcm ir\u0259lil\u0259yi\u015fdir. Bu yol a\u00e7\u0131ld\u0131qdan sonra C\u0259nubi Qafqaz\u0131n iqtisadi m\u0259nz\u0259r\u0259sinin v\u0259 geosiyasi konfiqurasiyan\u0131n d\u0259yi\u015fm\u0259si n\u0259tic\u0259sind\u0259 ist\u0259r Avrasiyan\u0131n, ist\u0259rs\u0259 d\u0259 regionda mara\u011f\u0131 olan Q\u0259rb v\u0259 \u0259r\u0259b \u00f6lk\u0259l\u0259rinin, h\u0259m\u00e7inin \u00c7inin bu yolla \u0259ld\u0259 ed\u0259c\u0259yi dividentl\u0259r Az\u0259rbaycan iqtisadiyyat\u0131na da m\u00fcsb\u0259t t\u0259sir g\u00f6st\u0259r\u0259c\u0259kdir. 1,1 trilyon dollardan \u00e7ox \u00fcmumi daxili m\u0259hsulu olan M\u0259rk\u0259zi Asiya \u00f6lk\u0259l\u0259rini strateji v\u0259 iqtisadi bax\u0131mdan birl\u0259\u015fdir\u0259c\u0259k Z\u0259ng\u0259zur d\u0259hlizi co\u011frafi m\u00f6vqe etibaril\u0259 \u0259v\u0259zsiz ticar\u0259t yolu hesab olunur. Bu is\u0259 o dem\u0259kdir ki, Z\u0259ng\u0259zur d\u0259hlizi kifay\u0259t q\u0259d\u0259r b\u00f6y\u00fck iqtisadi potensiala v\u0259 t\u0259bii resurslara malik olan regionu birl\u0259\u015fdir\u0259c\u0259k.<\/p>\n","protected":false},"excerpt":{"rendered":"<p>Avropa \u0130ttifaq\u0131, Avropa \u0130nvestisiya Bank\u0131 regiona ilkin olaraq 51 milyon avro investisiya qoyacaqlar, m\u0259qs\u0259d b\u00f6lg\u0259ni dir\u00e7\u0259ltm\u0259kd\u0259n daha \u00e7ox koridorun a\u00e7\u0131lmas\u0131n\u0131 \u0259ng\u0259ll\u0259m\u0259kdir Erm\u0259nistan Z\u0259ng\u0259zur mahal\u0131n\u0131, S\u00fcnik adland\u0131rd\u0131qlar\u0131 vilay\u0259ti xaricil\u0259rin tam n\u0259zar\u0259tin\u0259 verm\u0259y\u0259 ba\u015flay\u0131b. Vilay\u0259tin qubernatoru Robert Qukasyan deyib ki, Avropa \u0130ttifaq\u0131, Avropa \u0130nvestisiya Bank\u0131, A\u0130-nin \u00fczv\u00fc olan Avstriya, Fransa, Almaniya, Pol\u015fa, \u0130sve\u00e7 v\u0259 \u0130sve\u00e7r\u0259nin t\u0259r\u0259fda\u015f kimi birg\u0259 t\u0259\u015f\u0259bb\u00fcs\u00fc il\u0259 \u201cDavaml\u0131 S\u00fcnik. Avropa komandas\u0131\u201d regiona ilkin olaraq 51 milyon avro investisiya qoyacaqlar. Qubernator deyib ki, A\u0130 bu add\u0131m\u0131 il\u0259 Az\u0259rbaycan\u0131n Z\u0259ng\u0259zurla ba\u011fl\u0131 iddialar\u0131na m\u00fcnasib\u0259tini n\u00fcmayi\u015f etdirir. Qukasyan deyib ki, art\u0131q iki m\u00fcqavil\u0259&hellip;<\/p>\n","protected":false},"author":2,"featured_media":559600,"comment_status":"closed","ping_status":"closed","sticky":false,"template":"","format":"standard","meta":{"om_disable_all_campaigns":false,"_monsterinsights_skip_tracking":false,"_monsterinsights_sitenote_active":false,"_monsterinsights_sitenote_note":"","_monsterinsights_sitenote_category":0},"categories":[4],"tags":[],"aioseo_notices":[],"gutentor_comment":0,"rttpg_featured_image_url":{"full":["https:\/\/arantv.az\/wp-content\/uploads\/2023\/02\/25272a4fc16318229e49419177dfe6aa.jpg",870,500,false],"landscape":["https:\/\/arantv.az\/wp-content\/uploads\/2023\/02\/25272a4fc16318229e49419177dfe6aa.jpg",870,500,false],"portraits":["https:\/\/arantv.az\/wp-content\/uploads\/2023\/02\/25272a4fc16318229e49419177dfe6aa.jpg",870,500,false],"thumbnail":["https:\/\/arantv.az\/wp-content\/uploads\/2023\/02\/25272a4fc16318229e49419177dfe6aa-500x280.jpg",500,280,true],"medium":["https:\/\/arantv.az\/wp-content\/uploads\/2023\/02\/25272a4fc16318229e49419177dfe6aa-635x365.jpg",635,365,true],"large":["https:\/\/arantv.az\/wp-content\/uploads\/2023\/02\/25272a4fc16318229e49419177dfe6aa-840x483.jpg",640,368,true],"1536x1536":["https:\/\/arantv.az\/wp-content\/uploads\/2023\/02\/25272a4fc16318229e49419177dfe6aa.jpg",870,500,false],"2048x2048":["https:\/\/arantv.az\/wp-content\/uploads\/2023\/02\/25272a4fc16318229e49419177dfe6aa.jpg",870,500,false],"post-thumbnail":["https:\/\/arantv.az\/wp-content\/uploads\/2023\/02\/25272a4fc16318229e49419177dfe6aa-240x172.jpg",240,172,true],"advps-thumb-one":["https:\/\/arantv.az\/wp-content\/uploads\/2023\/02\/25272a4fc16318229e49419177dfe6aa.jpg",870,500,false]},"rttpg_author":{"display_name":"V\u00fcsal Rafiqo\u011flu","author_link":"https:\/\/arantv.az\/?author=2"},"rttpg_comment":0,"rttpg_category":"<a href=\"https:\/\/arantv.az\/?cat=4\" rel=\"category\">Siyas\u0259t<\/a>","rttpg_excerpt":"Avropa \u0130ttifaq\u0131, Avropa \u0130nvestisiya Bank\u0131 regiona ilkin olaraq 51 milyon avro investisiya qoyacaqlar, m\u0259qs\u0259d b\u00f6lg\u0259ni dir\u00e7\u0259ltm\u0259kd\u0259n daha \u00e7ox koridorun a\u00e7\u0131lmas\u0131n\u0131 \u0259ng\u0259ll\u0259m\u0259kdir Erm\u0259nistan Z\u0259ng\u0259zur mahal\u0131n\u0131, S\u00fcnik adland\u0131rd\u0131qlar\u0131 vilay\u0259ti xaricil\u0259rin tam n\u0259zar\u0259tin\u0259 verm\u0259y\u0259 ba\u015flay\u0131b. Vilay\u0259tin qubernatoru Robert Qukasyan deyib ki, Avropa \u0130ttifaq\u0131, Avropa \u0130nvestisiya Bank\u0131, A\u0130-nin \u00fczv\u00fc olan Avstriya, Fransa, Almaniya, Pol\u015fa, \u0130sve\u00e7 v\u0259 \u0130sve\u00e7r\u0259nin t\u0259r\u0259fda\u015f kimi&hellip;","_links":{"self":[{"href":"https:\/\/arantv.az\/index.php?rest_route=\/wp\/v2\/posts\/559599"}],"collection":[{"href":"https:\/\/arantv.az\/index.php?rest_route=\/wp\/v2\/posts"}],"about":[{"href":"https:\/\/arantv.az\/index.php?rest_route=\/wp\/v2\/types\/post"}],"author":[{"embeddable":true,"href":"https:\/\/arantv.az\/index.php?rest_route=\/wp\/v2\/users\/2"}],"replies":[{"embeddable":true,"href":"https:\/\/arantv.az\/index.php?rest_route=%2Fwp%2Fv2%2Fcomments&post=559599"}],"version-history":[{"count":0,"href":"https:\/\/arantv.az\/index.php?rest_route=\/wp\/v2\/posts\/559599\/revisions"}],"wp:featuredmedia":[{"embeddable":true,"href":"https:\/\/arantv.az\/index.php?rest_route=\/wp\/v2\/media\/559600"}],"wp:attachment":[{"href":"https:\/\/arantv.az\/index.php?rest_route=%2Fwp%2Fv2%2Fmedia&parent=559599"}],"wp:term":[{"taxonomy":"category","embeddable":true,"href":"https:\/\/arantv.az\/index.php?rest_route=%2Fwp%2Fv2%2Fcategories&post=559599"},{"taxonomy":"post_tag","embeddable":true,"href":"https:\/\/arantv.az\/index.php?rest_route=%2Fwp%2Fv2%2Ftags&post=559599"}],"curies":[{"name":"wp","href":"https:\/\/api.w.org\/{rel}","templated":true}]}}