{"id":559837,"date":"2023-02-01T14:25:57","date_gmt":"2023-02-01T11:25:57","guid":{"rendered":"https:\/\/arantv.az\/?p=559837"},"modified":"2023-02-01T14:25:57","modified_gmt":"2023-02-01T11:25:57","slug":"milli-ruhda-yetis%c9%99n-g%c9%99ncl%c9%99r-az%c9%99rbaycanin-firavan-g%c9%99l%c9%99c%c9%99yini-t%c9%99min-edir","status":"publish","type":"post","link":"https:\/\/arantv.az\/?p=559837","title":{"rendered":"Milli ruhda yeti\u015f\u0259n g\u0259ncl\u0259r Az\u0259rbaycan\u0131n firavan g\u0259l\u0259c\u0259yini t\u0259min edir"},"content":{"rendered":"<p>2 fevral &#8211; Az\u0259rbaycan G\u0259ncl\u0259ri G\u00fcn\u00fcd\u00fcr. Az\u0259rbaycan g\u0259ncl\u0259ri \u00f6z bayramlar\u0131n\u0131 qalib \u00f6lk\u0259nin v\u0259t\u0259nda\u015flar\u0131 kimi q\u00fcrurla qeyd edirl\u0259r.<\/p>\n<p>Bu \u0259lam\u0259tdar tarixi g\u00fcn g\u0259ncl\u0259r\u0259 h\u0259mi\u015f\u0259 b\u00f6y\u00fck diqq\u0259t v\u0259 qay\u011f\u0131 il\u0259 yana\u015fan, onlar\u0131n probleml\u0259rinin h\u0259lli istiqam\u0259tind\u0259 h\u0259yata ke\u00e7iril\u0259n t\u0259dbirl\u0259r\u0259 x\u00fcsusi \u00f6n\u0259m ver\u0259n, bu siyas\u0259ti m\u00fcasir m\u00fcst\u0259qil Az\u0259rbaycan d\u00f6vl\u0259tinin f\u0259aliyy\u0259tinin \u0259n m\u00fch\u00fcm istiqam\u0259tl\u0259rind\u0259n biri kimi d\u0259y\u0259rl\u0259ndir\u0259n \u00fcmummilli lider Heyd\u0259r \u018fliyevin ad\u0131 il\u0259 ba\u011fl\u0131d\u0131r. \u018fsas\u0131 \u00fcmummilli lider Heyd\u0259r \u018fliyev t\u0259r\u0259find\u0259n qoyulmu\u015f d\u00f6vl\u0259t g\u0259ncl\u0259r siyas\u0259ti Az\u0259rbaycan g\u0259ncliyinin inki\u015faf\u0131nda d\u0259rin izl\u0259r burax\u0131b. Ulu \u00d6nd\u0259rin 1997-ci il fevral\u0131n 2-d\u0259 imzalad\u0131\u011f\u0131 F\u0259rmana \u0259sas\u0259n, fevral\u0131n 2-si Az\u0259rbaycan G\u0259ncl\u0259ri G\u00fcn\u00fc elan edilib. \u00dcmummilli lider Heyd\u0259r \u018fliyev g\u0259ncl\u0259r sah\u0259sind\u0259 d\u00f6vl\u0259t siyas\u0259tinin u\u011furla h\u0259yata ke\u00e7irilm\u0259si m\u0259qs\u0259dil\u0259 b\u00fct\u00fcn d\u00fcnyaya n\u00fcmun\u0259 olacaq daha bir add\u0131m at\u0131b &#8211; bu sah\u0259nin z\u0259ruri qanunvericilik bazas\u0131n\u0131n formala\u015fd\u0131r\u0131lmas\u0131n\u0131 t\u0259min edib. G\u0259ncl\u0259rin sosial, iqtisadi v\u0259 s. probleml\u0259rinin h\u0259llin\u0259 y\u00f6n\u0259l\u0259n, onlar\u0131n \u00f6z qabiliyy\u0259tl\u0259rinin inki\u015faf etdirm\u0259l\u0259rin\u0259 k\u00f6m\u0259k ed\u0259n qanunlar, f\u0259rman, s\u0259r\u0259ncam v\u0259 D\u00f6vl\u0259t proqramlar\u0131 g\u0259nc n\u0259slin m\u00fct\u0259\u015f\u0259kkil q\u00fcvv\u0259 kimi formala\u015fmas\u0131na son d\u0259r\u0259c\u0259 m\u00fcsb\u0259t t\u0259sir g\u00f6st\u0259rib.<\/p>\n<p>Prezident \u0130lham \u018fliyev Ulu \u00d6nd\u0259rin g\u0259ncl\u0259r siyas\u0259tin\u0259 sadiqliyini \u00f6z q\u0259rarlar\u0131 il\u0259 t\u0259sdiq edir. G\u0259ncl\u0259rin m\u0259n\u0259vi inki\u015faf\u0131, v\u0259t\u0259np\u0259rv\u0259rlik t\u0259rbiy\u0259si, xarici \u00f6lk\u0259l\u0259rd\u0259 t\u0259hsili, sosial m\u00fcdafi\u0259y\u0259 ehtiyac\u0131 olanlar\u0131n probleml\u0259rinin h\u0259lli istiqam\u0259tind\u0259 g\u00f6r\u00fcl\u0259n i\u015fl\u0259r, g\u0259ncl\u0259r t\u0259\u015fkilatlar\u0131n\u0131n formala\u015fmas\u0131 v\u0259 inki\u015faf\u0131 \u00fc\u00e7\u00fcn yarad\u0131lan \u015f\u0259rait v\u0259 imkan bu sah\u0259y\u0259 b\u00f6y\u00fck diqq\u0259tin n\u0259tic\u0259sidir.<\/p>\n<p>D\u00f6vl\u0259timizin ba\u015f\u00e7\u0131s\u0131n\u0131n 2007-ci il 16 aprel tarixli S\u0259r\u0259ncam\u0131 il\u0259 t\u0259sdiq edilmi\u015f \u201c2007-2015-ci ill\u0259rd\u0259 Az\u0259rbaycan g\u0259ncl\u0259rinin xarici \u00f6lk\u0259l\u0259rd\u0259 t\u0259hsil \u00fczr\u0259 D\u00f6vl\u0259t Proqram\u0131\u201d b\u00fct\u00fcn t\u0259b\u0259q\u0259d\u0259n olan g\u0259ncl\u0259rin xaricd\u0259 t\u0259hsilin\u0259 geni\u015f imkanlar yarad\u0131b. Bu proqram \u00e7\u0259r\u00e7iv\u0259sind\u0259 minl\u0259rl\u0259 g\u0259nc d\u00fcnyan\u0131n \u0259n n\u00fcfuzlu t\u0259hsil ocaqlar\u0131nda oxuyur.<\/p>\n<p>Az\u0259rbaycan\u0131n g\u0259ncl\u0259r siyas\u0259tind\u0259 idman\u0131n inki\u015faf etdirilm\u0259si v\u0259 onun k\u00fctl\u0259viliyinin art\u0131r\u0131lmas\u0131na da x\u00fcsusi diqq\u0259t yetirilir. Prezident \u0130lham \u018fliyevin m\u0259tin irad\u0259si v\u0259 b\u00f6y\u00fck s\u0259yl\u0259ri n\u0259tic\u0259sind\u0259 Az\u0259rbaycan d\u00fcnyan\u0131n qabaqc\u0131l idman \u00f6lk\u0259l\u0259rind\u0259n birin\u0259 \u00e7evrilib. Beyn\u0259lxalq yar\u0131\u015flarda q\u0259l\u0259b\u0259 qazanan g\u0259nc idman\u00e7\u0131lar\u0131n layiqinc\u0259 qiym\u0259tl\u0259ndirilm\u0259si d\u0259 onlar\u0131n yeni u\u011furlar\u0131nda m\u00fch\u00fcm rol oynay\u0131r. Az\u0259rbaycan g\u0259ncl\u0259ri \u00fc\u00e7\u00fcn \u0259n h\u0259lledici s\u0131naqlardan biri d\u0259 sentyabr\u0131n 27-d\u0259 ba\u015flayan v\u0259 noyabr\u0131n 10-d\u0259k davam ed\u0259n V\u0259t\u0259n m\u00fcharib\u0259si oldu. R\u0259\u015fad\u0259tli Az\u0259rbaycan Ordusunun s\u0131ralar\u0131nda V\u0259t\u0259n u\u011frunda m\u0259tan\u0259tl\u0259 vuru\u015fan q\u0259hr\u0259man g\u0259ncl\u0259rimiz adlar\u0131n\u0131 xalq\u0131m\u0131z\u0131n \u0259n yeni tarixin\u0259 q\u0131z\u0131l h\u0259rfl\u0259rl\u0259 yazd\u0131lar. M\u0259hz onlar\u0131n r\u0259\u015fad\u0259ti say\u0259sind\u0259 \u0259ld\u0259 olunan bu \u015eanl\u0131 Z\u0259f\u0259r say\u0259sind\u0259 Az\u0259rbaycan \u0259razi b\u00fct\u00f6vl\u00fcy\u00fcn\u00fc b\u0259rpa etdi. Sevindirici hald\u0131r ki, g\u0259ncl\u0259rimiz V\u0259t\u0259n u\u011frunda d\u00f6y\u00fc\u015fl\u0259rl\u0259 yana\u015f\u0131, arxa c\u0259bh\u0259d\u0259 d\u0259 y\u00fcks\u0259k f\u0259all\u0131q g\u00f6st\u0259rib, \u00f6lk\u0259mizl\u0259 ba\u011fl\u0131 h\u0259qiq\u0259tl\u0259rin, i\u015f\u011fal\u00e7\u0131 Erm\u0259nistan\u0131n \u0259z\u0259li torpaqlar\u0131m\u0131zda t\u00f6r\u0259tdikl\u0259ri vandall\u0131q aktlar\u0131n\u0131n beyn\u0259lxalq ictimaiyy\u0259tin diqq\u0259tin\u0259 \u00e7atd\u0131r\u0131lmas\u0131nda f\u0259al i\u015ftirak edibl\u0259r.<\/p>\n<p>Bu g\u00fcn h\u0259r birimiz f\u0259xr edirik ki, M\u00fcz\u0259ff\u0259r Ali Ba\u015f Komandan\u0131n q\u0259tiyy\u0259ti v\u0259 uzaqg\u00f6r\u0259n r\u0259hb\u0259rliyi, r\u0259\u015fad\u0259tli Az\u0259rbaycan Ordusunun pe\u015f\u0259karl\u0131\u011f\u0131 v\u0259 q\u0259l\u0259b\u0259 \u0259zmi, xalq\u0131m\u0131z\u0131n m\u0259tan\u0259ti say\u0259sind\u0259 torpaqlar\u0131m\u0131z i\u015f\u011faldan azad edilib. Azad edil\u0259n torpaqlar\u0131m\u0131zda g\u00f6r\u00fcl\u0259c\u0259k quruculuq-abadl\u0131q i\u015fl\u0259rind\u0259, do\u011fma diyar\u0131m\u0131z\u0131n yenid\u0259n \u00e7i\u00e7\u0259kl\u0259nm\u0259sind\u0259 g\u0259ncl\u0259rimizin d\u0259 i\u015ftirak\u0131 m\u00fch\u00fcm \u0259h\u0259miyy\u0259t k\u0259sb edir. Az\u0259rbaycan g\u0259ncl\u0259rinin \u00f6lk\u0259 h\u0259yat\u0131nda y\u00fcks\u0259k f\u0259all\u0131\u011f\u0131, v\u0259t\u0259np\u0259rv\u0259rliyi, d\u00f6vl\u0259t\u0259 v\u0259 V\u0259t\u0259n\u0259 ba\u011fl\u0131l\u0131\u011f\u0131 g\u0259ncl\u0259rimizin bu prosesd\u0259 d\u0259 f\u0259al i\u015ftirak ed\u0259c\u0259kl\u0259rini dem\u0259y\u0259 g\u00fccl\u00fc \u0259sas yarad\u0131r.<\/p>\n<p><img src=\"https:\/\/ikisahil.az\/upload\/\/2023\/02\/01\/\/-cf9a242b167524931438766985810584659.jpeg\" alt=\"\" \/><\/p>\n<p><strong>Sara H\u00fcseynova,<\/strong><\/p>\n<p><em>YAP Yevlax rayon t\u0259\u015fkilat\u0131n\u0131n f\u0259al\u0131<\/em><\/p>\n","protected":false},"excerpt":{"rendered":"<p>2 fevral &#8211; Az\u0259rbaycan G\u0259ncl\u0259ri G\u00fcn\u00fcd\u00fcr. Az\u0259rbaycan g\u0259ncl\u0259ri \u00f6z bayramlar\u0131n\u0131 qalib \u00f6lk\u0259nin v\u0259t\u0259nda\u015flar\u0131 kimi q\u00fcrurla qeyd edirl\u0259r. Bu \u0259lam\u0259tdar tarixi g\u00fcn g\u0259ncl\u0259r\u0259 h\u0259mi\u015f\u0259 b\u00f6y\u00fck diqq\u0259t v\u0259 qay\u011f\u0131 il\u0259 yana\u015fan, onlar\u0131n probleml\u0259rinin h\u0259lli istiqam\u0259tind\u0259 h\u0259yata ke\u00e7iril\u0259n t\u0259dbirl\u0259r\u0259 x\u00fcsusi \u00f6n\u0259m ver\u0259n, bu siyas\u0259ti m\u00fcasir m\u00fcst\u0259qil Az\u0259rbaycan d\u00f6vl\u0259tinin f\u0259aliyy\u0259tinin \u0259n m\u00fch\u00fcm istiqam\u0259tl\u0259rind\u0259n biri kimi d\u0259y\u0259rl\u0259ndir\u0259n \u00fcmummilli lider Heyd\u0259r \u018fliyevin ad\u0131 il\u0259 ba\u011fl\u0131d\u0131r. \u018fsas\u0131 \u00fcmummilli lider Heyd\u0259r \u018fliyev t\u0259r\u0259find\u0259n qoyulmu\u015f d\u00f6vl\u0259t g\u0259ncl\u0259r siyas\u0259ti Az\u0259rbaycan g\u0259ncliyinin inki\u015faf\u0131nda d\u0259rin izl\u0259r burax\u0131b. Ulu \u00d6nd\u0259rin 1997-ci il fevral\u0131n 2-d\u0259 imzalad\u0131\u011f\u0131 F\u0259rmana \u0259sas\u0259n, fevral\u0131n 2-si Az\u0259rbaycan G\u0259ncl\u0259ri G\u00fcn\u00fc elan&hellip;<\/p>\n","protected":false},"author":2,"featured_media":559838,"comment_status":"closed","ping_status":"closed","sticky":false,"template":"","format":"standard","meta":{"om_disable_all_campaigns":false,"_monsterinsights_skip_tracking":false,"_monsterinsights_sitenote_active":false,"_monsterinsights_sitenote_note":"","_monsterinsights_sitenote_category":0},"categories":[1],"tags":[],"aioseo_notices":[],"gutentor_comment":0,"rttpg_featured_image_url":{"full":["https:\/\/arantv.az\/wp-content\/uploads\/2023\/02\/5a01f059167524928735294762610346155.jpg",975,540,false],"landscape":["https:\/\/arantv.az\/wp-content\/uploads\/2023\/02\/5a01f059167524928735294762610346155.jpg",975,540,false],"portraits":["https:\/\/arantv.az\/wp-content\/uploads\/2023\/02\/5a01f059167524928735294762610346155.jpg",975,540,false],"thumbnail":["https:\/\/arantv.az\/wp-content\/uploads\/2023\/02\/5a01f059167524928735294762610346155-500x280.jpg",500,280,true],"medium":["https:\/\/arantv.az\/wp-content\/uploads\/2023\/02\/5a01f059167524928735294762610346155-660x365.jpg",660,365,true],"large":["https:\/\/arantv.az\/wp-content\/uploads\/2023\/02\/5a01f059167524928735294762610346155-840x465.jpg",640,354,true],"1536x1536":["https:\/\/arantv.az\/wp-content\/uploads\/2023\/02\/5a01f059167524928735294762610346155.jpg",975,540,false],"2048x2048":["https:\/\/arantv.az\/wp-content\/uploads\/2023\/02\/5a01f059167524928735294762610346155.jpg",975,540,false],"post-thumbnail":["https:\/\/arantv.az\/wp-content\/uploads\/2023\/02\/5a01f059167524928735294762610346155-240x172.jpg",240,172,true],"advps-thumb-one":["https:\/\/arantv.az\/wp-content\/uploads\/2023\/02\/5a01f059167524928735294762610346155.jpg",975,540,false]},"rttpg_author":{"display_name":"V\u00fcsal Rafiqo\u011flu","author_link":"https:\/\/arantv.az\/?author=2"},"rttpg_comment":0,"rttpg_category":"<a href=\"https:\/\/arantv.az\/?cat=1\" rel=\"category\">C\u0259miyy\u0259t<\/a>","rttpg_excerpt":"2 fevral &#8211; Az\u0259rbaycan G\u0259ncl\u0259ri G\u00fcn\u00fcd\u00fcr. Az\u0259rbaycan g\u0259ncl\u0259ri \u00f6z bayramlar\u0131n\u0131 qalib \u00f6lk\u0259nin v\u0259t\u0259nda\u015flar\u0131 kimi q\u00fcrurla qeyd edirl\u0259r. Bu \u0259lam\u0259tdar tarixi g\u00fcn g\u0259ncl\u0259r\u0259 h\u0259mi\u015f\u0259 b\u00f6y\u00fck diqq\u0259t v\u0259 qay\u011f\u0131 il\u0259 yana\u015fan, onlar\u0131n probleml\u0259rinin h\u0259lli istiqam\u0259tind\u0259 h\u0259yata ke\u00e7iril\u0259n t\u0259dbirl\u0259r\u0259 x\u00fcsusi \u00f6n\u0259m ver\u0259n, bu siyas\u0259ti m\u00fcasir m\u00fcst\u0259qil Az\u0259rbaycan d\u00f6vl\u0259tinin f\u0259aliyy\u0259tinin \u0259n m\u00fch\u00fcm istiqam\u0259tl\u0259rind\u0259n biri kimi d\u0259y\u0259rl\u0259ndir\u0259n \u00fcmummilli lider Heyd\u0259r&hellip;","_links":{"self":[{"href":"https:\/\/arantv.az\/index.php?rest_route=\/wp\/v2\/posts\/559837"}],"collection":[{"href":"https:\/\/arantv.az\/index.php?rest_route=\/wp\/v2\/posts"}],"about":[{"href":"https:\/\/arantv.az\/index.php?rest_route=\/wp\/v2\/types\/post"}],"author":[{"embeddable":true,"href":"https:\/\/arantv.az\/index.php?rest_route=\/wp\/v2\/users\/2"}],"replies":[{"embeddable":true,"href":"https:\/\/arantv.az\/index.php?rest_route=%2Fwp%2Fv2%2Fcomments&post=559837"}],"version-history":[{"count":0,"href":"https:\/\/arantv.az\/index.php?rest_route=\/wp\/v2\/posts\/559837\/revisions"}],"wp:featuredmedia":[{"embeddable":true,"href":"https:\/\/arantv.az\/index.php?rest_route=\/wp\/v2\/media\/559838"}],"wp:attachment":[{"href":"https:\/\/arantv.az\/index.php?rest_route=%2Fwp%2Fv2%2Fmedia&parent=559837"}],"wp:term":[{"taxonomy":"category","embeddable":true,"href":"https:\/\/arantv.az\/index.php?rest_route=%2Fwp%2Fv2%2Fcategories&post=559837"},{"taxonomy":"post_tag","embeddable":true,"href":"https:\/\/arantv.az\/index.php?rest_route=%2Fwp%2Fv2%2Ftags&post=559837"}],"curies":[{"name":"wp","href":"https:\/\/api.w.org\/{rel}","templated":true}]}}