{"id":559841,"date":"2023-02-01T14:59:07","date_gmt":"2023-02-01T11:59:07","guid":{"rendered":"https:\/\/arantv.az\/?p=559841"},"modified":"2023-02-01T14:59:07","modified_gmt":"2023-02-01T11:59:07","slug":"naxcivanla-turkiy%c9%99-arasindaki-quru-s%c9%99rh%c9%99d-acildi","status":"publish","type":"post","link":"https:\/\/arantv.az\/?p=559841","title":{"rendered":"Nax\u00e7\u0131vanla T\u00fcrkiy\u0259 aras\u0131ndak\u0131 quru s\u0259rh\u0259d a\u00e7\u0131ld\u0131"},"content":{"rendered":"<p>Nax\u00e7\u0131van Muxtar Respublikas\u0131 s\u0259rh\u0259dind\u0259n T\u00fcrkiy\u0259y\u0259 gedi\u015f-g\u0259li\u015f\u0259 qoyulmu\u015f qada\u011fa l\u0259\u011fv edilib.<\/p>\n<p><strong>ARANTV.AZ<\/strong>-\u0131n m\u0259lumata g\u00f6r\u0259, fevral\u0131n 1-d\u0259n S\u0259d\u0259r\u0259k G\u00f6mr\u00fck S\u0259rh\u0259d-Burax\u0131l\u0131\u015f M\u0259nt\u0259q\u0259sind\u0259n avtomobill\u0259rin ke\u00e7idin\u0259 icaz\u0259 verilib.<\/p>\n<div class=\"AdviadNativeVideo\"><\/div>\n<p>S\u0259rh\u0259di yaln\u0131z Nax\u00e7\u0131van MR-da qeydiyyat\u0131 olan\u00a0\u015f\u0259xsl\u0259r avtomobill\u0259ri il\u0259\u00a0ke\u00e7\u0259 bil\u0259rl\u0259r.<\/p>\n<p>H\u0259l\u0259lik avtobuslar\u0131n gedi\u015f-g\u0259li\u015fin\u0259 qoyulan qada\u011fa\u00a0q\u00fcvv\u0259d\u0259 saxlan\u0131l\u0131b.<\/p>\n<p>Qeyd ed\u0259k ki, 2020-ci ild\u0259 koronavirus pandemiyas\u0131 ba\u015flayan zaman\u00a0Az\u0259rbaycan\u0131n quru s\u0259rh\u0259dl\u0259ri b\u00fct\u00fcn qon\u015fu \u00f6lk\u0259l\u0259r \u00fc\u00e7\u00fcn ba\u011fland\u0131. Sad\u0259c\u0259\u00a0Nax\u00e7\u0131van MR-d\u0259n \u0130ran v\u0259 T\u00fcrkiy\u0259y\u0259 gedi\u015f-g\u0259li\u015f\u0259 icaz\u0259 verilirdi.<\/p>\n<p>\u00d6t\u0259n il\u00a0iyulun 1-d\u0259n etibar\u0259n is\u0259 Nax\u00e7\u0131vanda da y\u00fck ma\u015f\u0131nlar\u0131 istisna olmaqla dig\u0259r avtomobill\u0259r \u00fc\u00e7\u00fcn ke\u00e7id tam olaraq dayand\u0131r\u0131lm\u0131\u015fd\u0131.<\/p>\n","protected":false},"excerpt":{"rendered":"<p>Nax\u00e7\u0131van Muxtar Respublikas\u0131 s\u0259rh\u0259dind\u0259n T\u00fcrkiy\u0259y\u0259 gedi\u015f-g\u0259li\u015f\u0259 qoyulmu\u015f qada\u011fa l\u0259\u011fv edilib. ARANTV.AZ-\u0131n m\u0259lumata g\u00f6r\u0259, fevral\u0131n 1-d\u0259n S\u0259d\u0259r\u0259k G\u00f6mr\u00fck S\u0259rh\u0259d-Burax\u0131l\u0131\u015f M\u0259nt\u0259q\u0259sind\u0259n avtomobill\u0259rin ke\u00e7idin\u0259 icaz\u0259 verilib. S\u0259rh\u0259di yaln\u0131z Nax\u00e7\u0131van MR-da qeydiyyat\u0131 olan\u00a0\u015f\u0259xsl\u0259r avtomobill\u0259ri il\u0259\u00a0ke\u00e7\u0259 bil\u0259rl\u0259r. H\u0259l\u0259lik avtobuslar\u0131n gedi\u015f-g\u0259li\u015fin\u0259 qoyulan qada\u011fa\u00a0q\u00fcvv\u0259d\u0259 saxlan\u0131l\u0131b. Qeyd ed\u0259k ki, 2020-ci ild\u0259 koronavirus pandemiyas\u0131 ba\u015flayan zaman\u00a0Az\u0259rbaycan\u0131n quru s\u0259rh\u0259dl\u0259ri b\u00fct\u00fcn qon\u015fu \u00f6lk\u0259l\u0259r \u00fc\u00e7\u00fcn ba\u011fland\u0131. Sad\u0259c\u0259\u00a0Nax\u00e7\u0131van MR-d\u0259n \u0130ran v\u0259 T\u00fcrkiy\u0259y\u0259 gedi\u015f-g\u0259li\u015f\u0259 icaz\u0259 verilirdi. \u00d6t\u0259n il\u00a0iyulun 1-d\u0259n etibar\u0259n is\u0259 Nax\u00e7\u0131vanda da y\u00fck ma\u015f\u0131nlar\u0131 istisna olmaqla dig\u0259r avtomobill\u0259r \u00fc\u00e7\u00fcn ke\u00e7id tam olaraq dayand\u0131r\u0131lm\u0131\u015fd\u0131.<\/p>\n","protected":false},"author":2,"featured_media":559842,"comment_status":"closed","ping_status":"closed","sticky":false,"template":"","format":"standard","meta":{"om_disable_all_campaigns":false,"_monsterinsights_skip_tracking":false,"_monsterinsights_sitenote_active":false,"_monsterinsights_sitenote_note":"","_monsterinsights_sitenote_category":0},"categories":[1],"tags":[],"aioseo_notices":[],"gutentor_comment":0,"rttpg_featured_image_url":{"full":["https:\/\/arantv.az\/wp-content\/uploads\/2023\/02\/FotoJet-85.jpg",620,413,false],"landscape":["https:\/\/arantv.az\/wp-content\/uploads\/2023\/02\/FotoJet-85.jpg",620,413,false],"portraits":["https:\/\/arantv.az\/wp-content\/uploads\/2023\/02\/FotoJet-85.jpg",620,413,false],"thumbnail":["https:\/\/arantv.az\/wp-content\/uploads\/2023\/02\/FotoJet-85-500x280.jpg",500,280,true],"medium":["https:\/\/arantv.az\/wp-content\/uploads\/2023\/02\/FotoJet-85-548x365.jpg",548,365,true],"large":["https:\/\/arantv.az\/wp-content\/uploads\/2023\/02\/FotoJet-85.jpg",620,413,false],"1536x1536":["https:\/\/arantv.az\/wp-content\/uploads\/2023\/02\/FotoJet-85.jpg",620,413,false],"2048x2048":["https:\/\/arantv.az\/wp-content\/uploads\/2023\/02\/FotoJet-85.jpg",620,413,false],"post-thumbnail":["https:\/\/arantv.az\/wp-content\/uploads\/2023\/02\/FotoJet-85-240x172.jpg",240,172,true],"advps-thumb-one":["https:\/\/arantv.az\/wp-content\/uploads\/2023\/02\/FotoJet-85.jpg",620,413,false]},"rttpg_author":{"display_name":"V\u00fcsal Rafiqo\u011flu","author_link":"https:\/\/arantv.az\/?author=2"},"rttpg_comment":0,"rttpg_category":"<a href=\"https:\/\/arantv.az\/?cat=1\" rel=\"category\">C\u0259miyy\u0259t<\/a>","rttpg_excerpt":"Nax\u00e7\u0131van Muxtar Respublikas\u0131 s\u0259rh\u0259dind\u0259n T\u00fcrkiy\u0259y\u0259 gedi\u015f-g\u0259li\u015f\u0259 qoyulmu\u015f qada\u011fa l\u0259\u011fv edilib. ARANTV.AZ-\u0131n m\u0259lumata g\u00f6r\u0259, fevral\u0131n 1-d\u0259n S\u0259d\u0259r\u0259k G\u00f6mr\u00fck S\u0259rh\u0259d-Burax\u0131l\u0131\u015f M\u0259nt\u0259q\u0259sind\u0259n avtomobill\u0259rin ke\u00e7idin\u0259 icaz\u0259 verilib. S\u0259rh\u0259di yaln\u0131z Nax\u00e7\u0131van MR-da qeydiyyat\u0131 olan\u00a0\u015f\u0259xsl\u0259r avtomobill\u0259ri il\u0259\u00a0ke\u00e7\u0259 bil\u0259rl\u0259r. H\u0259l\u0259lik avtobuslar\u0131n gedi\u015f-g\u0259li\u015fin\u0259 qoyulan qada\u011fa\u00a0q\u00fcvv\u0259d\u0259 saxlan\u0131l\u0131b. Qeyd ed\u0259k ki, 2020-ci ild\u0259 koronavirus pandemiyas\u0131 ba\u015flayan zaman\u00a0Az\u0259rbaycan\u0131n quru s\u0259rh\u0259dl\u0259ri b\u00fct\u00fcn qon\u015fu \u00f6lk\u0259l\u0259r \u00fc\u00e7\u00fcn ba\u011fland\u0131. Sad\u0259c\u0259\u00a0Nax\u00e7\u0131van&hellip;","_links":{"self":[{"href":"https:\/\/arantv.az\/index.php?rest_route=\/wp\/v2\/posts\/559841"}],"collection":[{"href":"https:\/\/arantv.az\/index.php?rest_route=\/wp\/v2\/posts"}],"about":[{"href":"https:\/\/arantv.az\/index.php?rest_route=\/wp\/v2\/types\/post"}],"author":[{"embeddable":true,"href":"https:\/\/arantv.az\/index.php?rest_route=\/wp\/v2\/users\/2"}],"replies":[{"embeddable":true,"href":"https:\/\/arantv.az\/index.php?rest_route=%2Fwp%2Fv2%2Fcomments&post=559841"}],"version-history":[{"count":0,"href":"https:\/\/arantv.az\/index.php?rest_route=\/wp\/v2\/posts\/559841\/revisions"}],"wp:featuredmedia":[{"embeddable":true,"href":"https:\/\/arantv.az\/index.php?rest_route=\/wp\/v2\/media\/559842"}],"wp:attachment":[{"href":"https:\/\/arantv.az\/index.php?rest_route=%2Fwp%2Fv2%2Fmedia&parent=559841"}],"wp:term":[{"taxonomy":"category","embeddable":true,"href":"https:\/\/arantv.az\/index.php?rest_route=%2Fwp%2Fv2%2Fcategories&post=559841"},{"taxonomy":"post_tag","embeddable":true,"href":"https:\/\/arantv.az\/index.php?rest_route=%2Fwp%2Fv2%2Ftags&post=559841"}],"curies":[{"name":"wp","href":"https:\/\/api.w.org\/{rel}","templated":true}]}}