{"id":559844,"date":"2023-02-01T15:02:26","date_gmt":"2023-02-01T12:02:26","guid":{"rendered":"https:\/\/arantv.az\/?p=559844"},"modified":"2023-02-01T15:02:26","modified_gmt":"2023-02-01T12:02:26","slug":"irandan-s%c9%99firliyimizd%c9%99-terakt-tor%c9%99d%c9%99n-s%c9%99xsi-m%c9%99suliyy%c9%99td%c9%99n-yayindirmaq-ucun-yeni-hiyl%c9%99","status":"publish","type":"post","link":"https:\/\/arantv.az\/?p=559844","title":{"rendered":"\u0130randan s\u0259firliyimizd\u0259 terakt t\u00f6r\u0259d\u0259n \u015f\u0259xsi m\u0259suliyy\u0259td\u0259n yay\u0131nd\u0131rmaq \u00fc\u00e7\u00fcn YEN\u0130 H\u0130YL\u018f"},"content":{"rendered":"<p>Yanvar\u0131n 27-d\u0259 Az\u0259rbaycan\u0131n Tehran \u015f\u0259h\u0259rind\u0259 yerl\u0259\u015f\u0259n s\u0259firliyind\u0259 terror akt\u0131 t\u00f6r\u0259d\u0259n\u00a0\u0130ran v\u0259t\u0259nda\u015f\u0131 Yasin H\u00fcseynzad\u0259\u00a0ruhi x\u0259st\u0259xanaya yerl\u0259\u015fdirilib.<\/p>\n<p>\u0130ran medias\u0131 x\u0259b\u0259r verir ki, cinay\u0259t i\u015finin istintaq\u0131n\u0131 h\u0259yata ke\u00e7ir\u0259n Tehran Cinay\u0259t Prokurorlu\u011funun q\u0259na\u0259tin\u0259 g\u00f6r\u0259, Y.H\u00fcseynzad\u0259 \u015fizofreniya da daxil olmaqla bir s\u0131ra psixi probleml\u0259rd\u0259n \u0259ziyy\u0259t \u00e7\u0259kir.<\/p>\n<div class=\"AdviadNativeVideo\"><\/div>\n<p>H\u0259m\u00e7inin m\u0259lum olub ki, Az\u0259rbaycan Respublikas\u0131n\u0131n s\u0259firliyind\u0259 terror akt\u0131 t\u00f6r\u0259d\u0259n\u00a0cinay\u0259tkar az\u0131 bir ay m\u00fcdd\u0259tin\u0259 Tehranda yerl\u0259\u015f\u0259n psixiatriya x\u0259st\u0259xanalar\u0131ndan birind\u0259 qalacaq v\u0259 burada m\u00fcxt\u0259lif m\u00fcayin\u0259l\u0259rd\u0259n ke\u00e7iril\u0259c\u0259k.<\/p>\n<p>Bu fakt\u0131n \u00f6z\u00fc art\u0131q r\u0259smi Tehran\u0131n cinay\u0259tkar Yasin H\u00fcseynzad\u0259ni \u00f6z himay\u0259si alt\u0131na g\u00f6t\u00fcrd\u00fcy\u00fcn\u00fc bir daha s\u00fcbut edir.<\/p>\n<p>Qeyd ed\u0259k ki, bundan \u0259vv\u0259l \u0130ran hakimiyy\u0259ti terror h\u00fccumu ed\u0259n \u015f\u0259xsin cinay\u0259t \u0259m\u0259lini guya ail\u0259 m\u00fcnaqi\u015f\u0259si z\u0259minind\u0259 t\u00f6r\u0259tdiyini bildirmi\u015fdi.<\/p>\n<p>M\u0259nb\u0259: Khabarban.com<\/p>\n","protected":false},"excerpt":{"rendered":"<p>Yanvar\u0131n 27-d\u0259 Az\u0259rbaycan\u0131n Tehran \u015f\u0259h\u0259rind\u0259 yerl\u0259\u015f\u0259n s\u0259firliyind\u0259 terror akt\u0131 t\u00f6r\u0259d\u0259n\u00a0\u0130ran v\u0259t\u0259nda\u015f\u0131 Yasin H\u00fcseynzad\u0259\u00a0ruhi x\u0259st\u0259xanaya yerl\u0259\u015fdirilib. \u0130ran medias\u0131 x\u0259b\u0259r verir ki, cinay\u0259t i\u015finin istintaq\u0131n\u0131 h\u0259yata ke\u00e7ir\u0259n Tehran Cinay\u0259t Prokurorlu\u011funun q\u0259na\u0259tin\u0259 g\u00f6r\u0259, Y.H\u00fcseynzad\u0259 \u015fizofreniya da daxil olmaqla bir s\u0131ra psixi probleml\u0259rd\u0259n \u0259ziyy\u0259t \u00e7\u0259kir. H\u0259m\u00e7inin m\u0259lum olub ki, Az\u0259rbaycan Respublikas\u0131n\u0131n s\u0259firliyind\u0259 terror akt\u0131 t\u00f6r\u0259d\u0259n\u00a0cinay\u0259tkar az\u0131 bir ay m\u00fcdd\u0259tin\u0259 Tehranda yerl\u0259\u015f\u0259n psixiatriya x\u0259st\u0259xanalar\u0131ndan birind\u0259 qalacaq v\u0259 burada m\u00fcxt\u0259lif m\u00fcayin\u0259l\u0259rd\u0259n ke\u00e7iril\u0259c\u0259k. Bu fakt\u0131n \u00f6z\u00fc art\u0131q r\u0259smi Tehran\u0131n cinay\u0259tkar Yasin H\u00fcseynzad\u0259ni \u00f6z himay\u0259si alt\u0131na g\u00f6t\u00fcrd\u00fcy\u00fcn\u00fc bir daha s\u00fcbut edir. Qeyd ed\u0259k ki, bundan \u0259vv\u0259l \u0130ran hakimiyy\u0259ti&hellip;<\/p>\n","protected":false},"author":2,"featured_media":559845,"comment_status":"closed","ping_status":"closed","sticky":false,"template":"","format":"standard","meta":{"om_disable_all_campaigns":false,"_monsterinsights_skip_tracking":false,"_monsterinsights_sitenote_active":false,"_monsterinsights_sitenote_note":"","_monsterinsights_sitenote_category":0},"categories":[7],"tags":[],"aioseo_notices":[],"gutentor_comment":0,"rttpg_featured_image_url":{"full":["https:\/\/arantv.az\/wp-content\/uploads\/2023\/02\/FotoJet-18.jpg",620,413,false],"landscape":["https:\/\/arantv.az\/wp-content\/uploads\/2023\/02\/FotoJet-18.jpg",620,413,false],"portraits":["https:\/\/arantv.az\/wp-content\/uploads\/2023\/02\/FotoJet-18.jpg",620,413,false],"thumbnail":["https:\/\/arantv.az\/wp-content\/uploads\/2023\/02\/FotoJet-18-500x280.jpg",500,280,true],"medium":["https:\/\/arantv.az\/wp-content\/uploads\/2023\/02\/FotoJet-18-548x365.jpg",548,365,true],"large":["https:\/\/arantv.az\/wp-content\/uploads\/2023\/02\/FotoJet-18.jpg",620,413,false],"1536x1536":["https:\/\/arantv.az\/wp-content\/uploads\/2023\/02\/FotoJet-18.jpg",620,413,false],"2048x2048":["https:\/\/arantv.az\/wp-content\/uploads\/2023\/02\/FotoJet-18.jpg",620,413,false],"post-thumbnail":["https:\/\/arantv.az\/wp-content\/uploads\/2023\/02\/FotoJet-18-240x172.jpg",240,172,true],"advps-thumb-one":["https:\/\/arantv.az\/wp-content\/uploads\/2023\/02\/FotoJet-18.jpg",620,413,false]},"rttpg_author":{"display_name":"V\u00fcsal Rafiqo\u011flu","author_link":"https:\/\/arantv.az\/?author=2"},"rttpg_comment":0,"rttpg_category":"<a href=\"https:\/\/arantv.az\/?cat=7\" rel=\"category\">D\u00fcnya<\/a>","rttpg_excerpt":"Yanvar\u0131n 27-d\u0259 Az\u0259rbaycan\u0131n Tehran \u015f\u0259h\u0259rind\u0259 yerl\u0259\u015f\u0259n s\u0259firliyind\u0259 terror akt\u0131 t\u00f6r\u0259d\u0259n\u00a0\u0130ran v\u0259t\u0259nda\u015f\u0131 Yasin H\u00fcseynzad\u0259\u00a0ruhi x\u0259st\u0259xanaya yerl\u0259\u015fdirilib. \u0130ran medias\u0131 x\u0259b\u0259r verir ki, cinay\u0259t i\u015finin istintaq\u0131n\u0131 h\u0259yata ke\u00e7ir\u0259n Tehran Cinay\u0259t Prokurorlu\u011funun q\u0259na\u0259tin\u0259 g\u00f6r\u0259, Y.H\u00fcseynzad\u0259 \u015fizofreniya da daxil olmaqla bir s\u0131ra psixi probleml\u0259rd\u0259n \u0259ziyy\u0259t \u00e7\u0259kir. H\u0259m\u00e7inin m\u0259lum olub ki, Az\u0259rbaycan Respublikas\u0131n\u0131n s\u0259firliyind\u0259 terror akt\u0131 t\u00f6r\u0259d\u0259n\u00a0cinay\u0259tkar az\u0131 bir ay m\u00fcdd\u0259tin\u0259&hellip;","_links":{"self":[{"href":"https:\/\/arantv.az\/index.php?rest_route=\/wp\/v2\/posts\/559844"}],"collection":[{"href":"https:\/\/arantv.az\/index.php?rest_route=\/wp\/v2\/posts"}],"about":[{"href":"https:\/\/arantv.az\/index.php?rest_route=\/wp\/v2\/types\/post"}],"author":[{"embeddable":true,"href":"https:\/\/arantv.az\/index.php?rest_route=\/wp\/v2\/users\/2"}],"replies":[{"embeddable":true,"href":"https:\/\/arantv.az\/index.php?rest_route=%2Fwp%2Fv2%2Fcomments&post=559844"}],"version-history":[{"count":0,"href":"https:\/\/arantv.az\/index.php?rest_route=\/wp\/v2\/posts\/559844\/revisions"}],"wp:featuredmedia":[{"embeddable":true,"href":"https:\/\/arantv.az\/index.php?rest_route=\/wp\/v2\/media\/559845"}],"wp:attachment":[{"href":"https:\/\/arantv.az\/index.php?rest_route=%2Fwp%2Fv2%2Fmedia&parent=559844"}],"wp:term":[{"taxonomy":"category","embeddable":true,"href":"https:\/\/arantv.az\/index.php?rest_route=%2Fwp%2Fv2%2Fcategories&post=559844"},{"taxonomy":"post_tag","embeddable":true,"href":"https:\/\/arantv.az\/index.php?rest_route=%2Fwp%2Fv2%2Ftags&post=559844"}],"curies":[{"name":"wp","href":"https:\/\/api.w.org\/{rel}","templated":true}]}}