{"id":559847,"date":"2023-02-01T15:05:46","date_gmt":"2023-02-01T12:05:46","guid":{"rendered":"https:\/\/arantv.az\/?p=559847"},"modified":"2023-02-01T15:05:46","modified_gmt":"2023-02-01T12:05:46","slug":"prezidentd%c9%99n-yuks%c9%99k-v%c9%99zif%c9%99y%c9%99-t%c9%99yinat-2","status":"publish","type":"post","link":"https:\/\/arantv.az\/?p=559847","title":{"rendered":"Prezidentd\u0259n y\u00fcks\u0259k v\u0259zif\u0259y\u0259 T\u018fY\u0130NAT"},"content":{"rendered":"<p>Az\u0259rbaycan Prezidenti\u00a0<strong>\u0130lham \u018fliyevin<\/strong>\u00a02023-c\u00fc il 28 yanvar tarixli m\u00fcvafiq S\u0259r\u0259ncam\u0131 il\u0259 B\u0259hruz \u018fmir o\u011flu M\u0259mm\u0259dov Az\u0259rbaycan Minat\u0259mizl\u0259m\u0259 Agentliyinin \u0130dar\u0259 Hey\u0259ti s\u0259drinin birinci m\u00fcavini v\u0259zif\u0259sin\u0259 t\u0259yin edilib.<\/p>\n<div class=\"AdviadNativeVideo\"><\/div>\n<p>Bu bar\u0259d\u0259 ANAMA-dan m\u0259lumat verilib.<\/p>\n<p>Bildirilib ki, bu g\u00fcn B\u0259hruz M\u0259mm\u0259dov kollektiv\u0259 t\u0259qdim olunub.<\/p>\n<p>B\u0259hruz M\u0259mm\u0259dovu kollektiv\u0259 Agentliyin \u0130dar\u0259 Hey\u0259tinin s\u0259dri V\u00fcqar S\u00fcleymanov t\u0259qdim edib.<\/p>\n<p>Qeyd ed\u0259k ki, B\u0259hruz M\u0259mm\u0259dov m\u00fcvafiq t\u0259yinatad\u0259k Az\u0259rbaycan Respublikas\u0131 Nazirl\u0259r Kabineti Aparat\u0131n\u0131n T\u0259hl\u00fck\u0259sizlik, m\u00fcdafi\u0259 v\u0259 s\u0259f\u0259rb\u0259rlik \u015f\u00f6b\u0259si m\u00fcdirinin m\u00fcavini v\u0259zif\u0259sind\u0259 \u00e7al\u0131\u015f\u0131b.<\/p>\n","protected":false},"excerpt":{"rendered":"<p>Az\u0259rbaycan Prezidenti\u00a0\u0130lham \u018fliyevin\u00a02023-c\u00fc il 28 yanvar tarixli m\u00fcvafiq S\u0259r\u0259ncam\u0131 il\u0259 B\u0259hruz \u018fmir o\u011flu M\u0259mm\u0259dov Az\u0259rbaycan Minat\u0259mizl\u0259m\u0259 Agentliyinin \u0130dar\u0259 Hey\u0259ti s\u0259drinin birinci m\u00fcavini v\u0259zif\u0259sin\u0259 t\u0259yin edilib. Bu bar\u0259d\u0259 ANAMA-dan m\u0259lumat verilib. Bildirilib ki, bu g\u00fcn B\u0259hruz M\u0259mm\u0259dov kollektiv\u0259 t\u0259qdim olunub. B\u0259hruz M\u0259mm\u0259dovu kollektiv\u0259 Agentliyin \u0130dar\u0259 Hey\u0259tinin s\u0259dri V\u00fcqar S\u00fcleymanov t\u0259qdim edib. Qeyd ed\u0259k ki, B\u0259hruz M\u0259mm\u0259dov m\u00fcvafiq t\u0259yinatad\u0259k Az\u0259rbaycan Respublikas\u0131 Nazirl\u0259r Kabineti Aparat\u0131n\u0131n T\u0259hl\u00fck\u0259sizlik, m\u00fcdafi\u0259 v\u0259 s\u0259f\u0259rb\u0259rlik \u015f\u00f6b\u0259si m\u00fcdirinin m\u00fcavini v\u0259zif\u0259sind\u0259 \u00e7al\u0131\u015f\u0131b.<\/p>\n","protected":false},"author":2,"featured_media":559848,"comment_status":"closed","ping_status":"closed","sticky":false,"template":"","format":"standard","meta":{"om_disable_all_campaigns":false,"_monsterinsights_skip_tracking":false,"_monsterinsights_sitenote_active":false,"_monsterinsights_sitenote_note":"","_monsterinsights_sitenote_category":0},"categories":[4],"tags":[],"aioseo_notices":[],"gutentor_comment":0,"rttpg_featured_image_url":{"full":["https:\/\/arantv.az\/wp-content\/uploads\/2023\/02\/FotoJet-2023-02-01T153230.996.jpg",620,413,false],"landscape":["https:\/\/arantv.az\/wp-content\/uploads\/2023\/02\/FotoJet-2023-02-01T153230.996.jpg",620,413,false],"portraits":["https:\/\/arantv.az\/wp-content\/uploads\/2023\/02\/FotoJet-2023-02-01T153230.996.jpg",620,413,false],"thumbnail":["https:\/\/arantv.az\/wp-content\/uploads\/2023\/02\/FotoJet-2023-02-01T153230.996-500x280.jpg",500,280,true],"medium":["https:\/\/arantv.az\/wp-content\/uploads\/2023\/02\/FotoJet-2023-02-01T153230.996-548x365.jpg",548,365,true],"large":["https:\/\/arantv.az\/wp-content\/uploads\/2023\/02\/FotoJet-2023-02-01T153230.996.jpg",620,413,false],"1536x1536":["https:\/\/arantv.az\/wp-content\/uploads\/2023\/02\/FotoJet-2023-02-01T153230.996.jpg",620,413,false],"2048x2048":["https:\/\/arantv.az\/wp-content\/uploads\/2023\/02\/FotoJet-2023-02-01T153230.996.jpg",620,413,false],"post-thumbnail":["https:\/\/arantv.az\/wp-content\/uploads\/2023\/02\/FotoJet-2023-02-01T153230.996-240x172.jpg",240,172,true],"advps-thumb-one":["https:\/\/arantv.az\/wp-content\/uploads\/2023\/02\/FotoJet-2023-02-01T153230.996.jpg",620,413,false]},"rttpg_author":{"display_name":"V\u00fcsal Rafiqo\u011flu","author_link":"https:\/\/arantv.az\/?author=2"},"rttpg_comment":0,"rttpg_category":"<a href=\"https:\/\/arantv.az\/?cat=4\" rel=\"category\">Siyas\u0259t<\/a>","rttpg_excerpt":"Az\u0259rbaycan Prezidenti\u00a0\u0130lham \u018fliyevin\u00a02023-c\u00fc il 28 yanvar tarixli m\u00fcvafiq S\u0259r\u0259ncam\u0131 il\u0259 B\u0259hruz \u018fmir o\u011flu M\u0259mm\u0259dov Az\u0259rbaycan Minat\u0259mizl\u0259m\u0259 Agentliyinin \u0130dar\u0259 Hey\u0259ti s\u0259drinin birinci m\u00fcavini v\u0259zif\u0259sin\u0259 t\u0259yin edilib. Bu bar\u0259d\u0259 ANAMA-dan m\u0259lumat verilib. Bildirilib ki, bu g\u00fcn B\u0259hruz M\u0259mm\u0259dov kollektiv\u0259 t\u0259qdim olunub. B\u0259hruz M\u0259mm\u0259dovu kollektiv\u0259 Agentliyin \u0130dar\u0259 Hey\u0259tinin s\u0259dri V\u00fcqar S\u00fcleymanov t\u0259qdim edib. Qeyd ed\u0259k ki, B\u0259hruz M\u0259mm\u0259dov&hellip;","_links":{"self":[{"href":"https:\/\/arantv.az\/index.php?rest_route=\/wp\/v2\/posts\/559847"}],"collection":[{"href":"https:\/\/arantv.az\/index.php?rest_route=\/wp\/v2\/posts"}],"about":[{"href":"https:\/\/arantv.az\/index.php?rest_route=\/wp\/v2\/types\/post"}],"author":[{"embeddable":true,"href":"https:\/\/arantv.az\/index.php?rest_route=\/wp\/v2\/users\/2"}],"replies":[{"embeddable":true,"href":"https:\/\/arantv.az\/index.php?rest_route=%2Fwp%2Fv2%2Fcomments&post=559847"}],"version-history":[{"count":0,"href":"https:\/\/arantv.az\/index.php?rest_route=\/wp\/v2\/posts\/559847\/revisions"}],"wp:featuredmedia":[{"embeddable":true,"href":"https:\/\/arantv.az\/index.php?rest_route=\/wp\/v2\/media\/559848"}],"wp:attachment":[{"href":"https:\/\/arantv.az\/index.php?rest_route=%2Fwp%2Fv2%2Fmedia&parent=559847"}],"wp:term":[{"taxonomy":"category","embeddable":true,"href":"https:\/\/arantv.az\/index.php?rest_route=%2Fwp%2Fv2%2Fcategories&post=559847"},{"taxonomy":"post_tag","embeddable":true,"href":"https:\/\/arantv.az\/index.php?rest_route=%2Fwp%2Fv2%2Ftags&post=559847"}],"curies":[{"name":"wp","href":"https:\/\/api.w.org\/{rel}","templated":true}]}}