{"id":559850,"date":"2023-02-01T15:07:07","date_gmt":"2023-02-01T12:07:07","guid":{"rendered":"https:\/\/arantv.az\/?p=559850"},"modified":"2023-02-01T15:07:07","modified_gmt":"2023-02-01T12:07:07","slug":"diabetd%c9%99n-%c9%99ziyy%c9%99t-c%c9%99k%c9%99n-cutlukl%c9%99rin-usaqlari-bu-x%c9%99st%c9%99likl%c9%99-dogulur-aciqlama","status":"publish","type":"post","link":"https:\/\/arantv.az\/?p=559850","title":{"rendered":"Diabetd\u0259n \u0259ziyy\u0259t \u00e7\u0259k\u0259n c\u00fctl\u00fckl\u0259rin u\u015faqlar\u0131 bu x\u0259st\u0259likl\u0259 do\u011fulur? &#8211; A\u00c7IQLAMA"},"content":{"rendered":"<p>\u201cValideynl\u0259rin h\u0259r ikisi diabet x\u0259st\u0259sidirs\u0259, u\u015faqlar\u0131n 30 faizind\u0259 bu x\u0259st\u0259liyin a\u015fkarlanmas\u0131 m\u00fcmk\u00fcnd\u00fcr\u201d.<\/p>\n<div class=\"AdviadNativeVideo\"><\/div>\n<p><strong>ARANTV.AZ <\/strong>\u00a0x\u0259b\u0259r verir ki, bu bar\u0259d\u0259 S\u0259hiyy\u0259 Nazirliyinin m\u00fct\u0259x\u0259ssis-eksperti, u\u015faq endokrinoloqu Azad \u018fkb\u0259rzad\u0259 nazirliyin \u201cInstagram\u201d hesab\u0131nda canl\u0131 yay\u0131mda suallar\u0131 cavabland\u0131rark\u0259n deyib.<\/p>\n<p>O bildirib ki, diabetin genetik faktorla \u0259laq\u0259li oldu\u011fu h\u0259r k\u0259s\u0259 m\u0259lumdur:<\/p>\n<p>\u201cBu g\u00fcn diabet x\u0259st\u0259liyinin \u0259n \u00e7ox rast g\u0259lin\u0259n n\u00f6v &#8211; 1-ci tip diabetdir v\u0259 b\u00fct\u00fcn ya\u015flarda ortaya \u00e7\u0131xa bil\u0259r. Son 10-20 ild\u0259 2-ci tip diabet is\u0259 u\u015faqlarda rast g\u0259linir v\u0259 bu, 10 ya\u015fdan sonra ortaya \u00e7\u0131x\u0131r\u201d.<\/p>\n","protected":false},"excerpt":{"rendered":"<p>\u201cValideynl\u0259rin h\u0259r ikisi diabet x\u0259st\u0259sidirs\u0259, u\u015faqlar\u0131n 30 faizind\u0259 bu x\u0259st\u0259liyin a\u015fkarlanmas\u0131 m\u00fcmk\u00fcnd\u00fcr\u201d. ARANTV.AZ \u00a0x\u0259b\u0259r verir ki, bu bar\u0259d\u0259 S\u0259hiyy\u0259 Nazirliyinin m\u00fct\u0259x\u0259ssis-eksperti, u\u015faq endokrinoloqu Azad \u018fkb\u0259rzad\u0259 nazirliyin \u201cInstagram\u201d hesab\u0131nda canl\u0131 yay\u0131mda suallar\u0131 cavabland\u0131rark\u0259n deyib. O bildirib ki, diabetin genetik faktorla \u0259laq\u0259li oldu\u011fu h\u0259r k\u0259s\u0259 m\u0259lumdur: \u201cBu g\u00fcn diabet x\u0259st\u0259liyinin \u0259n \u00e7ox rast g\u0259lin\u0259n n\u00f6v &#8211; 1-ci tip diabetdir v\u0259 b\u00fct\u00fcn ya\u015flarda ortaya \u00e7\u0131xa bil\u0259r. Son 10-20 ild\u0259 2-ci tip diabet is\u0259 u\u015faqlarda rast g\u0259linir v\u0259 bu, 10 ya\u015fdan sonra ortaya \u00e7\u0131x\u0131r\u201d.<\/p>\n","protected":false},"author":2,"featured_media":559851,"comment_status":"closed","ping_status":"closed","sticky":false,"template":"","format":"standard","meta":{"om_disable_all_campaigns":false,"_monsterinsights_skip_tracking":false,"_monsterinsights_sitenote_active":false,"_monsterinsights_sitenote_note":"","_monsterinsights_sitenote_category":0},"categories":[1],"tags":[],"aioseo_notices":[],"gutentor_comment":0,"rttpg_featured_image_url":{"full":["https:\/\/arantv.az\/wp-content\/uploads\/2023\/02\/FotoJet-11.jpg",620,413,false],"landscape":["https:\/\/arantv.az\/wp-content\/uploads\/2023\/02\/FotoJet-11.jpg",620,413,false],"portraits":["https:\/\/arantv.az\/wp-content\/uploads\/2023\/02\/FotoJet-11.jpg",620,413,false],"thumbnail":["https:\/\/arantv.az\/wp-content\/uploads\/2023\/02\/FotoJet-11-500x280.jpg",500,280,true],"medium":["https:\/\/arantv.az\/wp-content\/uploads\/2023\/02\/FotoJet-11-548x365.jpg",548,365,true],"large":["https:\/\/arantv.az\/wp-content\/uploads\/2023\/02\/FotoJet-11.jpg",620,413,false],"1536x1536":["https:\/\/arantv.az\/wp-content\/uploads\/2023\/02\/FotoJet-11.jpg",620,413,false],"2048x2048":["https:\/\/arantv.az\/wp-content\/uploads\/2023\/02\/FotoJet-11.jpg",620,413,false],"post-thumbnail":["https:\/\/arantv.az\/wp-content\/uploads\/2023\/02\/FotoJet-11-240x172.jpg",240,172,true],"advps-thumb-one":["https:\/\/arantv.az\/wp-content\/uploads\/2023\/02\/FotoJet-11.jpg",620,413,false]},"rttpg_author":{"display_name":"V\u00fcsal Rafiqo\u011flu","author_link":"https:\/\/arantv.az\/?author=2"},"rttpg_comment":0,"rttpg_category":"<a href=\"https:\/\/arantv.az\/?cat=1\" rel=\"category\">C\u0259miyy\u0259t<\/a>","rttpg_excerpt":"\u201cValideynl\u0259rin h\u0259r ikisi diabet x\u0259st\u0259sidirs\u0259, u\u015faqlar\u0131n 30 faizind\u0259 bu x\u0259st\u0259liyin a\u015fkarlanmas\u0131 m\u00fcmk\u00fcnd\u00fcr\u201d. ARANTV.AZ \u00a0x\u0259b\u0259r verir ki, bu bar\u0259d\u0259 S\u0259hiyy\u0259 Nazirliyinin m\u00fct\u0259x\u0259ssis-eksperti, u\u015faq endokrinoloqu Azad \u018fkb\u0259rzad\u0259 nazirliyin \u201cInstagram\u201d hesab\u0131nda canl\u0131 yay\u0131mda suallar\u0131 cavabland\u0131rark\u0259n deyib. O bildirib ki, diabetin genetik faktorla \u0259laq\u0259li oldu\u011fu h\u0259r k\u0259s\u0259 m\u0259lumdur: \u201cBu g\u00fcn diabet x\u0259st\u0259liyinin \u0259n \u00e7ox rast g\u0259lin\u0259n n\u00f6v &#8211; 1-ci&hellip;","_links":{"self":[{"href":"https:\/\/arantv.az\/index.php?rest_route=\/wp\/v2\/posts\/559850"}],"collection":[{"href":"https:\/\/arantv.az\/index.php?rest_route=\/wp\/v2\/posts"}],"about":[{"href":"https:\/\/arantv.az\/index.php?rest_route=\/wp\/v2\/types\/post"}],"author":[{"embeddable":true,"href":"https:\/\/arantv.az\/index.php?rest_route=\/wp\/v2\/users\/2"}],"replies":[{"embeddable":true,"href":"https:\/\/arantv.az\/index.php?rest_route=%2Fwp%2Fv2%2Fcomments&post=559850"}],"version-history":[{"count":0,"href":"https:\/\/arantv.az\/index.php?rest_route=\/wp\/v2\/posts\/559850\/revisions"}],"wp:featuredmedia":[{"embeddable":true,"href":"https:\/\/arantv.az\/index.php?rest_route=\/wp\/v2\/media\/559851"}],"wp:attachment":[{"href":"https:\/\/arantv.az\/index.php?rest_route=%2Fwp%2Fv2%2Fmedia&parent=559850"}],"wp:term":[{"taxonomy":"category","embeddable":true,"href":"https:\/\/arantv.az\/index.php?rest_route=%2Fwp%2Fv2%2Fcategories&post=559850"},{"taxonomy":"post_tag","embeddable":true,"href":"https:\/\/arantv.az\/index.php?rest_route=%2Fwp%2Fv2%2Ftags&post=559850"}],"curies":[{"name":"wp","href":"https:\/\/api.w.org\/{rel}","templated":true}]}}