{"id":559861,"date":"2023-02-01T15:09:43","date_gmt":"2023-02-01T12:09:43","guid":{"rendered":"https:\/\/arantv.az\/?p=559861"},"modified":"2023-02-01T15:09:43","modified_gmt":"2023-02-01T12:09:43","slug":"qazaxistanda-ai-y%c9%99-daxil-olma-m%c9%99s%c9%99l%c9%99si-gund%c9%99m%c9%99-g%c9%99tirilir","status":"publish","type":"post","link":"https:\/\/arantv.az\/?p=559861","title":{"rendered":"Qazax\u0131standa A\u0130-y\u0259 daxil olma m\u0259s\u0259l\u0259si g\u00fcnd\u0259m\u0259 g\u0259tirilir"},"content":{"rendered":"<p>\u201cQazax\u0131stan Avropa inki\u015faf yolunu, d\u00f6vl\u0259t-c\u0259miyy\u0259t m\u00fcnasib\u0259tl\u0259rind\u0259 Avropa yana\u015fmalar\u0131n\u0131 v\u0259 h\u0259yat keyfiyy\u0259tinin Avropa standartlar\u0131n\u0131 t\u0259tbiq etm\u0259lidir\u201d.<\/p>\n<div class=\"AdviadNativeVideo\"><\/div>\n<p>Bu bar\u0259d\u0259 Qazax\u0131stan\u0131n \u201cAk Jol\u201d partiyas\u0131n\u0131n lideri Azat Perua\u015fev XXI qurultayda \u00e7\u0131x\u0131\u015f\u0131 zaman\u0131 bildirib.<\/p>\n<p>Perua\u015fevin s\u00f6zl\u0259rin\u0259 g\u00f6r\u0259, onlar h\u0259m\u00e7inin g\u0259l\u0259c\u0259kd\u0259 Qazax\u0131stan\u0131n Avropa \u0130ttifaq\u0131na daxil olmas\u0131 m\u0259s\u0259l\u0259sini qald\u0131rma\u011f\u0131 planla\u015fd\u0131r\u0131rlar.<\/p>\n<p>\u201cAk Jol\u201d partiyas\u0131 uzunm\u00fcdd\u0259tli perspektivd\u0259 t\u0259kc\u0259 Avropa yana\u015fmalar\u0131n\u0131n t\u0259tbiqinin deyil, h\u0259m d\u0259 g\u0259l\u0259c\u0259kd\u0259 Qazax\u0131stan\u0131n Avropa \u0130ttifaq\u0131na daxil olmas\u0131 m\u0259s\u0259l\u0259sinin g\u00fcnd\u0259m\u0259 g\u0259tirilm\u0259sini d\u00fc\u015f\u00fcn\u00fcr\u201d, &#8211; dey\u0259 Perua\u015fev bildirib.<\/p>\n<p>M\u0259nb\u0259: Vlast.kz<\/p>\n","protected":false},"excerpt":{"rendered":"<p>\u201cQazax\u0131stan Avropa inki\u015faf yolunu, d\u00f6vl\u0259t-c\u0259miyy\u0259t m\u00fcnasib\u0259tl\u0259rind\u0259 Avropa yana\u015fmalar\u0131n\u0131 v\u0259 h\u0259yat keyfiyy\u0259tinin Avropa standartlar\u0131n\u0131 t\u0259tbiq etm\u0259lidir\u201d. Bu bar\u0259d\u0259 Qazax\u0131stan\u0131n \u201cAk Jol\u201d partiyas\u0131n\u0131n lideri Azat Perua\u015fev XXI qurultayda \u00e7\u0131x\u0131\u015f\u0131 zaman\u0131 bildirib. Perua\u015fevin s\u00f6zl\u0259rin\u0259 g\u00f6r\u0259, onlar h\u0259m\u00e7inin g\u0259l\u0259c\u0259kd\u0259 Qazax\u0131stan\u0131n Avropa \u0130ttifaq\u0131na daxil olmas\u0131 m\u0259s\u0259l\u0259sini qald\u0131rma\u011f\u0131 planla\u015fd\u0131r\u0131rlar. \u201cAk Jol\u201d partiyas\u0131 uzunm\u00fcdd\u0259tli perspektivd\u0259 t\u0259kc\u0259 Avropa yana\u015fmalar\u0131n\u0131n t\u0259tbiqinin deyil, h\u0259m d\u0259 g\u0259l\u0259c\u0259kd\u0259 Qazax\u0131stan\u0131n Avropa \u0130ttifaq\u0131na daxil olmas\u0131 m\u0259s\u0259l\u0259sinin g\u00fcnd\u0259m\u0259 g\u0259tirilm\u0259sini d\u00fc\u015f\u00fcn\u00fcr\u201d, &#8211; dey\u0259 Perua\u015fev bildirib. M\u0259nb\u0259: Vlast.kz<\/p>\n","protected":false},"author":2,"featured_media":559862,"comment_status":"closed","ping_status":"closed","sticky":false,"template":"","format":"standard","meta":{"om_disable_all_campaigns":false,"_monsterinsights_skip_tracking":false,"_monsterinsights_sitenote_active":false,"_monsterinsights_sitenote_note":"","_monsterinsights_sitenote_category":0},"categories":[7],"tags":[],"aioseo_notices":[],"gutentor_comment":0,"rttpg_featured_image_url":{"full":["https:\/\/arantv.az\/wp-content\/uploads\/2023\/02\/1675230674acnda_1000x768.jpg",620,413,false],"landscape":["https:\/\/arantv.az\/wp-content\/uploads\/2023\/02\/1675230674acnda_1000x768.jpg",620,413,false],"portraits":["https:\/\/arantv.az\/wp-content\/uploads\/2023\/02\/1675230674acnda_1000x768.jpg",620,413,false],"thumbnail":["https:\/\/arantv.az\/wp-content\/uploads\/2023\/02\/1675230674acnda_1000x768-500x280.jpg",500,280,true],"medium":["https:\/\/arantv.az\/wp-content\/uploads\/2023\/02\/1675230674acnda_1000x768-548x365.jpg",548,365,true],"large":["https:\/\/arantv.az\/wp-content\/uploads\/2023\/02\/1675230674acnda_1000x768.jpg",620,413,false],"1536x1536":["https:\/\/arantv.az\/wp-content\/uploads\/2023\/02\/1675230674acnda_1000x768.jpg",620,413,false],"2048x2048":["https:\/\/arantv.az\/wp-content\/uploads\/2023\/02\/1675230674acnda_1000x768.jpg",620,413,false],"post-thumbnail":["https:\/\/arantv.az\/wp-content\/uploads\/2023\/02\/1675230674acnda_1000x768-240x172.jpg",240,172,true],"advps-thumb-one":["https:\/\/arantv.az\/wp-content\/uploads\/2023\/02\/1675230674acnda_1000x768.jpg",620,413,false]},"rttpg_author":{"display_name":"V\u00fcsal Rafiqo\u011flu","author_link":"https:\/\/arantv.az\/?author=2"},"rttpg_comment":0,"rttpg_category":"<a href=\"https:\/\/arantv.az\/?cat=7\" rel=\"category\">D\u00fcnya<\/a>","rttpg_excerpt":"\u201cQazax\u0131stan Avropa inki\u015faf yolunu, d\u00f6vl\u0259t-c\u0259miyy\u0259t m\u00fcnasib\u0259tl\u0259rind\u0259 Avropa yana\u015fmalar\u0131n\u0131 v\u0259 h\u0259yat keyfiyy\u0259tinin Avropa standartlar\u0131n\u0131 t\u0259tbiq etm\u0259lidir\u201d. Bu bar\u0259d\u0259 Qazax\u0131stan\u0131n \u201cAk Jol\u201d partiyas\u0131n\u0131n lideri Azat Perua\u015fev XXI qurultayda \u00e7\u0131x\u0131\u015f\u0131 zaman\u0131 bildirib. Perua\u015fevin s\u00f6zl\u0259rin\u0259 g\u00f6r\u0259, onlar h\u0259m\u00e7inin g\u0259l\u0259c\u0259kd\u0259 Qazax\u0131stan\u0131n Avropa \u0130ttifaq\u0131na daxil olmas\u0131 m\u0259s\u0259l\u0259sini qald\u0131rma\u011f\u0131 planla\u015fd\u0131r\u0131rlar. \u201cAk Jol\u201d partiyas\u0131 uzunm\u00fcdd\u0259tli perspektivd\u0259 t\u0259kc\u0259 Avropa yana\u015fmalar\u0131n\u0131n t\u0259tbiqinin deyil, h\u0259m d\u0259&hellip;","_links":{"self":[{"href":"https:\/\/arantv.az\/index.php?rest_route=\/wp\/v2\/posts\/559861"}],"collection":[{"href":"https:\/\/arantv.az\/index.php?rest_route=\/wp\/v2\/posts"}],"about":[{"href":"https:\/\/arantv.az\/index.php?rest_route=\/wp\/v2\/types\/post"}],"author":[{"embeddable":true,"href":"https:\/\/arantv.az\/index.php?rest_route=\/wp\/v2\/users\/2"}],"replies":[{"embeddable":true,"href":"https:\/\/arantv.az\/index.php?rest_route=%2Fwp%2Fv2%2Fcomments&post=559861"}],"version-history":[{"count":0,"href":"https:\/\/arantv.az\/index.php?rest_route=\/wp\/v2\/posts\/559861\/revisions"}],"wp:featuredmedia":[{"embeddable":true,"href":"https:\/\/arantv.az\/index.php?rest_route=\/wp\/v2\/media\/559862"}],"wp:attachment":[{"href":"https:\/\/arantv.az\/index.php?rest_route=%2Fwp%2Fv2%2Fmedia&parent=559861"}],"wp:term":[{"taxonomy":"category","embeddable":true,"href":"https:\/\/arantv.az\/index.php?rest_route=%2Fwp%2Fv2%2Fcategories&post=559861"},{"taxonomy":"post_tag","embeddable":true,"href":"https:\/\/arantv.az\/index.php?rest_route=%2Fwp%2Fv2%2Ftags&post=559861"}],"curies":[{"name":"wp","href":"https:\/\/api.w.org\/{rel}","templated":true}]}}