{"id":559868,"date":"2023-02-01T15:13:10","date_gmt":"2023-02-01T12:13:10","guid":{"rendered":"https:\/\/arantv.az\/?p=559868"},"modified":"2023-02-01T15:13:10","modified_gmt":"2023-02-01T12:13:10","slug":"tehranin-riyakar-siyas%c9%99ti-v%c9%99-bumeranq-effekti-t%c9%99hlil-video","status":"publish","type":"post","link":"https:\/\/arantv.az\/?p=559868","title":{"rendered":"Tehran\u0131n riyakar siyas\u0259ti v\u0259 bumeranq effekti &#8211; T\u018fHL\u0130L \/ V\u0130DEO"},"content":{"rendered":"<section>\n<div class=\"content lead font-weight-normal\">\n<p>Az\u0259rbaycan\u0131n \u0130randak\u0131 s\u0259firliyin\u0259 silahl\u0131 h\u00fccum bir \u00e7ox m\u0259s\u0259l\u0259l\u0259rin \u00fcz\u0259rin\u0259 yenid\u0259n i\u015f\u0131q sald\u0131. X\u00fcsusil\u0259 d\u0259, Tehran rejiminin anti-Az\u0259rbaycan siyas\u0259ti bir daha if\u015fa olundu.<\/p>\n<p>Ekspertl\u0259rin q\u0259na\u0259ti budur ki, s\u0259firliy\u0259 edilmi\u015f h\u00fccum sad\u0259c\u0259 Vyana v\u0259 Cenevr\u0259 konvensiyalar\u0131n\u0131n pozulmas\u0131, terror akt\u0131 deyil, h\u0259m d\u0259 son d\u00f6vrl\u0259rd\u0259, x\u00fcsusil\u0259 d\u0259 \u0130kinci Qaraba\u011f m\u00fcharib\u0259sind\u0259 qazand\u0131\u011f\u0131m\u0131z Q\u0259l\u0259b\u0259d\u0259n sonra \u0130ran\u0131n \u00f6lk\u0259miz\u0259 qar\u015f\u0131 isterika v\u0259ziyy\u0259tind\u0259 h\u0259yata ke\u00e7irdiyi riyakar siyas\u0259tin n\u00f6vb\u0259ti elementidir.<\/p>\n<p>Halbuki tarixi Z\u0259f\u0259r qazanaraq \u0259razi b\u00fct\u00f6vl\u00fcy\u00fcn\u00fc b\u0259rpa ed\u0259n Az\u0259rbaycan \u0130ranla m\u00fcnasib\u0259tl\u0259rd\u0259 tamamil\u0259 yeni bir s\u0259hif\u0259 a\u00e7maq niyy\u0259tind\u0259 idi. X\u00fcsusil\u0259 d\u0259, q\u0259l\u0259b\u0259d\u0259n d\u0259rhal sonra Prezident, M\u00fcz\u0259ff\u0259r Ali Ba\u015f Komandan \u0130lham \u018fliyevin Xudaf\u0259rin k\u00f6rp\u00fcs\u00fcn\u00fc \u201cdostluq k\u00f6rp\u00fcs\u00fc\u201d adland\u0131rmas\u0131n\u0131 r\u0259smi Tehran ona uzad\u0131lan dost \u0259li kimi qiym\u0259tl\u0259ndirm\u0259liydi. Amma bu \u00f6lk\u0259 Az\u0259rbaycan\u0131n s\u0259rh\u0259d t\u0259hl\u00fck\u0259sizliyini t\u0259min etm\u0259sind\u0259n narahatl\u0131q duyaraq bunu \u0130ran\u0131n \u201cq\u0131rm\u0131z\u0131 x\u0259tti\u201d kimi d\u0259y\u0259rl\u0259ndirm\u0259kl\u0259, s\u0259rh\u0259dl\u0259rimizin yax\u0131nl\u0131\u011f\u0131nda h\u0259rbi t\u0259liml\u0259r ke\u00e7irm\u0259kl\u0259, nec\u0259 dey\u0259rl\u0259r, k\u00f6rp\u00fcl\u0259ri yand\u0131rd\u0131. Bundan sonra bir-birinin ard\u0131nca yeni istehsal\u0131na ba\u015flad\u0131qlar\u0131 PUA-larla m\u0259\u011flub Erm\u0259nistan ordusunu silahland\u0131rmalar\u0131, Qafanda t\u0259l\u0259m-t\u0259l\u0259sik konsulluq a\u00e7malar\u0131, Tehranla \u0130r\u0259van aras\u0131nda qarda\u015fla\u015fma m\u00fcqavil\u0259sinin imzalanmas\u0131 v\u0259 \u0130ran medias\u0131nda Az\u0259rbaycan \u0259leyhin\u0259 apar\u0131lan qarayaxma kampaniyas\u0131n\u0131n \u015fidd\u0259tl\u0259nm\u0259si reall\u0131qlar\u0131n n\u0259d\u0259n ibar\u0259t oldu\u011funu g\u00f6st\u0259rdi. N\u0259hay\u0259t, bu d\u00f6vl\u0259tin Allah\u0131n evind\u0259 &#8211; m\u0259scidd\u0259 donuz saxlayan, m\u00fcs\u0259lmanlara qar\u015f\u0131 misli g\u00f6r\u00fcnm\u0259mi\u015f terror aktlar\u0131, soyq\u0131r\u0131m\u0131 t\u00f6r\u0259tmi\u015f erm\u0259nil\u0259r\u0259 qucaq a\u00e7mas\u0131 \u0130ran\u0131n ad\u0131nda da\u015f\u0131d\u0131\u011f\u0131 \u0130slamla he\u00e7 bir \u0259laq\u0259si olmad\u0131\u011f\u0131n\u0131, dind\u0259n siyasi maraqlar\u0131 t\u0259min etm\u0259k \u00fc\u00e7\u00fcn riyakarcas\u0131na istifad\u0259 etdiyini g\u00f6st\u0259rir.\u00a0 B\u0259li, g\u00f6r\u00fcn\u0259n da\u011fa b\u0259l\u0259d\u00e7i laz\u0131m deyil: fars rejimi \u00fc\u00e7\u00fcn siyasi m\u0259nf\u0259\u0259t dini d\u0259y\u0259rl\u0259rd\u0259n \u00fcst\u00fcnd\u00fcr.<\/p>\n<p>He\u00e7 \u015f\u00fcbh\u0259siz, isterika v\u0259 geosiyasi t\u0259crid v\u0259ziyy\u0259tind\u0259 olan, sanksiya \u0259sirin\u0259 \u00e7evrilmi\u015f \u0130ran\u0131n da\u011f\u0131d\u0131c\u0131 m\u00f6vqeyi v\u0259 qeyri-adekvat siyas\u0259ti regionda reall\u0131qlar\u0131 d\u0259yi\u015f\u0259, prosesl\u0259r\u0259 y\u00f6n ver\u0259 bilm\u0259z. Tehran bu reall\u0131\u011f\u0131 n\u0259 q\u0259d\u0259r tez d\u0259rk ets\u0259, bir o q\u0259d\u0259r \u00f6z\u00fc \u00fc\u00e7\u00fcn faydal\u0131 olar. \u018fks halda, bumeranq effekti, yaxud yeni geosiyasi z\u0259lz\u0259l\u0259l\u0259r \u0130ran\u0131n ciddi da\u011f\u0131nt\u0131lar alt\u0131nda qalmas\u0131na s\u0259b\u0259b ola bil\u0259r. H\u0259r halda, d\u00fc\u015f\u00fcnm\u0259k vaxt\u0131d\u0131r. Amma t\u0259kc\u0259 d\u00fc\u015f\u00fcnm\u0259k yetm\u0259z..!<\/p>\n<div class=\"clearfix\"><\/div>\n<\/div>\n<p><iframe loading=\"lazy\" src=\"https:\/\/www.youtube.com\/embed\/9E4yS8WdQCA\" width=\"100%\" height=\"450\" frameborder=\"0\" allowfullscreen=\"allowfullscreen\" data-mce-fragment=\"1\"><\/iframe><\/p>\n<div class=\"sharing my-2 row no-gutters d-print-none\"><\/div>\n<div class=\"d-none d-sm-block\"><\/div>\n<\/section>\n<section id=\"new_block_2\" class=\"mt-3 d-print-none\">\n<div class=\"row\">\n<div class=\"col-md-12\"><\/div>\n<\/div>\n<\/section>\n","protected":false},"excerpt":{"rendered":"<p>Az\u0259rbaycan\u0131n \u0130randak\u0131 s\u0259firliyin\u0259 silahl\u0131 h\u00fccum bir \u00e7ox m\u0259s\u0259l\u0259l\u0259rin \u00fcz\u0259rin\u0259 yenid\u0259n i\u015f\u0131q sald\u0131. X\u00fcsusil\u0259 d\u0259, Tehran rejiminin anti-Az\u0259rbaycan siyas\u0259ti bir daha if\u015fa olundu. Ekspertl\u0259rin q\u0259na\u0259ti budur ki, s\u0259firliy\u0259 edilmi\u015f h\u00fccum sad\u0259c\u0259 Vyana v\u0259 Cenevr\u0259 konvensiyalar\u0131n\u0131n pozulmas\u0131, terror akt\u0131 deyil, h\u0259m d\u0259 son d\u00f6vrl\u0259rd\u0259, x\u00fcsusil\u0259 d\u0259 \u0130kinci Qaraba\u011f m\u00fcharib\u0259sind\u0259 qazand\u0131\u011f\u0131m\u0131z Q\u0259l\u0259b\u0259d\u0259n sonra \u0130ran\u0131n \u00f6lk\u0259miz\u0259 qar\u015f\u0131 isterika v\u0259ziyy\u0259tind\u0259 h\u0259yata ke\u00e7irdiyi riyakar siyas\u0259tin n\u00f6vb\u0259ti elementidir. Halbuki tarixi Z\u0259f\u0259r qazanaraq \u0259razi b\u00fct\u00f6vl\u00fcy\u00fcn\u00fc b\u0259rpa ed\u0259n Az\u0259rbaycan \u0130ranla m\u00fcnasib\u0259tl\u0259rd\u0259 tamamil\u0259 yeni bir s\u0259hif\u0259 a\u00e7maq niyy\u0259tind\u0259 idi. X\u00fcsusil\u0259 d\u0259, q\u0259l\u0259b\u0259d\u0259n d\u0259rhal sonra Prezident, M\u00fcz\u0259ff\u0259r Ali Ba\u015f Komandan \u0130lham&hellip;<\/p>\n","protected":false},"author":2,"featured_media":559869,"comment_status":"closed","ping_status":"closed","sticky":false,"template":"","format":"standard","meta":{"om_disable_all_campaigns":false,"_monsterinsights_skip_tracking":false,"_monsterinsights_sitenote_active":false,"_monsterinsights_sitenote_note":"","_monsterinsights_sitenote_category":0},"categories":[4],"tags":[],"aioseo_notices":[],"gutentor_comment":0,"rttpg_featured_image_url":{"full":["https:\/\/arantv.az\/wp-content\/uploads\/2023\/02\/593906af167525219873359416610073682.png",975,540,false],"landscape":["https:\/\/arantv.az\/wp-content\/uploads\/2023\/02\/593906af167525219873359416610073682.png",975,540,false],"portraits":["https:\/\/arantv.az\/wp-content\/uploads\/2023\/02\/593906af167525219873359416610073682.png",975,540,false],"thumbnail":["https:\/\/arantv.az\/wp-content\/uploads\/2023\/02\/593906af167525219873359416610073682-500x280.png",500,280,true],"medium":["https:\/\/arantv.az\/wp-content\/uploads\/2023\/02\/593906af167525219873359416610073682-660x365.png",660,365,true],"large":["https:\/\/arantv.az\/wp-content\/uploads\/2023\/02\/593906af167525219873359416610073682-840x465.png",640,354,true],"1536x1536":["https:\/\/arantv.az\/wp-content\/uploads\/2023\/02\/593906af167525219873359416610073682.png",975,540,false],"2048x2048":["https:\/\/arantv.az\/wp-content\/uploads\/2023\/02\/593906af167525219873359416610073682.png",975,540,false],"post-thumbnail":["https:\/\/arantv.az\/wp-content\/uploads\/2023\/02\/593906af167525219873359416610073682-240x172.png",240,172,true],"advps-thumb-one":["https:\/\/arantv.az\/wp-content\/uploads\/2023\/02\/593906af167525219873359416610073682.png",975,540,false]},"rttpg_author":{"display_name":"V\u00fcsal Rafiqo\u011flu","author_link":"https:\/\/arantv.az\/?author=2"},"rttpg_comment":0,"rttpg_category":"<a href=\"https:\/\/arantv.az\/?cat=4\" rel=\"category\">Siyas\u0259t<\/a>","rttpg_excerpt":"Az\u0259rbaycan\u0131n \u0130randak\u0131 s\u0259firliyin\u0259 silahl\u0131 h\u00fccum bir \u00e7ox m\u0259s\u0259l\u0259l\u0259rin \u00fcz\u0259rin\u0259 yenid\u0259n i\u015f\u0131q sald\u0131. X\u00fcsusil\u0259 d\u0259, Tehran rejiminin anti-Az\u0259rbaycan siyas\u0259ti bir daha if\u015fa olundu. Ekspertl\u0259rin q\u0259na\u0259ti budur ki, s\u0259firliy\u0259 edilmi\u015f h\u00fccum sad\u0259c\u0259 Vyana v\u0259 Cenevr\u0259 konvensiyalar\u0131n\u0131n pozulmas\u0131, terror akt\u0131 deyil, h\u0259m d\u0259 son d\u00f6vrl\u0259rd\u0259, x\u00fcsusil\u0259 d\u0259 \u0130kinci Qaraba\u011f m\u00fcharib\u0259sind\u0259 qazand\u0131\u011f\u0131m\u0131z Q\u0259l\u0259b\u0259d\u0259n sonra \u0130ran\u0131n \u00f6lk\u0259miz\u0259 qar\u015f\u0131 isterika v\u0259ziyy\u0259tind\u0259&hellip;","_links":{"self":[{"href":"https:\/\/arantv.az\/index.php?rest_route=\/wp\/v2\/posts\/559868"}],"collection":[{"href":"https:\/\/arantv.az\/index.php?rest_route=\/wp\/v2\/posts"}],"about":[{"href":"https:\/\/arantv.az\/index.php?rest_route=\/wp\/v2\/types\/post"}],"author":[{"embeddable":true,"href":"https:\/\/arantv.az\/index.php?rest_route=\/wp\/v2\/users\/2"}],"replies":[{"embeddable":true,"href":"https:\/\/arantv.az\/index.php?rest_route=%2Fwp%2Fv2%2Fcomments&post=559868"}],"version-history":[{"count":0,"href":"https:\/\/arantv.az\/index.php?rest_route=\/wp\/v2\/posts\/559868\/revisions"}],"wp:featuredmedia":[{"embeddable":true,"href":"https:\/\/arantv.az\/index.php?rest_route=\/wp\/v2\/media\/559869"}],"wp:attachment":[{"href":"https:\/\/arantv.az\/index.php?rest_route=%2Fwp%2Fv2%2Fmedia&parent=559868"}],"wp:term":[{"taxonomy":"category","embeddable":true,"href":"https:\/\/arantv.az\/index.php?rest_route=%2Fwp%2Fv2%2Fcategories&post=559868"},{"taxonomy":"post_tag","embeddable":true,"href":"https:\/\/arantv.az\/index.php?rest_route=%2Fwp%2Fv2%2Ftags&post=559868"}],"curies":[{"name":"wp","href":"https:\/\/api.w.org\/{rel}","templated":true}]}}