{"id":559874,"date":"2023-02-01T15:15:02","date_gmt":"2023-02-01T12:15:02","guid":{"rendered":"https:\/\/arantv.az\/?p=559874"},"modified":"2023-02-01T15:15:02","modified_gmt":"2023-02-01T12:15:02","slug":"iran-bizd%c9%99n-n%c9%99-ist%c9%99yir","status":"publish","type":"post","link":"https:\/\/arantv.az\/?p=559874","title":{"rendered":"\u0130ran bizd\u0259n n\u0259 ist\u0259yir?"},"content":{"rendered":"<h4>Fars-molla rejimi Az\u0259rbaycan\u0131n G\u00fcneyind\u0259n, b\u00fct\u00f6vl\u00fckd\u0259 bizim mill\u0259td\u0259n n\u0259 ist\u0259yir?!<\/h4>\n<p>Bax,<\/p>\n<p>&#8211; Dilini unutdurur,<\/p>\n<p>&#8211; Urmu kimi g\u00f6l\u00fcn\u00fc qurudur,<\/p>\n<p>&#8211; k\u0259ndl\u0259rini orta \u00e7a\u011fdaym\u0131\u015f kimi (v\u0259 d\u0259 ac-yalavac!) saxlay\u0131r,<\/p>\n<p>&#8211; milli haqq ist\u0259y\u0259ni as\u0131r,<\/p>\n<p>&#8211; i\u015f\u0131ql\u0131 cavanlar\u0131 dustaq edir,<\/p>\n<p>&#8211; \u015f\u0259h\u0259rl\u0259ri-k\u0259ndl\u0259ri \u2013 b\u00fct\u00fcn \u0259halini qaramata b\u00fcr\u00fcy\u00fcr,<br \/>\nn\u0259hay\u0259t<\/p>\n<p>&#8211; D\u00fcnya Az\u0259rbaycanl\u0131lar\u0131n\u0131n g\u00f6zb\u0259b\u0259yi olan m\u00fcst\u0259qil d\u00f6vl\u0259timizin s\u0259firliyin\u0259 s\u0259h\u0259r \u00e7a\u011f\u0131 terror t\u0259\u015fkil edir;<\/p>\n<p><strong>\u00dcmumiyy\u0259tc\u0259,<\/strong><\/p>\n<p><strong>M\u00fcst\u0259qil Az\u0259rbaycan Respublikas\u0131n\u0131n varl\u0131\u011f\u0131n\u0131 \u00f6z nacins varl\u0131\u011f\u0131na t\u0259hdid say\u0131r\u2026<\/strong><\/p>\n<p>Bunlar azm\u0131\u015f kimi, z\u0259lz\u0259l\u0259d\u0259n ev-e\u015fiksiz qalan Xoylu soyda\u015flar\u0131m\u0131z t\u0259bii f\u0259lak\u0259tin ilk an\u0131ndan ta bu s\u0259tirl\u0259r yaz\u0131lanad\u0259k soyuqda, \u015faxtada \u0259yin-ba\u015fs\u0131z, yem\u0259k-i\u00e7m\u0259ksiz burax\u0131l\u0131b. Guya \u201d12 imam a\u015fiqi\u201d olanlardan imdad g\u00f6zl\u0259m\u0259yin n\u0259 q\u0259d\u0259r yersiz v\u0259 anlams\u0131z oldu\u011funu t\u0259sdiq ed\u0259n onlarla \u015f\u0259kil, video yay\u0131mlan\u0131b&#8230; Bir azya\u015fl\u0131 Xoylu balas\u0131n\u0131n \u015f\u0259kli \u00fcr\u0259yimi lap dibind\u0259n vurdu! \u2013 Haz\u0131rda soyuqda istiliksiz, ac-susuz burax\u0131lan o doda\u011f\u0131 g\u00f6y\u0259rmi\u015f o\u011flan b\u00f6y\u00fcy\u0259n kimi Fars-Molla rejiminin adamlar\u0131 qap\u0131n\u0131 d\u00f6y\u0259c\u0259k ki, g\u0259l, \u0259sg\u0259r get. \u0130ndi is\u0259 ev da\u011f\u0131l\u0131b, n\u0259 qap\u0131 var-n\u0259 baca&#8230; Ancaq o Xoylu o\u011flan b\u00f6y\u00fcy\u00fcb \u0259sg\u0259rgetm\u0259 ya\u015f\u0131na \u00e7at\u0131nca da in\u015fallah Fars-Molla rejimi yerli-dibli olmayacaq. Lap (Allah el\u0259m\u0259mi\u015f olsa bel\u0259) o doda\u011f\u0131 soyuqdan g\u00f6y\u0259rmi\u015f, acl\u0131qdan \u0259s\u0259n u\u015faq, silah\u0131 ona (ail\u0259sin\u0259, n\u0259slin\u0259, \u015f\u0259h\u0259rin\u0259) v\u0259 b\u00fct\u00f6vl\u00fckd\u0259 mill\u0259tin\u0259 ayr\u0131-se\u00e7kilik, mollasaya\u011f\u0131 soyq\u0131r\u0131m akt\u0131 t\u00f6r\u0259d\u0259nl\u0259r\u0259 qar\u015f\u0131 \u00e7evirs\u0259 &#8211; yeri d\u0259 var, g\u00f6y\u00fc d\u0259!.. Yoxsa, Fars-Molla rejiminin daha \u00e7ox can almas\u0131, m\u00fcq\u0259dd\u0259s d\u0259y\u0259rl\u0259ri siyas\u0259t \u00fc\u00e7\u00fcn daha \u00e7ox istismar ed\u0259 bilm\u0259sin\u0259 g\u00f6r\u0259 Az\u0259rbaycan Respublikas\u0131nam\u0131, T\u00fcrkiy\u0259y\u0259mi, Pakistanam\u0131 silah tu\u015flamal\u0131d\u0131r Xoylu o\u011flan?<\/p>\n<p><strong>B\u0259y\u0259m G\u00fcneyli soyda\u015flar\u0131m\u0131z o yaramaz rejim\u0259 daha n\u0259 q\u0259d\u0259r d\u00f6zm\u0259lidir ki?..<\/strong><\/p>\n<p>Deyir\u0259m, zal\u0131mu\u015fa\u011f\u0131, bu mill\u0259t\u0259 n\u0259 veribsiz, ala bilmirsiz?<\/p>\n<p>H\u0259r n\u0259 b\u00f6y\u00fck u\u011furunuz varsa, Az\u0259rbaycan\u0131n, az\u0259rbaycanl\u0131lar\u0131n hesab\u0131na oldu\u011funu qanm\u0131rs\u0131zm\u0131 guya? Amma illa da b\u0259d\u0259lini \u00f6d\u0259y\u0259c\u0259ksiz!<\/p>\n<p>Ki\u015fi qar\u011f\u0131\u015f qar\u011famaz, \u00fcsulluca deyim, \u00f6lk\u0259 (daha do\u011frusu, rejim) ad\u0131n\u0131z\u0131n qaba\u011f\u0131na bir \u201cv\u201d h\u0259rfi g\u0259l\u0259c\u0259k \u2013 o q\u0259d\u0259r: v\u0130ran olacaqs\u0131z!<\/p>\n<p><strong>Siz guya Allaha inan\u0131rs\u0131z ax\u0131? \u2013 B\u0259y\u0259m bilmirsiz ki, Yaradan haqq\u0131 inc\u0259lts\u0259 d\u0259, \u00fcz\u00fclm\u0259y\u0259 qoymur!<\/strong><\/p>\n","protected":false},"excerpt":{"rendered":"<p>Fars-molla rejimi Az\u0259rbaycan\u0131n G\u00fcneyind\u0259n, b\u00fct\u00f6vl\u00fckd\u0259 bizim mill\u0259td\u0259n n\u0259 ist\u0259yir?! Bax, &#8211; Dilini unutdurur, &#8211; Urmu kimi g\u00f6l\u00fcn\u00fc qurudur, &#8211; k\u0259ndl\u0259rini orta \u00e7a\u011fdaym\u0131\u015f kimi (v\u0259 d\u0259 ac-yalavac!) saxlay\u0131r, &#8211; milli haqq ist\u0259y\u0259ni as\u0131r, &#8211; i\u015f\u0131ql\u0131 cavanlar\u0131 dustaq edir, &#8211; \u015f\u0259h\u0259rl\u0259ri-k\u0259ndl\u0259ri \u2013 b\u00fct\u00fcn \u0259halini qaramata b\u00fcr\u00fcy\u00fcr, n\u0259hay\u0259t &#8211; D\u00fcnya Az\u0259rbaycanl\u0131lar\u0131n\u0131n g\u00f6zb\u0259b\u0259yi olan m\u00fcst\u0259qil d\u00f6vl\u0259timizin s\u0259firliyin\u0259 s\u0259h\u0259r \u00e7a\u011f\u0131 terror t\u0259\u015fkil edir; \u00dcmumiyy\u0259tc\u0259, M\u00fcst\u0259qil Az\u0259rbaycan Respublikas\u0131n\u0131n varl\u0131\u011f\u0131n\u0131 \u00f6z nacins varl\u0131\u011f\u0131na t\u0259hdid say\u0131r\u2026 Bunlar azm\u0131\u015f kimi, z\u0259lz\u0259l\u0259d\u0259n ev-e\u015fiksiz qalan Xoylu soyda\u015flar\u0131m\u0131z t\u0259bii f\u0259lak\u0259tin ilk an\u0131ndan ta bu s\u0259tirl\u0259r yaz\u0131lanad\u0259k soyuqda, \u015faxtada \u0259yin-ba\u015fs\u0131z, yem\u0259k-i\u00e7m\u0259ksiz burax\u0131l\u0131b. Guya&hellip;<\/p>\n","protected":false},"author":2,"featured_media":559875,"comment_status":"closed","ping_status":"closed","sticky":false,"template":"","format":"standard","meta":{"om_disable_all_campaigns":false,"_monsterinsights_skip_tracking":false,"_monsterinsights_sitenote_active":false,"_monsterinsights_sitenote_note":"","_monsterinsights_sitenote_category":0},"categories":[19],"tags":[],"aioseo_notices":[],"gutentor_comment":0,"rttpg_featured_image_url":{"full":["https:\/\/arantv.az\/wp-content\/uploads\/2023\/02\/26044d39487738b8de9249914d8333c6.jpg",680,424,false],"landscape":["https:\/\/arantv.az\/wp-content\/uploads\/2023\/02\/26044d39487738b8de9249914d8333c6.jpg",680,424,false],"portraits":["https:\/\/arantv.az\/wp-content\/uploads\/2023\/02\/26044d39487738b8de9249914d8333c6.jpg",680,424,false],"thumbnail":["https:\/\/arantv.az\/wp-content\/uploads\/2023\/02\/26044d39487738b8de9249914d8333c6-500x280.jpg",500,280,true],"medium":["https:\/\/arantv.az\/wp-content\/uploads\/2023\/02\/26044d39487738b8de9249914d8333c6-585x365.jpg",585,365,true],"large":["https:\/\/arantv.az\/wp-content\/uploads\/2023\/02\/26044d39487738b8de9249914d8333c6.jpg",640,399,false],"1536x1536":["https:\/\/arantv.az\/wp-content\/uploads\/2023\/02\/26044d39487738b8de9249914d8333c6.jpg",680,424,false],"2048x2048":["https:\/\/arantv.az\/wp-content\/uploads\/2023\/02\/26044d39487738b8de9249914d8333c6.jpg",680,424,false],"post-thumbnail":["https:\/\/arantv.az\/wp-content\/uploads\/2023\/02\/26044d39487738b8de9249914d8333c6-240x172.jpg",240,172,true],"advps-thumb-one":["https:\/\/arantv.az\/wp-content\/uploads\/2023\/02\/26044d39487738b8de9249914d8333c6.jpg",680,424,false]},"rttpg_author":{"display_name":"V\u00fcsal Rafiqo\u011flu","author_link":"https:\/\/arantv.az\/?author=2"},"rttpg_comment":0,"rttpg_category":"<a href=\"https:\/\/arantv.az\/?cat=19\" rel=\"category\">G\u00fcnd\u0259m<\/a>","rttpg_excerpt":"Fars-molla rejimi Az\u0259rbaycan\u0131n G\u00fcneyind\u0259n, b\u00fct\u00f6vl\u00fckd\u0259 bizim mill\u0259td\u0259n n\u0259 ist\u0259yir?! Bax, &#8211; Dilini unutdurur, &#8211; Urmu kimi g\u00f6l\u00fcn\u00fc qurudur, &#8211; k\u0259ndl\u0259rini orta \u00e7a\u011fdaym\u0131\u015f kimi (v\u0259 d\u0259 ac-yalavac!) saxlay\u0131r, &#8211; milli haqq ist\u0259y\u0259ni as\u0131r, &#8211; i\u015f\u0131ql\u0131 cavanlar\u0131 dustaq edir, &#8211; \u015f\u0259h\u0259rl\u0259ri-k\u0259ndl\u0259ri \u2013 b\u00fct\u00fcn \u0259halini qaramata b\u00fcr\u00fcy\u00fcr, n\u0259hay\u0259t &#8211; D\u00fcnya Az\u0259rbaycanl\u0131lar\u0131n\u0131n g\u00f6zb\u0259b\u0259yi olan m\u00fcst\u0259qil d\u00f6vl\u0259timizin s\u0259firliyin\u0259 s\u0259h\u0259r \u00e7a\u011f\u0131&hellip;","_links":{"self":[{"href":"https:\/\/arantv.az\/index.php?rest_route=\/wp\/v2\/posts\/559874"}],"collection":[{"href":"https:\/\/arantv.az\/index.php?rest_route=\/wp\/v2\/posts"}],"about":[{"href":"https:\/\/arantv.az\/index.php?rest_route=\/wp\/v2\/types\/post"}],"author":[{"embeddable":true,"href":"https:\/\/arantv.az\/index.php?rest_route=\/wp\/v2\/users\/2"}],"replies":[{"embeddable":true,"href":"https:\/\/arantv.az\/index.php?rest_route=%2Fwp%2Fv2%2Fcomments&post=559874"}],"version-history":[{"count":0,"href":"https:\/\/arantv.az\/index.php?rest_route=\/wp\/v2\/posts\/559874\/revisions"}],"wp:featuredmedia":[{"embeddable":true,"href":"https:\/\/arantv.az\/index.php?rest_route=\/wp\/v2\/media\/559875"}],"wp:attachment":[{"href":"https:\/\/arantv.az\/index.php?rest_route=%2Fwp%2Fv2%2Fmedia&parent=559874"}],"wp:term":[{"taxonomy":"category","embeddable":true,"href":"https:\/\/arantv.az\/index.php?rest_route=%2Fwp%2Fv2%2Fcategories&post=559874"},{"taxonomy":"post_tag","embeddable":true,"href":"https:\/\/arantv.az\/index.php?rest_route=%2Fwp%2Fv2%2Ftags&post=559874"}],"curies":[{"name":"wp","href":"https:\/\/api.w.org\/{rel}","templated":true}]}}