{"id":559883,"date":"2023-02-01T15:22:57","date_gmt":"2023-02-01T12:22:57","guid":{"rendered":"https:\/\/arantv.az\/?p=559883"},"modified":"2023-02-01T15:22:57","modified_gmt":"2023-02-01T12:22:57","slug":"ekspertd%c9%99n-t%c9%99klif-iranin-bakidaki-s%c9%99firliyinin-yerl%c9%99sdiyi-kuc%c9%99nin-adi-d%c9%99yisdirilsin-video","status":"publish","type":"post","link":"https:\/\/arantv.az\/?p=559883","title":{"rendered":"Ekspertd\u0259n T\u018fKL\u0130F: \u201c\u0130ran\u0131n Bak\u0131dak\u0131 s\u0259firliyinin yerl\u0259\u015fdiyi k\u00fc\u00e7\u0259nin ad\u0131 d\u0259yi\u015fdirilsin\u201d &#8211; V\u0130DEO"},"content":{"rendered":"<article class=\"news\">\n<div class=\"news-inner\">\n<p>T\u0259hl\u00fck\u0259sizlik m\u0259s\u0259l\u0259l\u0259ri \u00fczr\u0259 ekspert \u0130lham \u0130smay\u0131l \u0130ran\u0131n Bak\u0131dak\u0131 s\u0259firliyinin yerl\u0259\u015fdiyi k\u00fc\u00e7\u0259nin ad\u0131n\u0131n d\u0259yi\u015fdirilm\u0259sini t\u0259klif edib.<\/p>\n<div class=\"AdviadNativeVideo\"><\/div>\n<p>Baku TV-nin \u201cBaku Analitik\u201d verili\u015find\u0259 qonaq olan ekspertin s\u00f6zl\u0259rin\u0259 g\u00f6r\u0259, bu k\u00fc\u00e7\u0259y\u0259 Az\u0259rbaycan\u0131n \u0130randak\u0131 s\u0259firliyin\u0259 terror h\u00fccumu n\u0259tic\u0259sind\u0259 \u015f\u0259hid olan Orxan \u018fsg\u0259rovun ad\u0131 verilm\u0259lidir.<\/p>\n<p>\u201cS\u0259firliyin yan\u0131ndan ke\u00e7\u0259nd\u0259 \u00fcr\u0259yimd\u0259n ke\u00e7mi\u015fdi ki, bu k\u00fc\u00e7\u0259nin ad\u0131 ya T\u0259briz, ya da Pi\u015f\u0259v\u0259ri olmal\u0131d\u0131r. Amma indi \u015f\u0259hidimiz var, bu k\u00fc\u00e7\u0259 Orxan \u018fsg\u0259rovun ad\u0131na olmal\u0131d\u0131r\u201d, &#8211; dey\u0259 o qeyd edib.<\/p>\n<p>\u018ftrafl\u0131 s\u00fcjeti t\u0259qdim edirik:<\/p>\n<div><iframe loading=\"lazy\" title=\"YouTube video player\" src=\"https:\/\/www.youtube.com\/embed\/M_fbRAVm1zA\" width=\"560\" height=\"315\" frameborder=\"0\" allowfullscreen=\"allowfullscreen\" data-mce-fragment=\"1\"><\/iframe><\/div>\n<\/div>\n<\/article>\n","protected":false},"excerpt":{"rendered":"<p>T\u0259hl\u00fck\u0259sizlik m\u0259s\u0259l\u0259l\u0259ri \u00fczr\u0259 ekspert \u0130lham \u0130smay\u0131l \u0130ran\u0131n Bak\u0131dak\u0131 s\u0259firliyinin yerl\u0259\u015fdiyi k\u00fc\u00e7\u0259nin ad\u0131n\u0131n d\u0259yi\u015fdirilm\u0259sini t\u0259klif edib. Baku TV-nin \u201cBaku Analitik\u201d verili\u015find\u0259 qonaq olan ekspertin s\u00f6zl\u0259rin\u0259 g\u00f6r\u0259, bu k\u00fc\u00e7\u0259y\u0259 Az\u0259rbaycan\u0131n \u0130randak\u0131 s\u0259firliyin\u0259 terror h\u00fccumu n\u0259tic\u0259sind\u0259 \u015f\u0259hid olan Orxan \u018fsg\u0259rovun ad\u0131 verilm\u0259lidir. \u201cS\u0259firliyin yan\u0131ndan ke\u00e7\u0259nd\u0259 \u00fcr\u0259yimd\u0259n ke\u00e7mi\u015fdi ki, bu k\u00fc\u00e7\u0259nin ad\u0131 ya T\u0259briz, ya da Pi\u015f\u0259v\u0259ri olmal\u0131d\u0131r. Amma indi \u015f\u0259hidimiz var, bu k\u00fc\u00e7\u0259 Orxan \u018fsg\u0259rovun ad\u0131na olmal\u0131d\u0131r\u201d, &#8211; dey\u0259 o qeyd edib. \u018ftrafl\u0131 s\u00fcjeti t\u0259qdim edirik:<\/p>\n","protected":false},"author":2,"featured_media":559884,"comment_status":"closed","ping_status":"closed","sticky":false,"template":"","format":"standard","meta":{"om_disable_all_campaigns":false,"_monsterinsights_skip_tracking":false,"_monsterinsights_sitenote_active":false,"_monsterinsights_sitenote_note":"","_monsterinsights_sitenote_category":0},"categories":[4],"tags":[],"aioseo_notices":[],"gutentor_comment":0,"rttpg_featured_image_url":{"full":["https:\/\/arantv.az\/wp-content\/uploads\/2023\/02\/ghhh.jpg",620,413,false],"landscape":["https:\/\/arantv.az\/wp-content\/uploads\/2023\/02\/ghhh.jpg",620,413,false],"portraits":["https:\/\/arantv.az\/wp-content\/uploads\/2023\/02\/ghhh.jpg",620,413,false],"thumbnail":["https:\/\/arantv.az\/wp-content\/uploads\/2023\/02\/ghhh-500x280.jpg",500,280,true],"medium":["https:\/\/arantv.az\/wp-content\/uploads\/2023\/02\/ghhh-548x365.jpg",548,365,true],"large":["https:\/\/arantv.az\/wp-content\/uploads\/2023\/02\/ghhh.jpg",620,413,false],"1536x1536":["https:\/\/arantv.az\/wp-content\/uploads\/2023\/02\/ghhh.jpg",620,413,false],"2048x2048":["https:\/\/arantv.az\/wp-content\/uploads\/2023\/02\/ghhh.jpg",620,413,false],"post-thumbnail":["https:\/\/arantv.az\/wp-content\/uploads\/2023\/02\/ghhh-240x172.jpg",240,172,true],"advps-thumb-one":["https:\/\/arantv.az\/wp-content\/uploads\/2023\/02\/ghhh.jpg",620,413,false]},"rttpg_author":{"display_name":"V\u00fcsal Rafiqo\u011flu","author_link":"https:\/\/arantv.az\/?author=2"},"rttpg_comment":0,"rttpg_category":"<a href=\"https:\/\/arantv.az\/?cat=4\" rel=\"category\">Siyas\u0259t<\/a>","rttpg_excerpt":"T\u0259hl\u00fck\u0259sizlik m\u0259s\u0259l\u0259l\u0259ri \u00fczr\u0259 ekspert \u0130lham \u0130smay\u0131l \u0130ran\u0131n Bak\u0131dak\u0131 s\u0259firliyinin yerl\u0259\u015fdiyi k\u00fc\u00e7\u0259nin ad\u0131n\u0131n d\u0259yi\u015fdirilm\u0259sini t\u0259klif edib. Baku TV-nin \u201cBaku Analitik\u201d verili\u015find\u0259 qonaq olan ekspertin s\u00f6zl\u0259rin\u0259 g\u00f6r\u0259, bu k\u00fc\u00e7\u0259y\u0259 Az\u0259rbaycan\u0131n \u0130randak\u0131 s\u0259firliyin\u0259 terror h\u00fccumu n\u0259tic\u0259sind\u0259 \u015f\u0259hid olan Orxan \u018fsg\u0259rovun ad\u0131 verilm\u0259lidir. \u201cS\u0259firliyin yan\u0131ndan ke\u00e7\u0259nd\u0259 \u00fcr\u0259yimd\u0259n ke\u00e7mi\u015fdi ki, bu k\u00fc\u00e7\u0259nin ad\u0131 ya T\u0259briz, ya da Pi\u015f\u0259v\u0259ri olmal\u0131d\u0131r. Amma&hellip;","_links":{"self":[{"href":"https:\/\/arantv.az\/index.php?rest_route=\/wp\/v2\/posts\/559883"}],"collection":[{"href":"https:\/\/arantv.az\/index.php?rest_route=\/wp\/v2\/posts"}],"about":[{"href":"https:\/\/arantv.az\/index.php?rest_route=\/wp\/v2\/types\/post"}],"author":[{"embeddable":true,"href":"https:\/\/arantv.az\/index.php?rest_route=\/wp\/v2\/users\/2"}],"replies":[{"embeddable":true,"href":"https:\/\/arantv.az\/index.php?rest_route=%2Fwp%2Fv2%2Fcomments&post=559883"}],"version-history":[{"count":0,"href":"https:\/\/arantv.az\/index.php?rest_route=\/wp\/v2\/posts\/559883\/revisions"}],"wp:featuredmedia":[{"embeddable":true,"href":"https:\/\/arantv.az\/index.php?rest_route=\/wp\/v2\/media\/559884"}],"wp:attachment":[{"href":"https:\/\/arantv.az\/index.php?rest_route=%2Fwp%2Fv2%2Fmedia&parent=559883"}],"wp:term":[{"taxonomy":"category","embeddable":true,"href":"https:\/\/arantv.az\/index.php?rest_route=%2Fwp%2Fv2%2Fcategories&post=559883"},{"taxonomy":"post_tag","embeddable":true,"href":"https:\/\/arantv.az\/index.php?rest_route=%2Fwp%2Fv2%2Ftags&post=559883"}],"curies":[{"name":"wp","href":"https:\/\/api.w.org\/{rel}","templated":true}]}}