{"id":559906,"date":"2023-02-01T19:29:27","date_gmt":"2023-02-01T16:29:27","guid":{"rendered":"https:\/\/arantv.az\/?p=559906"},"modified":"2023-02-01T19:29:27","modified_gmt":"2023-02-01T16:29:27","slug":"iran-az%c9%99rbaycan-v%c9%99-turkiy%c9%99y%c9%99-qarsi-munasib%c9%99tini-d%c9%99yism%c9%99lidir-ekspert","status":"publish","type":"post","link":"https:\/\/arantv.az\/?p=559906","title":{"rendered":"&#8220;\u0130ran Az\u0259rbaycan v\u0259 T\u00fcrkiy\u0259y\u0259 qar\u015f\u0131 m\u00fcnasib\u0259tini d\u0259yi\u015fm\u0259lidir&#8221; &#8211; Ekspert"},"content":{"rendered":"<p><strong>&#8220;Yax\u015f\u0131 olard\u0131 ki, n\u0259 q\u0259d\u0259r gec deyil, \u0130ran K\u0130V-l\u0259rind\u0259, ayr\u0131-ayr\u0131 \u00f6lk\u0259l\u0259rd\u0259, t\u0259cav\u00fczkar Erm\u0259nistan da, Yax\u0131n v\u0259 Orta \u015e\u0259rq \u00f6lk\u0259l\u0259rind\u0259ki dini-ideoloji qrupla\u015fmalar\u0131 d\u0259st\u0259kl\u0259m\u0259k \u0259v\u0259zin\u0259 regionda s\u00fclh v\u0259 t\u0259hl\u00fck\u0259sizliy\u0259 xidm\u0259t ed\u0259n \u0259m\u0259kda\u015fl\u0131q \u00fc\u00e7\u00fcn add\u0131m ats\u0131n&#8221;.<\/strong><\/p>\n<p>Bu fikirl\u0259ri\u00a0<a class=\"kw-link\" href=\"https:\/\/metbuat.az\/\" target=\"_blank\" rel=\"noopener\">Metbuat.az<\/a>-a a\u00e7\u0131qlamas\u0131nda AMEA \u015e\u0259rq\u015f\u00fcnasl\u0131q \u0130nstitutunun apar\u0131c\u0131 elmi i\u015f\u00e7isi, tarix \u00fczr\u0259 f\u0259ls\u0259f\u0259 doktoru, dosent<strong>\u00a0S\u00fcbhan Tal\u0131bl\u0131<\/strong>\u00a0deyib. M\u00fcsahibimiz vur\u011fulad\u0131 ki, \u0130ran Az\u0259rbaycan v\u0259 T\u00fcrkiy\u0259 d\u00f6vl\u0259tin\u0259 m\u00fcnasib\u0259tini, m\u00f6vqeyini d\u0259yi\u015fm\u0259li, qanun v\u0259 h\u00fcquqla r\u0259ftar etm\u0259lidir.<ins id=\"ainsyndicationid167526888791989\" class=\"ainsyndicationid167526888791989\" data-ad-client=\"4984\" data-ad-slot=\"3711\" data-ainsyndication-status=\"done\"><ins><\/ins><\/ins><\/p>\n<div id=\"AinsyndicationPlayerId1675268888\" class=\"inpage vd-close\" data-viewable=\"1\">\n<div class=\"inpage-wrap\">\n<div class=\"smrt-info\"><i class=\"smrt-l\"><\/i><\/p>\n<div class=\"smrt-wrap\">\n<div class=\"smrt-back\"><\/div>\n<\/div>\n<\/div>\n<\/div>\n<\/div>\n<p><img loading=\"lazy\" src=\"https:\/\/metbuat.az\/images\/metbuat\/images_p\/1458587.jpg\" alt=\"\u015e\u0259rq\u015f\u00fcnas alim Az\u0259rbaycan h\u0259qiq\u0259tl\u0259rini d\u00fcnyaya \u00e7atd\u0131r\u0131r\" width=\"462\" height=\"347\" \/><\/p>\n<p><span class=\"redactor-invisible-space\"><em><strong>S\u00fcbhan Tal\u0131bl\u0131<\/strong><\/em><\/span><\/p>\n<p>&#8220;Az\u0259rbaycan Respublikas\u0131n\u0131n Prezidenti \u0130lham \u018fliyev \u0130ran\u0131n Prezidenti \u0130brahim R\u0259isi il\u0259 telefon dan\u0131\u015f\u0131\u011f\u0131 zaman\u0131 Az\u0259rbaycan Respublikas\u0131n\u0131n Tehrandak\u0131 s\u0259firliyin\u0259 qar\u015f\u0131 t\u00f6r\u0259dilmi\u015f terror akt\u0131 il\u0259 ba\u011fl\u0131 istintaq\u0131n \u015f\u0259ffaf \u015f\u0259kild\u0259 apar\u0131lmas\u0131n\u0131n vacibliyini, bu hadis\u0259ni \u015fidd\u0259tl\u0259 q\u0131nad\u0131\u011f\u0131n\u0131 bildir\u0259r\u0259k qanl\u0131 terror akt\u0131n\u0131n h\u0259rt\u0259r\u0259fli ara\u015fd\u0131r\u0131laca\u011f\u0131na v\u0259 cinay\u0259tkarlar\u0131n layiqli c\u0259zalar\u0131n\u0131 alacaqlar\u0131na \u00fcmidvar oldu\u011funu qeyd edib. D\u00f6vl\u0259timizin ba\u015f\u00e7\u0131s\u0131 s\u0259firliyin dig\u0259r m\u00fchafiz\u0259 \u0259m\u0259kda\u015f\u0131n\u0131n \u0259liyal\u0131n \u015f\u0259kild\u0259 terror\u00e7unun \u00fcz\u0259rin\u0259 at\u0131ld\u0131\u011f\u0131n\u0131, qorxmaz v\u0259 \u00e7evik h\u0259r\u0259k\u0259tl\u0259ri il\u0259 onu t\u0259rk-silah etdiyini bildirib. Terror\u00e7u t\u0259rk-silah olunmasayd\u0131, s\u0259firliyin dig\u0259r \u0259m\u0259kda\u015flar\u0131n\u0131 v\u0259 onlar\u0131n s\u0259firliyin binas\u0131n\u0131n m\u0259nzill\u0259r b\u00f6lm\u0259sind\u0259 ya\u015fayan ail\u0259 \u00fczvl\u0259rini d\u0259 h\u0259d\u0259f\u0259 alaca\u011f\u0131n\u0131n istisna edilm\u0259diyini deyib. Beyn\u0259lxalq h\u00fcquqi n\u00f6qteyi-n\u0259z\u0259rd\u0259n is\u0259 \u0130ran \u0130slam Respublikas\u0131n\u0131n imzalad\u0131\u011f\u0131 v\u0259 \u00f6hd\u0259lik g\u00f6t\u00fcrd\u00fcy\u00fc beyn\u0259lxalq qanunlara, konvensiyalara bu \u00f6lk\u0259nin m\u00fcvafiq qurumlar\u0131 t\u0259r\u0259find\u0259n \u0259m\u0259l edilm\u0259mi\u015f, n\u0259tic\u0259d\u0259 Az\u0259rbaycan s\u0259firliyi silahl\u0131 h\u00fccuma, terrora m\u0259ruz qalm\u0131\u015f v\u0259 s\u0259firliyin 1 \u0259m\u0259kda\u015f\u0131 \u00f6ld\u00fcr\u00fclm\u00fc\u015f, 2 \u0259m\u0259kda\u015f\u0131 yaralanm\u0131\u015fd\u0131r. Hadis\u0259 il\u0259 ba\u011fl\u0131 kadrlar, m\u00fc\u015fahid\u0259l\u0259r, xarici v\u0259 yerli K\u0130V-d\u0259ki, el\u0259c\u0259 d\u0259 \u0130randak\u0131 x\u0259b\u0259rl\u0259r, m\u0259lumatlar, terroru t\u00f6r\u0259d\u0259nin \u0130ran\u0131n K\u0130V-l\u0259rin\u0259 verdiyi m\u00fcsahib\u0259 v\u0259 qatilin davran\u0131\u015flar\u0131 bir daha onu g\u00f6st\u0259rir ki, Az\u0259rbaycan Respublikas\u0131n\u0131n Tehrandak\u0131 s\u0259firliyinin t\u0259hl\u00fck\u0259sizliyi h\u0259m \u0130ran\u0131n h\u00fcquq-m\u00fchafiz\u0259 orqanlar\u0131 t\u0259r\u0259find\u0259n h\u00fcquqi v\u0259 laz\u0131mi \u015f\u0259kild\u0259 m\u00fchafiz\u0259 olunmur, h\u0259m d\u0259 bu \u0259vv\u0259lc\u0259d\u0259n haz\u0131rlanm\u0131\u015f, planla\u015fd\u0131r\u0131lm\u0131\u015f terror hadis\u0259sidir&#8221;.<\/p>\n<p><strong>S\u00fcbhan Tal\u0131bl\u0131<\/strong><strong>\u00a0bildirdi ki, \u0130ran\u0131 yax\u015f\u0131 tan\u0131yan m\u00fct\u0259x\u0259ssisl\u0259r v\u0259 d\u00fcnya diplomatlar\u0131 \u0130ran haqq\u0131nda deyirl\u0259r ki, \u0130ran diplomatlar\u0131 bir c\u00fcr deyir, bir c\u00fcr yaz\u0131r, amma \u0259m\u0259ld\u0259 is\u0259 bunun \u0259ksini edirl\u0259r.<\/strong><\/p>\n<p>S.Tal\u0131bl\u0131 onu da xat\u0131rlatd\u0131 ki, vaxtil\u0259 \u0130ran\u0131n bir s\u0131ra dini, iqtisadi, ticari, sosial v\u0259 s. idar\u0259 v\u0259 obyektl\u0259rinin imzalanm\u0131\u015f s\u0259n\u0259dl\u0259r\u0259, Az\u0259rbaycan d\u00f6vl\u0259t\u00e7iliyin\u0259 v\u0259 milli maraqlar\u0131na zidd olduqlar\u0131 \u00fc\u00e7\u00fcn f\u0259aliyy\u0259tl\u0259ri dayand\u0131r\u0131l\u0131b.<\/p>\n<p>&#8220;H\u0259tta 1920-ci ild\u0259 Az\u0259rbaycan Xalq C\u00fcmhuriyy\u0259tin\u0259 m\u0259xsus olan s\u0259firliyimizin binas\u0131 Az\u0259rbaycan\u0131n m\u00fclkiyy\u0259ti hesab olunsa da, h\u0259min binan\u0131n \u00f6n\u00fcnd\u0259 ki\u00e7ik i\u015far\u0259, \u0259lam\u0259t, barelyef bel\u0259 vurulmam\u0131\u015fd\u0131r. B\u00fct\u00fcn bunlar Az\u0259rbaycan d\u00f6vl\u0259tin\u0259 haqq v\u0259 h\u00fcquq verir ki, \u0130ran\u0131n Bak\u0131dak\u0131 S\u0259firliyinin v\u0259 dig\u0259r obyektl\u0259rinin f\u0259aliyy\u0259ti, onun \u0259m\u0259kda\u015flar\u0131n\u0131n \u015ftat t\u0259rkibinin azad\u0131lmas\u0131n\u0131 t\u0259l\u0259b etsin. Ya da Tehranda Az\u0259rbaycan Respublikas\u0131na S\u0259firlik v\u0259 M\u0259d\u0259niyy\u0259t M\u0259rk\u0259zi, T\u0259brizd\u0259 Konsulluq \u00fc\u00e7\u00fcn \u0259razi v\u0259 binalar verilsin, onlar\u0131n beyn\u0259lxalq h\u00fcquqa, Vyana Konvensiyas\u0131na uy\u011fun olaraq f\u0259aliyy\u0259t g\u00f6st\u0259rm\u0259l\u0259rin\u0259, Az\u0259rbaycan\u0131n s\u0259firliyinin \u015ftat t\u0259rkibinin art\u0131r\u0131lmas\u0131na \u015f\u0259rait yarad\u0131ls\u0131n.<\/p>\n<p><span class=\"redactor-invisible-space\">Az\u0259rbaycan Respublikas\u0131n\u0131n Xarici i\u015fl\u0259r nazirinin m\u00fcavini X.X\u0259l\u0259fov da bildirib ki, Vyana Konvensiyas\u0131n\u0131n m\u00fcvafiq madd\u0259l\u0259rin\u0259 g\u00f6r\u0259, s\u0259firliyi q\u0259bul ed\u0259n \u00f6lk\u0259 onun t\u0259hl\u00fck\u0259sizliyin\u0259 m\u0259suliyy\u0259t da\u015f\u0131y\u0131r. Ba\u015f vermi\u015f terror hadis\u0259si v\u0259 onun a\u011f\u0131r n\u0259tic\u0259l\u0259ri il\u0259 \u0259laq\u0259dar \u0130ran\u0131n bir d\u00f6vl\u0259t kimi m\u0259suliyy\u0259t da\u015f\u0131d\u0131\u011f\u0131n\u0131 vur\u011fulay\u0131b. \u00dcmumiyy\u0259tl\u0259 \u0130ran Az\u0259rbaycan v\u0259 T\u00fcrkiy\u0259 d\u00f6vl\u0259tin\u0259 m\u00fcnasib\u0259tini, m\u00f6vqeyini d\u0259yi\u015fm\u0259li, qanun v\u0259 h\u00fcquqla r\u0259ftar etm\u0259lidir. T\u0259bii ki, T\u00fcrkiy\u0259, Az\u0259rbaycan d\u00f6vl\u0259ti v\u0259 xalq\u0131 ona qar\u015f\u0131 olan h\u0259r bir h\u00fccumu, terroru, t\u0259cav\u00fcz\u00fc d\u0259f etm\u0259y\u0259 qadirdir. Bu, Az\u0259rbaycan s\u0259firliyinin \u0259m\u0259kda\u015f\u0131n\u0131n \u0259liyal\u0131n, silahs\u0131z halda s\u0259firliyimiz\u0259 h\u00fccum ed\u0259n terror\u00e7unu z\u0259r\u0259rsizl\u0259\u015fdirm\u0259sind\u0259 a\u00e7\u0131q-ayd\u0131n n\u00fcmayi\u015f olundu&#8221;.<\/span><\/p>\n<p><strong>ARANTV.AZ<\/strong><\/p>\n","protected":false},"excerpt":{"rendered":"<p>&#8220;Yax\u015f\u0131 olard\u0131 ki, n\u0259 q\u0259d\u0259r gec deyil, \u0130ran K\u0130V-l\u0259rind\u0259, ayr\u0131-ayr\u0131 \u00f6lk\u0259l\u0259rd\u0259, t\u0259cav\u00fczkar Erm\u0259nistan da, Yax\u0131n v\u0259 Orta \u015e\u0259rq \u00f6lk\u0259l\u0259rind\u0259ki dini-ideoloji qrupla\u015fmalar\u0131 d\u0259st\u0259kl\u0259m\u0259k \u0259v\u0259zin\u0259 regionda s\u00fclh v\u0259 t\u0259hl\u00fck\u0259sizliy\u0259 xidm\u0259t ed\u0259n \u0259m\u0259kda\u015fl\u0131q \u00fc\u00e7\u00fcn add\u0131m ats\u0131n&#8221;. Bu fikirl\u0259ri\u00a0Metbuat.az-a a\u00e7\u0131qlamas\u0131nda AMEA \u015e\u0259rq\u015f\u00fcnasl\u0131q \u0130nstitutunun apar\u0131c\u0131 elmi i\u015f\u00e7isi, tarix \u00fczr\u0259 f\u0259ls\u0259f\u0259 doktoru, dosent\u00a0S\u00fcbhan Tal\u0131bl\u0131\u00a0deyib. M\u00fcsahibimiz vur\u011fulad\u0131 ki, \u0130ran Az\u0259rbaycan v\u0259 T\u00fcrkiy\u0259 d\u00f6vl\u0259tin\u0259 m\u00fcnasib\u0259tini, m\u00f6vqeyini d\u0259yi\u015fm\u0259li, qanun v\u0259 h\u00fcquqla r\u0259ftar etm\u0259lidir. S\u00fcbhan Tal\u0131bl\u0131 &#8220;Az\u0259rbaycan Respublikas\u0131n\u0131n Prezidenti \u0130lham \u018fliyev \u0130ran\u0131n Prezidenti \u0130brahim R\u0259isi il\u0259 telefon dan\u0131\u015f\u0131\u011f\u0131 zaman\u0131 Az\u0259rbaycan Respublikas\u0131n\u0131n Tehrandak\u0131 s\u0259firliyin\u0259 qar\u015f\u0131 t\u00f6r\u0259dilmi\u015f terror akt\u0131 il\u0259 ba\u011fl\u0131 istintaq\u0131n&hellip;<\/p>\n","protected":false},"author":2,"featured_media":559907,"comment_status":"closed","ping_status":"closed","sticky":false,"template":"","format":"standard","meta":{"om_disable_all_campaigns":false,"_monsterinsights_skip_tracking":false,"_monsterinsights_sitenote_active":false,"_monsterinsights_sitenote_note":"","_monsterinsights_sitenote_category":0},"categories":[4],"tags":[],"aioseo_notices":[],"gutentor_comment":0,"rttpg_featured_image_url":{"full":["https:\/\/arantv.az\/wp-content\/uploads\/2023\/02\/1459718.jpg",734,450,false],"landscape":["https:\/\/arantv.az\/wp-content\/uploads\/2023\/02\/1459718.jpg",734,450,false],"portraits":["https:\/\/arantv.az\/wp-content\/uploads\/2023\/02\/1459718.jpg",734,450,false],"thumbnail":["https:\/\/arantv.az\/wp-content\/uploads\/2023\/02\/1459718-500x280.jpg",500,280,true],"medium":["https:\/\/arantv.az\/wp-content\/uploads\/2023\/02\/1459718-595x365.jpg",595,365,true],"large":["https:\/\/arantv.az\/wp-content\/uploads\/2023\/02\/1459718.jpg",640,392,false],"1536x1536":["https:\/\/arantv.az\/wp-content\/uploads\/2023\/02\/1459718.jpg",734,450,false],"2048x2048":["https:\/\/arantv.az\/wp-content\/uploads\/2023\/02\/1459718.jpg",734,450,false],"post-thumbnail":["https:\/\/arantv.az\/wp-content\/uploads\/2023\/02\/1459718-240x172.jpg",240,172,true],"advps-thumb-one":["https:\/\/arantv.az\/wp-content\/uploads\/2023\/02\/1459718.jpg",734,450,false]},"rttpg_author":{"display_name":"V\u00fcsal Rafiqo\u011flu","author_link":"https:\/\/arantv.az\/?author=2"},"rttpg_comment":0,"rttpg_category":"<a href=\"https:\/\/arantv.az\/?cat=4\" rel=\"category\">Siyas\u0259t<\/a>","rttpg_excerpt":"&#8220;Yax\u015f\u0131 olard\u0131 ki, n\u0259 q\u0259d\u0259r gec deyil, \u0130ran K\u0130V-l\u0259rind\u0259, ayr\u0131-ayr\u0131 \u00f6lk\u0259l\u0259rd\u0259, t\u0259cav\u00fczkar Erm\u0259nistan da, Yax\u0131n v\u0259 Orta \u015e\u0259rq \u00f6lk\u0259l\u0259rind\u0259ki dini-ideoloji qrupla\u015fmalar\u0131 d\u0259st\u0259kl\u0259m\u0259k \u0259v\u0259zin\u0259 regionda s\u00fclh v\u0259 t\u0259hl\u00fck\u0259sizliy\u0259 xidm\u0259t ed\u0259n \u0259m\u0259kda\u015fl\u0131q \u00fc\u00e7\u00fcn add\u0131m ats\u0131n&#8221;. Bu fikirl\u0259ri\u00a0Metbuat.az-a a\u00e7\u0131qlamas\u0131nda AMEA \u015e\u0259rq\u015f\u00fcnasl\u0131q \u0130nstitutunun apar\u0131c\u0131 elmi i\u015f\u00e7isi, tarix \u00fczr\u0259 f\u0259ls\u0259f\u0259 doktoru, dosent\u00a0S\u00fcbhan Tal\u0131bl\u0131\u00a0deyib. M\u00fcsahibimiz vur\u011fulad\u0131 ki, \u0130ran Az\u0259rbaycan v\u0259 T\u00fcrkiy\u0259&hellip;","_links":{"self":[{"href":"https:\/\/arantv.az\/index.php?rest_route=\/wp\/v2\/posts\/559906"}],"collection":[{"href":"https:\/\/arantv.az\/index.php?rest_route=\/wp\/v2\/posts"}],"about":[{"href":"https:\/\/arantv.az\/index.php?rest_route=\/wp\/v2\/types\/post"}],"author":[{"embeddable":true,"href":"https:\/\/arantv.az\/index.php?rest_route=\/wp\/v2\/users\/2"}],"replies":[{"embeddable":true,"href":"https:\/\/arantv.az\/index.php?rest_route=%2Fwp%2Fv2%2Fcomments&post=559906"}],"version-history":[{"count":0,"href":"https:\/\/arantv.az\/index.php?rest_route=\/wp\/v2\/posts\/559906\/revisions"}],"wp:featuredmedia":[{"embeddable":true,"href":"https:\/\/arantv.az\/index.php?rest_route=\/wp\/v2\/media\/559907"}],"wp:attachment":[{"href":"https:\/\/arantv.az\/index.php?rest_route=%2Fwp%2Fv2%2Fmedia&parent=559906"}],"wp:term":[{"taxonomy":"category","embeddable":true,"href":"https:\/\/arantv.az\/index.php?rest_route=%2Fwp%2Fv2%2Fcategories&post=559906"},{"taxonomy":"post_tag","embeddable":true,"href":"https:\/\/arantv.az\/index.php?rest_route=%2Fwp%2Fv2%2Ftags&post=559906"}],"curies":[{"name":"wp","href":"https:\/\/api.w.org\/{rel}","templated":true}]}}