{"id":559909,"date":"2023-02-01T19:33:59","date_gmt":"2023-02-01T16:33:59","guid":{"rendered":"https:\/\/arantv.az\/?p=559909"},"modified":"2023-02-01T19:35:32","modified_gmt":"2023-02-01T16:35:32","slug":"yasamal-rayonunda-g%c9%99ncl%c9%99r-gunu-qeyd-edilib","status":"publish","type":"post","link":"https:\/\/arantv.az\/?p=559909","title":{"rendered":"Yasamal rayonunda G\u0259ncl\u0259r G\u00fcn\u00fc qeyd edilib"},"content":{"rendered":"<div dir=\"auto\">2 fevral &#8211; Az\u0259rbaycan G\u0259ncl\u0259ri g\u00fcn\u00fc m\u00fcnasib\u0259til\u0259 Yasamal rayon Heyd\u0259r \u018fliyev M\u0259rk\u0259zind\u0259 rayon g\u0259ncl\u0259rinin toplant\u0131s\u0131 ke\u00e7irilib. \u018fvv\u0259lc\u0259 t\u0259dbir i\u015ftirak\u00e7\u0131lar\u0131 Yasamal rayon Heyd\u0259r \u018fliyev M\u0259rk\u0259zinin muzey b\u00f6lm\u0259sind\u0259 yerl\u0259\u015f\u0259n Az\u0259rbaycan xalq\u0131n\u0131n \u00dcmummilli Lideri Heyd\u0259r \u018fliyevin xatir\u0259sini yad ed\u0259r\u0259k g\u00fcl d\u0259st\u0259l\u0259ri qoyublar. D\u00f6vl\u0259t himni s\u0259sl\u0259ndirildi .Daha sonra Ulu \u00d6nd\u0259rin v\u0259 \u015f\u0259hidl\u0259rimizin \u0259ziz xatir\u0259si bir d\u0259qiq\u0259lik s\u00fckutla yad edildi.<\/div>\n<div dir=\"auto\">Toplant\u0131n\u0131 a\u00e7\u0131q elan ed\u0259n Yasamal rayon \u0130cra Hakimiyy\u0259tinin Ba\u015f\u00e7\u0131s\u0131 El\u015fad H\u0259s\u0259nov qeyd etdi ki, d\u00f6vl\u0259t g\u0259ncl\u0259r siyas\u0259ti \u00dcmummilli Lider Heyd\u0259r \u018fliyevin Az\u0259rbaycana r\u0259hb\u0259rlik etdiyi ilk ill\u0259rd\u0259n ba\u015flayaraq daim apar\u0131c\u0131 istiqam\u0259tl\u0259rind\u0259n biri olub. Ulu \u00d6nd\u0259rin 1997-ci il fevral\u0131n 2-d\u0259 imzalad\u0131\u011f\u0131 f\u0259rmana \u0259sas\u0259n, fevral\u0131n 2-si Az\u0259rbaycan G\u0259ncl\u0259ri G\u00fcn\u00fc elan edilmi\u015fdir. \u018fsas\u0131 Heyd\u0259r \u018fliyev t\u0259r\u0259find\u0259n qoyulmu\u015f d\u00f6vl\u0259t g\u0259ncl\u0259r siyas\u0259ti Az\u0259rbaycan g\u0259ncliyinin inki\u015faf\u0131na tarixi bir t\u00f6hf\u0259 verib.Ulu \u00d6nd\u0259rin ikinci d\u0259f\u0259 siyasi hakimiyy\u0259t\u0259 g\u0259li\u015find\u0259n sonra g\u0259nc n\u0259sl\u0259 diqq\u0259t v\u0259 qay\u011f\u0131 Az\u0259rbaycan d\u00f6vl\u0259tinin \u0259n m\u00fch\u00fcm f\u0259aliyy\u0259t istiqam\u0259tl\u0259rind\u0259n birin\u0259 \u00e7evrildi.Bildirildi ki, bu il biz Ulu \u00d6nd\u0259r Heyd\u0259r \u018fliyevin anadan olmas\u0131n\u0131n 100-cu ild\u00f6n\u00fcm\u00fcn\u00fc qeyd edirik. Heyd\u0259r \u018fliyev \u015f\u0259xsiyy\u0259ti Az\u0259rbaycanda misilsiz i\u015fl\u0259r g\u00f6r\u00fcb. D\u00f6vl\u0259t g\u0259ncl\u0259r siyas\u0259tini bu g\u00fcn c\u0259nab Prezident \u0130lham \u018fliyev u\u011furla davam etdirir.<\/div>\n<div dir=\"auto\">Daima Az\u0259rbaycan g\u0259ncl\u0259rini d\u0259st\u0259kl\u0259y\u0259n Prezident \u0130lham \u018fliyevin v\u0259 Birinci vitse-prezident Mehriban \u018fliyevan\u0131n g\u0259ncl\u0259rin f\u0259aliyy\u0259tin\u0259 y\u00fcks\u0259k diqq\u0259t verm\u0259si is\u0259 h\u0259r bir g\u0259nci ruhland\u0131r\u0131r.Az\u0259rbaycan Prezidenti h\u0259r zaman g\u0259ncl\u0259r\u0259 x\u00fcsusi \u00f6n\u0259m verib. \u00c7\u00fcnki m\u0259hz g\u0259ncl\u0259r d\u00f6vl\u0259ti v\u0259 xalq\u0131 a\u011f\u0131r, tarixi s\u0131naqlardan \u00e7\u0131xar\u0131rlar.Az\u0259rbaycan g\u0259ncl\u0259ri \u00fc\u00e7\u00fcn \u0259n h\u0259lledici s\u0131naqlardan biri d\u0259 2020-ci ilin sentyabr\u0131n 27-d\u0259 ba\u015flayan V\u0259t\u0259n m\u00fcharib\u0259si oldu. R\u0259\u015fad\u0259tli Az\u0259rbaycan Ordusunun s\u0131ralar\u0131nda V\u0259t\u0259n u\u011frunda vuru\u015fan q\u0259hr\u0259man g\u0259ncl\u0259rimiz adlar\u0131n\u0131 xalq\u0131m\u0131z\u0131n tarixin\u0259 q\u0131z\u0131l h\u0259rfl\u0259rl\u0259 yazd\u0131lar. Onlar\u0131n c\u0259sar\u0259ti say\u0259sind\u0259 \u0259ld\u0259 olunan bu Z\u0259f\u0259r say\u0259sind\u0259 xalq\u0131m\u0131z otuz illik h\u0259sr\u0259td\u0259n sonra tarixi torpaqlar\u0131m\u0131za qovu\u015fdu! Onlar\u0131n bir \u00e7oxu m\u0259hz c\u0259nab Prezidentin hakimiyy\u0259ti ill\u0259rind\u0259 b\u00f6y\u00fcm\u00fc\u015f v\u0259 t\u0259lim-t\u0259rbiyy\u0259 alm\u0131\u015flar.<\/div>\n<div dir=\"auto\">Toplant\u0131da Milli M\u0259clisin deputatlar\u0131 Elnur Allahverdiyev, \u00dclvi Quliyev, S\u0259bin\u0259 Xasayeva, YAP Yasamal rayon t\u0259\u015fkilat\u0131n\u0131n s\u0259dri B\u0259xtiyar N\u0259biyev \u00e7\u0131x\u0131\u015f ed\u0259r\u0259k t\u0259dbir i\u015ftirak\u00e7\u0131lar\u0131n\u0131 \u201cAz\u0259rbaycan G\u0259ncl\u0259ri g\u00fcn\u00fc\u201d m\u00fcnasib\u0259til\u0259 t\u0259brik edib, onlara respublikam\u0131z\u0131n daha da inki\u015faf\u0131 istiqam\u0259tind\u0259 g\u00f6st\u0259rdikl\u0259ri f\u0259aliyy\u0259tl\u0259rind\u0259 yeni-yeni u\u011furlar arzulad\u0131lar.T\u0259dbird\u0259 S\u0259f\u0259rb\u0259rlik v\u0259 H\u0259rbi Xidm\u0259t\u0259 \u00c7a\u011f\u0131r\u0131\u015f \u00fczr\u0259 D\u00f6vl\u0259t Xidm\u0259tinin Yasamal rayon idar\u0259sinin r\u0259isi Ramin \u015e\u00fck\u00fcrov v\u0259 idar\u0259nin m\u0259sul \u0259m\u0259kda\u015flar\u0131 da i\u015ftirak etdil\u0259r. T\u0259dbird\u0259 Yasamal rayon g\u0259ncl\u0259ri \u00e7\u0131x\u0131\u015flar etdil\u0259r.<\/div>\n<div dir=\"auto\">Toplant\u0131da bir qrup g\u0259nc rayonun ictimai h\u0259yat\u0131nda f\u0259al i\u015ftirak etdikl\u0259rin\u0259 g\u00f6r\u0259 v\u0259 2 fevral Az\u0259rbaycan G\u0259ncl\u0259ri g\u00fcn\u00fc m\u00fcnasib\u0259til\u0259 f\u0259xri f\u0259rmanlar il\u0259 t\u0259ltif edildil\u0259r.Sonda xatir\u0259 fotolar\u0131 \u00e7\u0259kildi.<\/div>\n<div dir=\"auto\"><strong>ARANTV.AZ<\/strong><\/div>\n<div dir=\"auto\"><img loading=\"lazy\" class=\"alignnone size-medium wp-image-559910\" src=\"https:\/\/arantv.az\/wp-content\/uploads\/2023\/02\/90bacb2d-c9cc-43f2-bb0c-7e676f7f18cf-548x365.jpg\" alt=\"\" width=\"548\" height=\"365\" \/> <img loading=\"lazy\" class=\"alignnone size-medium wp-image-559911\" src=\"https:\/\/arantv.az\/wp-content\/uploads\/2023\/02\/45a14905-622d-49ff-90c1-0f10644fa5d4-548x365.jpg\" alt=\"\" width=\"548\" height=\"365\" \/> <img loading=\"lazy\" class=\"alignnone size-medium wp-image-559912\" src=\"https:\/\/arantv.az\/wp-content\/uploads\/2023\/02\/356ca289-e730-462c-a9f6-eaa2850503f3-548x365.jpg\" alt=\"\" width=\"548\" height=\"365\" \/> <img loading=\"lazy\" class=\"alignnone size-medium wp-image-559913\" src=\"https:\/\/arantv.az\/wp-content\/uploads\/2023\/02\/d9e97606-fce3-49b9-aecb-a84bb91e9d5b-548x365.jpg\" alt=\"\" width=\"548\" height=\"365\" \/> <img loading=\"lazy\" class=\"alignnone size-medium wp-image-559914\" src=\"https:\/\/arantv.az\/wp-content\/uploads\/2023\/02\/f80a39d6-9140-47fd-9e46-06425deafe9f-548x365.jpg\" alt=\"\" width=\"548\" height=\"365\" \/> <img loading=\"lazy\" class=\"alignnone size-medium wp-image-559915\" src=\"https:\/\/arantv.az\/wp-content\/uploads\/2023\/02\/237069ae-d53f-4202-9597-58e43c48df14-548x365.jpg\" alt=\"\" width=\"548\" height=\"365\" \/> <img loading=\"lazy\" class=\"alignnone size-medium wp-image-559916\" src=\"https:\/\/arantv.az\/wp-content\/uploads\/2023\/02\/9e01ae12-6ed5-43a1-a0cb-eede04d67091-548x365.jpg\" alt=\"\" width=\"548\" height=\"365\" \/><\/div>\n","protected":false},"excerpt":{"rendered":"<p>2 fevral &#8211; Az\u0259rbaycan G\u0259ncl\u0259ri g\u00fcn\u00fc m\u00fcnasib\u0259til\u0259 Yasamal rayon Heyd\u0259r \u018fliyev M\u0259rk\u0259zind\u0259 rayon g\u0259ncl\u0259rinin toplant\u0131s\u0131 ke\u00e7irilib. \u018fvv\u0259lc\u0259 t\u0259dbir i\u015ftirak\u00e7\u0131lar\u0131 Yasamal rayon Heyd\u0259r \u018fliyev M\u0259rk\u0259zinin muzey b\u00f6lm\u0259sind\u0259 yerl\u0259\u015f\u0259n Az\u0259rbaycan xalq\u0131n\u0131n \u00dcmummilli Lideri Heyd\u0259r \u018fliyevin xatir\u0259sini yad ed\u0259r\u0259k g\u00fcl d\u0259st\u0259l\u0259ri qoyublar. D\u00f6vl\u0259t himni s\u0259sl\u0259ndirildi .Daha sonra Ulu \u00d6nd\u0259rin v\u0259 \u015f\u0259hidl\u0259rimizin \u0259ziz xatir\u0259si bir d\u0259qiq\u0259lik s\u00fckutla yad edildi. Toplant\u0131n\u0131 a\u00e7\u0131q elan ed\u0259n Yasamal rayon \u0130cra Hakimiyy\u0259tinin Ba\u015f\u00e7\u0131s\u0131 El\u015fad H\u0259s\u0259nov qeyd etdi ki, d\u00f6vl\u0259t g\u0259ncl\u0259r siyas\u0259ti \u00dcmummilli Lider Heyd\u0259r \u018fliyevin Az\u0259rbaycana r\u0259hb\u0259rlik etdiyi ilk ill\u0259rd\u0259n ba\u015flayaraq daim apar\u0131c\u0131 istiqam\u0259tl\u0259rind\u0259n biri olub. Ulu \u00d6nd\u0259rin 1997-ci&hellip;<\/p>\n","protected":false},"author":2,"featured_media":559918,"comment_status":"closed","ping_status":"closed","sticky":false,"template":"","format":"standard","meta":{"om_disable_all_campaigns":false,"_monsterinsights_skip_tracking":false,"_monsterinsights_sitenote_active":false,"_monsterinsights_sitenote_note":"","_monsterinsights_sitenote_category":0},"categories":[19],"tags":[],"aioseo_notices":[],"gutentor_comment":0,"rttpg_featured_image_url":{"full":["https:\/\/arantv.az\/wp-content\/uploads\/2023\/02\/325799124_573644041329463_2938968592078916739_n-1.jpg",1536,1024,false],"landscape":["https:\/\/arantv.az\/wp-content\/uploads\/2023\/02\/325799124_573644041329463_2938968592078916739_n-1.jpg",1536,1024,false],"portraits":["https:\/\/arantv.az\/wp-content\/uploads\/2023\/02\/325799124_573644041329463_2938968592078916739_n-1.jpg",1536,1024,false],"thumbnail":["https:\/\/arantv.az\/wp-content\/uploads\/2023\/02\/325799124_573644041329463_2938968592078916739_n-1-500x280.jpg",500,280,true],"medium":["https:\/\/arantv.az\/wp-content\/uploads\/2023\/02\/325799124_573644041329463_2938968592078916739_n-1-548x365.jpg",548,365,true],"large":["https:\/\/arantv.az\/wp-content\/uploads\/2023\/02\/325799124_573644041329463_2938968592078916739_n-1-840x560.jpg",640,427,true],"1536x1536":["https:\/\/arantv.az\/wp-content\/uploads\/2023\/02\/325799124_573644041329463_2938968592078916739_n-1.jpg",1536,1024,false],"2048x2048":["https:\/\/arantv.az\/wp-content\/uploads\/2023\/02\/325799124_573644041329463_2938968592078916739_n-1.jpg",1536,1024,false],"post-thumbnail":["https:\/\/arantv.az\/wp-content\/uploads\/2023\/02\/325799124_573644041329463_2938968592078916739_n-1-240x172.jpg",240,172,true],"advps-thumb-one":["https:\/\/arantv.az\/wp-content\/uploads\/2023\/02\/325799124_573644041329463_2938968592078916739_n-1-1200x620.jpg",1200,620,true]},"rttpg_author":{"display_name":"V\u00fcsal Rafiqo\u011flu","author_link":"https:\/\/arantv.az\/?author=2"},"rttpg_comment":0,"rttpg_category":"<a href=\"https:\/\/arantv.az\/?cat=19\" rel=\"category\">G\u00fcnd\u0259m<\/a>","rttpg_excerpt":"2 fevral &#8211; Az\u0259rbaycan G\u0259ncl\u0259ri g\u00fcn\u00fc m\u00fcnasib\u0259til\u0259 Yasamal rayon Heyd\u0259r \u018fliyev M\u0259rk\u0259zind\u0259 rayon g\u0259ncl\u0259rinin toplant\u0131s\u0131 ke\u00e7irilib. \u018fvv\u0259lc\u0259 t\u0259dbir i\u015ftirak\u00e7\u0131lar\u0131 Yasamal rayon Heyd\u0259r \u018fliyev M\u0259rk\u0259zinin muzey b\u00f6lm\u0259sind\u0259 yerl\u0259\u015f\u0259n Az\u0259rbaycan xalq\u0131n\u0131n \u00dcmummilli Lideri Heyd\u0259r \u018fliyevin xatir\u0259sini yad ed\u0259r\u0259k g\u00fcl d\u0259st\u0259l\u0259ri qoyublar. D\u00f6vl\u0259t himni s\u0259sl\u0259ndirildi .Daha sonra Ulu \u00d6nd\u0259rin v\u0259 \u015f\u0259hidl\u0259rimizin \u0259ziz xatir\u0259si bir d\u0259qiq\u0259lik s\u00fckutla yad edildi.&hellip;","_links":{"self":[{"href":"https:\/\/arantv.az\/index.php?rest_route=\/wp\/v2\/posts\/559909"}],"collection":[{"href":"https:\/\/arantv.az\/index.php?rest_route=\/wp\/v2\/posts"}],"about":[{"href":"https:\/\/arantv.az\/index.php?rest_route=\/wp\/v2\/types\/post"}],"author":[{"embeddable":true,"href":"https:\/\/arantv.az\/index.php?rest_route=\/wp\/v2\/users\/2"}],"replies":[{"embeddable":true,"href":"https:\/\/arantv.az\/index.php?rest_route=%2Fwp%2Fv2%2Fcomments&post=559909"}],"version-history":[{"count":0,"href":"https:\/\/arantv.az\/index.php?rest_route=\/wp\/v2\/posts\/559909\/revisions"}],"wp:featuredmedia":[{"embeddable":true,"href":"https:\/\/arantv.az\/index.php?rest_route=\/wp\/v2\/media\/559918"}],"wp:attachment":[{"href":"https:\/\/arantv.az\/index.php?rest_route=%2Fwp%2Fv2%2Fmedia&parent=559909"}],"wp:term":[{"taxonomy":"category","embeddable":true,"href":"https:\/\/arantv.az\/index.php?rest_route=%2Fwp%2Fv2%2Fcategories&post=559909"},{"taxonomy":"post_tag","embeddable":true,"href":"https:\/\/arantv.az\/index.php?rest_route=%2Fwp%2Fv2%2Ftags&post=559909"}],"curies":[{"name":"wp","href":"https:\/\/api.w.org\/{rel}","templated":true}]}}