{"id":559927,"date":"2023-02-01T19:40:28","date_gmt":"2023-02-01T16:40:28","guid":{"rendered":"https:\/\/arantv.az\/?p=559927"},"modified":"2023-02-01T19:40:28","modified_gmt":"2023-02-01T16:40:28","slug":"oxsar-d%c9%99y%c9%99rl%c9%99ri-olan-iki-qardas-qanli-cinay%c9%99tl%c9%99r-x%c9%99yan%c9%99t-v%c9%99-xaos","status":"publish","type":"post","link":"https:\/\/arantv.az\/?p=559927","title":{"rendered":"Ox\u015far \u201cd\u0259y\u0259r\u201dl\u0259ri olan iki \u201cqarda\u015f\u201d: Qanl\u0131 cinay\u0259tl\u0259r, x\u0259yan\u0259t v\u0259 xaos&#8230;"},"content":{"rendered":"<p>C\u0259nubi Qafqaz\u0131n iki \u201cqarda\u015f\u201d \u00f6lk\u0259si \u2013 Erm\u0259nistan v\u0259 \u0130ran region v\u0259 b\u00fct\u00f6vl\u00fckd\u0259 b\u00fct\u00fcn d\u00fcnya \u00fc\u00e7\u00fcn t\u0259hl\u00fck\u0259li bir x\u0259st\u0259lik kimi qalma\u011fa davam edir. Bu x\u0259st\u0259liyin t\u00f6r\u0259dicil\u0259ri olan \u201cqarda\u015f\u201dlar\u0131n \u0259sas amal\u0131 xaos v\u0259 qeyri-sabitlik m\u00fchitini formala\u015fd\u0131rmaq, bu \u201cm\u00fcnbit\u201d \u015f\u0259raitd\u0259n b\u0259hr\u0259l\u0259nm\u0259k v\u0259 \u00f6zl\u0259rinin maraqlar\u0131 namin\u0259 b\u0259\u015f\u0259riyy\u0259tin b\u00fct\u00fcn ali d\u0259y\u0259rl\u0259rini satmaqdan ibar\u0259tdir.<\/p>\n<p>T\u0259bii ki, d\u00fcnyadak\u0131 s\u00fclh v\u0259 sabitliy\u0259 t\u0259hdid t\u0259\u015fkil ed\u0259n bu iki \u00fcns\u00fcr\u00fcn ox\u015far f\u0259aliyy\u0259t \u00fcsullar\u0131na \u0259l atmalar\u0131 da qa\u00e7\u0131lmazd\u0131r. Tarixi saxtala\u015fd\u0131rmaq, h\u0259qiq\u0259tl\u0259ri t\u0259hrif etm\u0259k, \u00f6z x\u0259st\u0259 ideyalar\u0131n\u0131 t\u0259bli\u011f etm\u0259k, m\u0259qs\u0259d\u0259 \u00e7atmaq \u00fc\u00e7\u00fcn qan t\u00f6km\u0259k, dinc insanlar\u0131n h\u0259yat\u0131na q\u0259sd etm\u0259k bu iki \u201cqarda\u015f\u201d\u0131n \u0259n \u00f6n\u0259 \u00e7\u0131xan \u201cx\u00fcsusiyy\u0259t\u201dl\u0259ri s\u0131ras\u0131ndad\u0131r.<\/p>\n<div class=\"AdviadNativeVideo\"><\/div>\n<p>Sadalanan b\u00fct\u00fcn m\u0259qamlar\u0131 g\u00f6t\u00fcr-qoy etdikd\u0259n sonra \u0259minlikl\u0259 dey\u0259 bil\u0259c\u0259yimiz bir \u015fey d\u0259 odur ki, ist\u0259r Erm\u0259nistan, ist\u0259rs\u0259 d\u0259 \u0130ran \u00fc\u00e7\u00fcn maraqlar\u0131n\u0131 t\u0259min etm\u0259k, m\u0259qs\u0259d\u0259 \u00e7atmaq \u00fc\u00e7\u00fcn \u0259n \u00e7ox m\u00fcraci\u0259t olunan vasit\u0259 terrordur. B\u0259li, m\u0259hz terror.<\/p>\n<p>Az\u0259rbaycan oxucusu \u00fc\u00e7\u00fcn erm\u0259ni terrorunun b\u00fct\u00fcn n\u00f6vl\u0259ri, qurbanlar\u0131 v\u0259 n\u0259tic\u0259l\u0259ri kifay\u0259t q\u0259d\u0259r ayd\u0131nd\u0131r. Ancaq b\u0259z\u0259n \u0130ran\u0131n da bu sah\u0259d\u0259 he\u00e7 d\u0259 \u00f6z \u201cqarda\u015f\u201d\u0131ndan geri qalmad\u0131\u011f\u0131 unudulur. Halbuki, b\u00fct\u00fcn d\u00fcnyaya terror, v\u0259h\u015filik, vandalizml\u0259 ba\u011fl\u0131 m\u00fchazir\u0259 oxuya bil\u0259c\u0259k potensialda olan erm\u0259nil\u0259rin \u00f6zl\u0259rinin bel\u0259 \u201cterror\u201d dedikd\u0259 \u0130randan \u00f6yr\u0259n\u0259c\u0259yi \u00e7ox \u015fey var. D\u00f6vl\u0259t terroru siyas\u0259ti \u0130ran-Erm\u0259nistan \u201cqarda\u015f\u201dl\u0131\u011f\u0131n\u0131n k\u00f6k\u00fcnd\u0259 dayanan \u0259n bariz n\u00fcmun\u0259l\u0259rd\u0259n biridir.<\/p>\n<p>Bu m\u0259qamda Erm\u0259nistan \u00fc\u00e7\u00fcn ayr\u0131ca bir ha\u015fiy\u0259 a\u00e7maq laz\u0131md\u0131r. \u00c7\u00fcnki 20-ci \u0259srin ortalar\u0131nda Erm\u0259nistan m\u00fcst\u0259qil terror d\u00f6vl\u0259ti olmadan \u0259vv\u0259l \u00f6z \u201cali missiya\u201ds\u0131n\u0131 ASALA terror qrupla\u015fmas\u0131 vasit\u0259sil\u0259 h\u0259yata ke\u00e7irirdi. 90-c\u0131 ill\u0259rin \u0259vv\u0259ll\u0259rind\u0259n is\u0259 erm\u0259ni terroruna bu d\u00f6vl\u0259tin s\u00fckan\u0131 arxas\u0131nda oturan kostyumlu terror\u00e7ular r\u0259hb\u0259rlik etm\u0259y\u0259 ba\u015flad\u0131lar. \u0130randa is\u0259 terrorun t\u0259bli\u011fat\u0131, terror\u00e7unun haz\u0131rlanmas\u0131 v\u0259 terror akt\u0131n\u0131n t\u0259\u015fkilin\u0259 h\u0259r zaman \u0259mmam\u0259lil\u0259r r\u0259hb\u0259rlik edibl\u0259r.<\/p>\n<p>Yenid\u0259n qay\u0131daq bu iyr\u0259nc \u201cqarda\u015f\u201dl\u0131\u011f\u0131n sars\u0131lmaz ba\u011flar\u0131ndan olan terrorun unudulmu\u015f s\u0259hif\u0259l\u0259rin\u0259\u2026<\/p>\n<p>Erm\u0259nistan\u0131n Az\u0259rbaycanda t\u00f6r\u0259tdiyi terror aktlar\u0131, d\u00fcnyan\u0131n bir \u00e7ox yerind\u0259 diplomatik missiyas\u0131n\u0131 icra ed\u0259n t\u00fcrk diplomatlara qar\u015f\u0131 qanl\u0131 cinay\u0259tl\u0259ri art\u0131q qan yadda\u015f\u0131m\u0131za \u00e7evrilib. \u0130ran is\u0259 he\u00e7 d\u0259 geri qalmad\u0131\u011f\u0131 erm\u0259ni qarda\u015f\u0131ndan f\u0259rqli olaraq \u00f6z cinay\u0259tl\u0259rini m\u00fc\u0259yy\u0259n q\u0259d\u0259r p\u0259rd\u0259l\u0259m\u0259y\u0259 nail olub. Buna s\u0259b\u0259b is\u0259 \u0130ran\u0131n \u00f6z\u00fcn\u00fcn d\u00f6vl\u0259t terrorunda m\u0259hz Yax\u0131n \u015e\u0259rqin bir \u00e7ox b\u00f6lg\u0259l\u0259rind\u0259 d\u0259st\u0259kl\u0259diyi v\u0259 yeti\u015fdirdiyi terror qrupla\u015fmalar\u0131ndan istifad\u0259 etm\u0259sidir. Bu amilin \u00f6z\u00fc \u0130ran\u0131n d\u00fcnyada terrorizmin sponsor kimi ad qazanmas\u0131n\u0131n ba\u015fl\u0131ca s\u0259b\u0259bidir. \u00dcst\u0259lik, bir fakt\u0131 da qeyd ed\u0259k ki, bu g\u00fcn \u0130randa \u0259sas n\u00fcfuz v\u0259 g\u00fcc sahibi olan \u0130ran \u0130slam \u0130nqilab\u0131 Ke\u015fik\u00e7il\u0259ri Korpusunun \u00f6z\u00fc bel\u0259 15 aprel 2019-cu il tarixind\u0259n etibar\u0259n AB\u015e t\u0259r\u0259find\u0259n terror t\u0259\u015fkilat\u0131 kimi tan\u0131n\u0131b. Y\u0259ni bu korpus v\u0259 onun briqadalar\u0131 \u0130ran rejimi \u00fc\u00e7\u00fcn g\u00fcc strukturu kimi q\u0259bul edil\u0259 bil\u0259r, geosiyasi m\u00fcst\u0259vid\u0259 is\u0259 h\u0259r k\u0259s ba\u011fl\u0131 qap\u0131lar arxas\u0131nda g\u00f6r\u00fcl\u0259n i\u015fl\u0259rd\u0259n x\u0259b\u0259rdard\u0131r.<\/p>\n<p>S\u00f6z\u00fcged\u0259n korpus v\u0259 x\u00fcsusil\u0259 onun \u201cQ\u00fcds\u201d briqadas\u0131 \u015e\u0259rqin bir \u00e7ox b\u00f6lg\u0259l\u0259rind\u0259 terror aktlar\u0131n\u0131n \u0259sas s\u0259b\u0259bkarlar\u0131 kimi tan\u0131n\u0131r. Ancaq \u0130ran\u0131n terrorla ba\u011fl\u0131l\u0131\u011f\u0131 bu g\u00fcn d\u0259st\u0259k verdiyi, yeti\u015fdirdiyi terror\u00e7ularla m\u0259hdudla\u015fm\u0131r, terrorun d\u00f6vl\u0259t siyas\u0259tin\u0259 \u00e7evrilm\u0259si \u0130ran\u0131n timsal\u0131nda \u201cparlaq\u201d n\u00fcmun\u0259y\u0259 \u00e7evrilir.<\/p>\n<p>Erm\u0259ni qarda\u015flar\u0131 kimi \u0130ran da h\u0259d\u0259f se\u00e7\u0259rk\u0259n dinc \u0259hali v\u0259 ya silahl\u0131 birlikl\u0259r aras\u0131nda f\u0259rq qoymur, h\u0259tta qurbanlar\u0131n diplomatik pasportlara sahib olmas\u0131 onlar\u0131 bir q\u0259d\u0259r d\u0259 \u015firnikl\u0259\u015fdirir.<\/p>\n<p>2012-ci ilin 13 fevral\u0131nda Hindistan\u0131n paytaxt\u0131nda israilli diplomata qar\u015f\u0131 terror h\u00fccumu, 1983-c\u00fc ild\u0259 Beyrutdak\u0131 AB\u015e s\u0259firliyi qar\u015f\u0131s\u0131nda y\u00fck ma\u015f\u0131n\u0131n\u0131n partlad\u0131lmas\u0131, bir il sonra s\u0259firlik binas\u0131nda partlay\u0131\u015f\u0131n t\u00f6r\u0259dilm\u0259si, 1992-ci ild\u0259 Argentinada \u0130srail s\u0259firliyind\u0259 partlay\u0131\u015f v\u0259 sadalaya bil\u0259c\u0259yimiz onlarla bu q\u0259bild\u0259n terror aktlar\u0131 m\u0259hz \u0130ran\u0131n birba\u015fa v\u0259 dolay\u0131 i\u015ftirak\u0131, d\u0259st\u0259yi v\u0259 t\u0259\u015fkilat\u00e7\u0131l\u0131\u011f\u0131 il\u0259 t\u00f6r\u0259dilmi\u015f qanl\u0131 cinay\u0259tl\u0259rdir.<\/p>\n<p>G\u00f6r\u00fcnd\u00fcy\u00fc kimi regionumuzun iki \u00f6lk\u0259sinin \u201cqarda\u015f\u201dl\u0131q ba\u011flar\u0131 he\u00e7 d\u0259 ortaq d\u0259y\u0259rl\u0259r \u00fcz\u0259rind\u0259 qurulmay\u0131b, bu \u201cqarda\u015f\u201dl\u0131\u011f\u0131 ortaq maraqlar, d\u00f6vl\u0259tin terror siyas\u0259ti v\u0259 x\u0259st\u0259 ideyalar \u0259rs\u0259y\u0259 g\u0259tirib.<\/p>\n<p>Odur ki, \u0130ran\u0131n terror tarix\u00e7\u0259sin\u0259 \u00f6t\u0259ri yana\u015fmaq v\u0259 g\u00f6zard\u0131 etm\u0259k m\u00fcmk\u00fcn deyil. Erm\u0259nistan tarixi bu c\u00fcr xain cinay\u0259tl\u0259rl\u0259 z\u0259ngin oldu\u011fu q\u0259d\u0259r, qarda\u015f\u0131 olan \u0130ran\u0131n da h\u0259m dinc insanlar\u0131n, h\u0259m d\u0259 diplomatik missiya icra ed\u0259n bir \u00e7ox insan\u0131n \u00f6l\u00fcm\u00fcnd\u0259, q\u0259tl\u0259 yetirilm\u0259sind\u0259 \u0259li var.<\/p>\n<p>\u0130st\u0259nil\u0259n halda terror b\u0259\u015f\u0259riyy\u0259tin a\u011fr\u0131l\u0131 b\u0259lalar\u0131ndan biri oldu\u011fu q\u0259d\u0259r, h\u0259m d\u0259 m\u00fctl\u0259q m\u0259hv\u0259 m\u0259hkum bir anlay\u0131\u015fd\u0131r. Gec v\u0259 ya tez h\u0259r bir cinay\u0259tkar \u00f6z layiqli c\u0259zas\u0131n\u0131 almal\u0131, b\u0259\u015f\u0259riyy\u0259t qar\u015f\u0131s\u0131nda cavab verm\u0259lidir. N\u0259 Erm\u0259nistan, n\u0259 d\u0259 \u0130ran, n\u0259 d\u0259 bu d\u00f6vl\u0259tl\u0259rin terror siyas\u0259tinin yeti\u015fdirdi onlarla, y\u00fczl\u0259rl\u0259, b\u0259lk\u0259 d\u0259, minl\u0259rl\u0259 \u0259liqanl\u0131 qatil d\u0259 istisna deyil\u2026<\/p>\n","protected":false},"excerpt":{"rendered":"<p>C\u0259nubi Qafqaz\u0131n iki \u201cqarda\u015f\u201d \u00f6lk\u0259si \u2013 Erm\u0259nistan v\u0259 \u0130ran region v\u0259 b\u00fct\u00f6vl\u00fckd\u0259 b\u00fct\u00fcn d\u00fcnya \u00fc\u00e7\u00fcn t\u0259hl\u00fck\u0259li bir x\u0259st\u0259lik kimi qalma\u011fa davam edir. Bu x\u0259st\u0259liyin t\u00f6r\u0259dicil\u0259ri olan \u201cqarda\u015f\u201dlar\u0131n \u0259sas amal\u0131 xaos v\u0259 qeyri-sabitlik m\u00fchitini formala\u015fd\u0131rmaq, bu \u201cm\u00fcnbit\u201d \u015f\u0259raitd\u0259n b\u0259hr\u0259l\u0259nm\u0259k v\u0259 \u00f6zl\u0259rinin maraqlar\u0131 namin\u0259 b\u0259\u015f\u0259riyy\u0259tin b\u00fct\u00fcn ali d\u0259y\u0259rl\u0259rini satmaqdan ibar\u0259tdir. T\u0259bii ki, d\u00fcnyadak\u0131 s\u00fclh v\u0259 sabitliy\u0259 t\u0259hdid t\u0259\u015fkil ed\u0259n bu iki \u00fcns\u00fcr\u00fcn ox\u015far f\u0259aliyy\u0259t \u00fcsullar\u0131na \u0259l atmalar\u0131 da qa\u00e7\u0131lmazd\u0131r. Tarixi saxtala\u015fd\u0131rmaq, h\u0259qiq\u0259tl\u0259ri t\u0259hrif etm\u0259k, \u00f6z x\u0259st\u0259 ideyalar\u0131n\u0131 t\u0259bli\u011f etm\u0259k, m\u0259qs\u0259d\u0259 \u00e7atmaq \u00fc\u00e7\u00fcn qan t\u00f6km\u0259k, dinc insanlar\u0131n h\u0259yat\u0131na q\u0259sd etm\u0259k bu iki \u201cqarda\u015f\u201d\u0131n&hellip;<\/p>\n","protected":false},"author":2,"featured_media":559929,"comment_status":"closed","ping_status":"closed","sticky":false,"template":"","format":"standard","meta":{"om_disable_all_campaigns":false,"_monsterinsights_skip_tracking":false,"_monsterinsights_sitenote_active":false,"_monsterinsights_sitenote_note":"","_monsterinsights_sitenote_category":0},"categories":[4],"tags":[],"aioseo_notices":[],"gutentor_comment":0,"rttpg_featured_image_url":{"full":["https:\/\/arantv.az\/wp-content\/uploads\/2023\/02\/l-0x52wh-1240x723z-0.6339.jpg",620,413,false],"landscape":["https:\/\/arantv.az\/wp-content\/uploads\/2023\/02\/l-0x52wh-1240x723z-0.6339.jpg",620,413,false],"portraits":["https:\/\/arantv.az\/wp-content\/uploads\/2023\/02\/l-0x52wh-1240x723z-0.6339.jpg",620,413,false],"thumbnail":["https:\/\/arantv.az\/wp-content\/uploads\/2023\/02\/l-0x52wh-1240x723z-0.6339-500x280.jpg",500,280,true],"medium":["https:\/\/arantv.az\/wp-content\/uploads\/2023\/02\/l-0x52wh-1240x723z-0.6339-548x365.jpg",548,365,true],"large":["https:\/\/arantv.az\/wp-content\/uploads\/2023\/02\/l-0x52wh-1240x723z-0.6339.jpg",620,413,false],"1536x1536":["https:\/\/arantv.az\/wp-content\/uploads\/2023\/02\/l-0x52wh-1240x723z-0.6339.jpg",620,413,false],"2048x2048":["https:\/\/arantv.az\/wp-content\/uploads\/2023\/02\/l-0x52wh-1240x723z-0.6339.jpg",620,413,false],"post-thumbnail":["https:\/\/arantv.az\/wp-content\/uploads\/2023\/02\/l-0x52wh-1240x723z-0.6339-240x172.jpg",240,172,true],"advps-thumb-one":["https:\/\/arantv.az\/wp-content\/uploads\/2023\/02\/l-0x52wh-1240x723z-0.6339.jpg",620,413,false]},"rttpg_author":{"display_name":"V\u00fcsal Rafiqo\u011flu","author_link":"https:\/\/arantv.az\/?author=2"},"rttpg_comment":0,"rttpg_category":"<a href=\"https:\/\/arantv.az\/?cat=4\" rel=\"category\">Siyas\u0259t<\/a>","rttpg_excerpt":"C\u0259nubi Qafqaz\u0131n iki \u201cqarda\u015f\u201d \u00f6lk\u0259si \u2013 Erm\u0259nistan v\u0259 \u0130ran region v\u0259 b\u00fct\u00f6vl\u00fckd\u0259 b\u00fct\u00fcn d\u00fcnya \u00fc\u00e7\u00fcn t\u0259hl\u00fck\u0259li bir x\u0259st\u0259lik kimi qalma\u011fa davam edir. Bu x\u0259st\u0259liyin t\u00f6r\u0259dicil\u0259ri olan \u201cqarda\u015f\u201dlar\u0131n \u0259sas amal\u0131 xaos v\u0259 qeyri-sabitlik m\u00fchitini formala\u015fd\u0131rmaq, bu \u201cm\u00fcnbit\u201d \u015f\u0259raitd\u0259n b\u0259hr\u0259l\u0259nm\u0259k v\u0259 \u00f6zl\u0259rinin maraqlar\u0131 namin\u0259 b\u0259\u015f\u0259riyy\u0259tin b\u00fct\u00fcn ali d\u0259y\u0259rl\u0259rini satmaqdan ibar\u0259tdir. T\u0259bii ki, d\u00fcnyadak\u0131 s\u00fclh v\u0259 sabitliy\u0259 t\u0259hdid&hellip;","_links":{"self":[{"href":"https:\/\/arantv.az\/index.php?rest_route=\/wp\/v2\/posts\/559927"}],"collection":[{"href":"https:\/\/arantv.az\/index.php?rest_route=\/wp\/v2\/posts"}],"about":[{"href":"https:\/\/arantv.az\/index.php?rest_route=\/wp\/v2\/types\/post"}],"author":[{"embeddable":true,"href":"https:\/\/arantv.az\/index.php?rest_route=\/wp\/v2\/users\/2"}],"replies":[{"embeddable":true,"href":"https:\/\/arantv.az\/index.php?rest_route=%2Fwp%2Fv2%2Fcomments&post=559927"}],"version-history":[{"count":0,"href":"https:\/\/arantv.az\/index.php?rest_route=\/wp\/v2\/posts\/559927\/revisions"}],"wp:featuredmedia":[{"embeddable":true,"href":"https:\/\/arantv.az\/index.php?rest_route=\/wp\/v2\/media\/559929"}],"wp:attachment":[{"href":"https:\/\/arantv.az\/index.php?rest_route=%2Fwp%2Fv2%2Fmedia&parent=559927"}],"wp:term":[{"taxonomy":"category","embeddable":true,"href":"https:\/\/arantv.az\/index.php?rest_route=%2Fwp%2Fv2%2Fcategories&post=559927"},{"taxonomy":"post_tag","embeddable":true,"href":"https:\/\/arantv.az\/index.php?rest_route=%2Fwp%2Fv2%2Ftags&post=559927"}],"curies":[{"name":"wp","href":"https:\/\/api.w.org\/{rel}","templated":true}]}}