{"id":559930,"date":"2023-02-01T19:41:17","date_gmt":"2023-02-01T16:41:17","guid":{"rendered":"https:\/\/arantv.az\/?p=559930"},"modified":"2023-02-01T19:41:17","modified_gmt":"2023-02-01T16:41:17","slug":"avtobusla-rayonlara-ged%c9%99nl%c9%99r-biletl%c9%99ri-nec%c9%99-alsinlar-ayna-dan-aciqlama-foto","status":"publish","type":"post","link":"https:\/\/arantv.az\/?p=559930","title":{"rendered":"Avtobusla rayonlara ged\u0259nl\u0259r biletl\u0259ri nec\u0259 als\u0131nlar? &#8211; AYNA-dan A\u00c7IQLAMA + FOTO"},"content":{"rendered":"<p>\u0130ctimai n\u0259qliyyatda s\u0259rni\u015finda\u015f\u0131ma xidm\u0259tl\u0259ri \u00fczr\u0259 yeni tarifl\u0259r\u00a0<a href=\"https:\/\/oxu.az\/society\/690492\" target=\"_blank\" rel=\"noopener\">t\u0259sdiq edilib<\/a>.\u00a0Q\u0259rar fevral\u0131n 3-d\u0259n q\u00fcvv\u0259y\u0259 min\u0259c\u0259k.<\/p>\n<p>Q\u0259rarla ba\u011fl\u0131 \u00f6t\u0259n g\u00fcnd\u0259n sosial \u015f\u0259b\u0259k\u0259l\u0259rd\u0259 m\u00fczakir\u0259l\u0259r davam edirir. T\u0259bii ki, gedi\u015f haqlar\u0131n\u0131n art\u0131r\u0131lmas\u0131 v\u0259t\u0259nda\u015flar \u00fc\u00e7\u00fcn o q\u0259d\u0259r d\u0259 sevindirici hal deyil. Lakin dig\u0259r t\u0259r\u0259fd\u0259n d\u0259, ictimai n\u0259qliyyatda istifad\u0259 edil\u0259n avtobuslar\u0131n v\u0259ziyy\u0259tind\u0259n daim \u015fikay\u0259tl\u0259n\u0259n d\u0259 el\u0259 s\u0259rni\u015finl\u0259r idi. Bu art\u0131m \u00f6z n\u00f6vb\u0259sind\u0259 s\u0259rni\u015finda\u015f\u0131ma f\u0259aliyy\u0259ti g\u00f6st\u0259r\u0259n sahibkarlara\u00a0x\u0259tt\u0259 buraxd\u0131qlar\u0131 avtobuslar\u0131\u00a0daha m\u00fcasir v\u0259 s\u0259liq\u0259li\u00a0n\u0259qliyyat vasit\u0259l\u0259ri il\u0259 \u0259v\u0259z etm\u0259y\u0259 m\u00fc\u0259yy\u0259n m\u0259nada k\u00f6m\u0259k ed\u0259 bil\u0259r.<\/p>\n<div class=\"AdviadNativeVideo\"><\/div>\n<p>Maraql\u0131 m\u0259qamlardan biri d\u0259 budur ki, \u00f6t\u0259n g\u00fcn ax\u015fam saatlar\u0131ndan etibar\u0259n Bak\u0131 Beyn\u0259lxalq Avtova\u011fzal\u0131n r\u0259smi sayt\u0131na (avtovagzal.az) giri\u015fd\u0259 problem yaran\u0131b. Bu bar\u0259d\u0259 m\u0259lumat sosial \u015f\u0259b\u0259k\u0259d\u0259 bilet almaq ist\u0259y\u0259n s\u0259rni\u015finl\u0259r t\u0259r\u0259find\u0259n payla\u015f\u0131l\u0131b.<\/p>\n<p><img src=\"https:\/\/cdn.oxu.az\/uploads\/W1siZiIsIjIwMjMvMDIvMDEvMTcvNTkvMzYvNzFkMDg5OWQtZTg5My00YjY3LTkxMWMtMThiNjM3N2Q0NmY4L2F2dG92YWd6YWwyLkpQRyJdLFsicCIsImVuY29kZSIsImpwZyIsIi1xdWFsaXR5IDgwIl0sWyJwIiwidGh1bWIiLCI1OTB4NTkwXHUwMDNlIl1d?sha=81131a2afa64ad79\" alt=\"\" \/><\/p>\n<p>Qeyd ed\u0259k ki, yeni tarifl\u0259r q\u00fcvv\u0259y\u0259 min\u0259n\u0259 q\u0259d\u0259r Bak\u0131 Beyn\u0259lxalq Avtova\u011fzal\u0131nda m\u00f6vcud tarifl\u0259r a\u015fa\u011f\u0131dak\u0131 kimidir:<\/p>\n<p><img src=\"https:\/\/cdn.oxu.az\/uploads\/W1siZiIsIjIwMjMvMDIvMDEvMTcvNTkvMzcvNWUyZWE4NmItMjUyMy00OGYzLWFmMGEtZjU3NzQyMmYwNTQ0L2Jha2ktIHR1cmFuLkpQRyJdLFsicCIsImVuY29kZSIsImpwZyIsIi1xdWFsaXR5IDgwIl0sWyJwIiwidGh1bWIiLCI1OTB4NTkwXHUwMDNlIl1d?sha=559010f106b6763b\" alt=\"\" \/><\/p>\n<p><img src=\"https:\/\/cdn.oxu.az\/uploads\/W1siZiIsIjIwMjMvMDIvMDEvMTcvNTkvMzYvNTM0MjNhMWYtZDI5NS00M2U1LWI3NTEtZjIxZDA0N2JiOGRlL2Jha2ktdHVyMi5KUEciXSxbInAiLCJlbmNvZGUiLCJqcGciLCItcXVhbGl0eSA4MCJdLFsicCIsInRodW1iIiwiNTkweDU5MFx1MDAzZSJdXQ?sha=4a09c681633cde88\" alt=\"\" \/><\/p>\n<p><img src=\"https:\/\/cdn.oxu.az\/uploads\/W1siZiIsIjIwMjMvMDIvMDEvMTcvNTkvMzYvMzE5NjA2ZjEtMGQ5ZS00OTQ0LThlMzctYzI4NmZhNWRlM2RlL2Jha2ktdHVyIDMuSlBHIl0sWyJwIiwiZW5jb2RlIiwianBnIiwiLXF1YWxpdHkgODAiXSxbInAiLCJ0aHVtYiIsIjU5MHg1OTBcdTAwM2UiXV0?sha=aad0217f44d5be3d\" alt=\"\" \/><\/p>\n<p>S\u0259rni\u015finl\u0259r \u00fc\u00e7\u00fcn maraql\u0131 olan \u00fc\u00e7 sual:<\/p>\n<p>1. Bak\u0131 Beyn\u0259lxalq Avtova\u011fzal\u0131n\u0131n\u00a0r\u0259smi sayt\u0131na giri\u015fd\u0259 yaranan problemin s\u0259b\u0259bi n\u0259dir?<\/p>\n<p>2. Yeni tarifl\u0259r q\u00fcvv\u0259y\u0259 min\u0259n\u0259 q\u0259d\u0259r (fevral\u0131n 3-d\u0259k) onlayn qaydada bileti nec\u0259 ala bil\u0259rl\u0259r?<\/p>\n<p>3. Fevral\u0131n 3-d\u0259n q\u00fcvv\u0259y\u0259 min\u0259c\u0259k yeni tarifl\u0259r \u00fczr\u0259 hesablanan yeni qiym\u0259tl\u0259r n\u0259 zaman elan edil\u0259c\u0259k?<\/p>\n<p>M\u0259s\u0259l\u0259 il\u0259 ba\u011fl\u0131 R\u0259q\u0259msal \u0130nki\u015faf v\u0259 N\u0259qliyyat Nazirliyinin tabeliyind\u0259 f\u0259aliyy\u0259t g\u00f6st\u0259r\u0259n Az\u0259rbaycan Yer\u00fcst\u00fc N\u0259qliyyat Agentliyin\u0259 (AYNA) sor\u011fu \u00fcnvanlad\u0131q.<\/p>\n<p>AYNA-dan\u00a0Oxu.Az-\u0131n sor\u011fusuna cavab olaraq bildirilib ki, Bak\u0131 Beyn\u0259lxalq Avtova\u011fzal\u0131n r\u0259smi sayt\u0131na giri\u015fd\u0259 problem yaranmas\u0131\u00a0t\u0259kmill\u0259\u015fdirm\u0259 i\u015fl\u0259ri il\u0259 \u0259laq\u0259lidir v\u0259 yax\u0131n zamanda sayta giri\u015f b\u0259rpa edil\u0259c\u0259k.<\/p>\n<p>Regionlara gedi\u015f \u00fc\u00e7\u00fcn onlayn bilet almaq ist\u0259y\u0259n \u015f\u0259xsl\u0259r biletim.az onlayn bilet sat\u0131\u015f\u0131 portal\u0131 v\u0259 avtovagzal.az sayt\u0131 \u00fcz\u0259rind\u0259n fevral ay\u0131n\u0131n 3-n\u0259 q\u0259d\u0259r m\u00f6vcud tarifl\u0259rl\u0259, fevral\u0131n 3-d\u0259n sonra is\u0259\u00a0q\u00fcvv\u0259y\u0259 min\u0259c\u0259k yeni tarifl\u0259rl\u0259 bilet ala bil\u0259rl\u0259r.<\/p>\n<p>Cavabda o da qeyd edilib ki, \u015f\u0259h\u0259rl\u0259raras\u0131 v\u0259 rayonlararas\u0131 da\u015f\u0131malarda istifad\u0259 olunan avtobuslar da\u015f\u0131y\u0131c\u0131lara m\u0259xsusdur. Avtobus park\u0131n\u0131n saxlanmas\u0131 v\u0259 t\u0259mir xidm\u0259ti x\u0259rcl\u0259rind\u0259 k\u0259skin art\u0131m da\u015f\u0131y\u0131c\u0131lar\u0131n maliyy\u0259 v\u0259ziyy\u0259tini d\u0259 a\u011f\u0131rla\u015fd\u0131r\u0131r. \u00d6t\u0259ng\u00fcnk\u00fc tarif d\u0259yi\u015fikliyinin \u0259sas m\u0259qs\u0259di n\u0259qliyyat sektorunda keyfiyy\u0259tli xidm\u0259t t\u0259l\u0259b etm\u0259k \u00fc\u00e7\u00fcn bu sah\u0259d\u0259ki iqtisadi rentabelliyi t\u0259min etm\u0259k v\u0259 da\u015f\u0131y\u0131c\u0131 \u015firk\u0259tl\u0259rin g\u0259lirl\u0259ri il\u0259 x\u0259rcl\u0259ri aras\u0131nda d\u00fczg\u00fcn proporsiyan\u0131n formala\u015fd\u0131r\u0131lmas\u0131 istiqam\u0259tind\u0259 g\u00f6r\u00fclm\u0259si n\u0259z\u0259rd\u0259 tutulan i\u015fl\u0259ri stimulla\u015fd\u0131rmaqd\u0131r. Bu tarif da\u015f\u0131y\u0131c\u0131lara m\u00f6vcud avtobuslar\u0131 istismara saz v\u0259ziyy\u0259td\u0259 saxlama\u011fa v\u0259 \u0259sasl\u0131 t\u0259mir\u0259 imkan yaradacaq.<\/p>\n<p>\u201cAYNA t\u0259r\u0259find\u0259n ictimai n\u0259qliyyatda s\u0259rni\u015finl\u0259r\u0259 g\u00f6st\u0259ril\u0259n xidm\u0259tin t\u0259hl\u00fck\u0259sizlik v\u0259 keyfiyy\u0259t bax\u0131m\u0131ndan y\u00fcks\u0259k standartlara \u00e7atd\u0131r\u0131lmas\u0131 m\u0259qs\u0259dil\u0259 avtobus park\u0131n\u0131n yenil\u0259nm\u0259si daim diqq\u0259t m\u0259rk\u0259zind\u0259 saxlan\u0131l\u0131r. M\u00fcnt\u0259z\u0259m s\u0259rni\u015finda\u015f\u0131ma il\u0259 m\u0259\u015f\u011ful olan iri da\u015f\u0131y\u0131c\u0131larla m\u00fct\u0259madi \u015f\u0259kild\u0259 ke\u00e7iril\u0259n g\u00f6r\u00fc\u015fl\u0259rd\u0259 d\u0259 s\u0259rni\u015finda\u015f\u0131ma sah\u0259sind\u0259 m\u00f6vcud \u00e7at\u0131\u015fmazl\u0131qlar, qar\u015f\u0131da duran m\u0259s\u0259l\u0259l\u0259r m\u00fczakir\u0259 olunur v\u0259 t\u0259klifl\u0259r dinl\u0259nilir. G\u00f6r\u00fc\u015fl\u0259r zaman\u0131 s\u0259rni\u015finda\u015f\u0131ma xidm\u0259tl\u0259rinin keyfiyy\u0259tinin art\u0131r\u0131lmas\u0131, m\u00fc\u015ft\u0259ri m\u0259mnuniyy\u0259tinin prioritet istiqam\u0259tl\u0259rd\u0259n oldu\u011fu diqq\u0259t\u0259 \u00e7atd\u0131r\u0131l\u0131r\u201d, &#8211; qurumdan bildirilib.<\/p>\n<p>Qeyd ed\u0259k ki, Tarif (qiym\u0259t) \u015euras\u0131n\u0131n 31 yanvar 2023-c\u00fc il tarixind\u0259 ke\u00e7iril\u0259n n\u00f6vb\u0259ti iclas\u0131nda da\u015f\u0131y\u0131c\u0131 \u015firk\u0259tl\u0259rin m\u00fcraci\u0259tl\u0259rin\u0259 bax\u0131l\u0131b\u00a0v\u0259 ictimai n\u0259qliyyatda s\u0259rni\u015finda\u015f\u0131ma xidm\u0259tl\u0259ri \u00fczr\u0259 yeni tarifl\u0259r t\u0259sdiq edilib. Apar\u0131lan m\u00fczakir\u0259l\u0259rd\u0259n sonra 10 q\u0259pik art\u0131r\u0131lmaqla metroda s\u0259rni\u015finda\u015f\u0131ma tarifi 1 gedi\u015f \u00fc\u00e7\u00fcn 40 q\u0259pik, \u00f6lk\u0259 \u00fczr\u0259 tarifin yuxar\u0131 h\u0259ddi \u015f\u0259h\u0259rdaxili avtobus mar\u015frutlar\u0131nda 40 q\u0259pik, \u015f\u0259h\u0259r\u0259traf\u0131 v\u0259 q\u0259s\u0259b\u0259l\u0259raras\u0131 avtobus mar\u015frutlar\u0131 \u00fczr\u0259 m\u0259saf\u0259d\u0259n as\u0131l\u0131 olaraq 0,40-1,00 manat t\u0259sdiq edilib. \u015e\u0259h\u0259rl\u0259raras\u0131 avtobus mar\u015frutlar\u0131nda is\u0259 tarifin yuxar\u0131 h\u0259ddi 1 kilometr \u00fc\u00e7\u00fcn 3 q\u0259pik s\u0259viyy\u0259sind\u0259 m\u00fc\u0259yy\u0259n olunub (\u0259vv\u0259lki tarif 2,4 q\u0259pik). Q\u0259rar 3 fevral 2023-c\u00fc il tarixind\u0259n q\u00fcvv\u0259y\u0259 min\u0259c\u0259k.<\/p>\n","protected":false},"excerpt":{"rendered":"<p>\u0130ctimai n\u0259qliyyatda s\u0259rni\u015finda\u015f\u0131ma xidm\u0259tl\u0259ri \u00fczr\u0259 yeni tarifl\u0259r\u00a0t\u0259sdiq edilib.\u00a0Q\u0259rar fevral\u0131n 3-d\u0259n q\u00fcvv\u0259y\u0259 min\u0259c\u0259k. Q\u0259rarla ba\u011fl\u0131 \u00f6t\u0259n g\u00fcnd\u0259n sosial \u015f\u0259b\u0259k\u0259l\u0259rd\u0259 m\u00fczakir\u0259l\u0259r davam edirir. T\u0259bii ki, gedi\u015f haqlar\u0131n\u0131n art\u0131r\u0131lmas\u0131 v\u0259t\u0259nda\u015flar \u00fc\u00e7\u00fcn o q\u0259d\u0259r d\u0259 sevindirici hal deyil. Lakin dig\u0259r t\u0259r\u0259fd\u0259n d\u0259, ictimai n\u0259qliyyatda istifad\u0259 edil\u0259n avtobuslar\u0131n v\u0259ziyy\u0259tind\u0259n daim \u015fikay\u0259tl\u0259n\u0259n d\u0259 el\u0259 s\u0259rni\u015finl\u0259r idi. Bu art\u0131m \u00f6z n\u00f6vb\u0259sind\u0259 s\u0259rni\u015finda\u015f\u0131ma f\u0259aliyy\u0259ti g\u00f6st\u0259r\u0259n sahibkarlara\u00a0x\u0259tt\u0259 buraxd\u0131qlar\u0131 avtobuslar\u0131\u00a0daha m\u00fcasir v\u0259 s\u0259liq\u0259li\u00a0n\u0259qliyyat vasit\u0259l\u0259ri il\u0259 \u0259v\u0259z etm\u0259y\u0259 m\u00fc\u0259yy\u0259n m\u0259nada k\u00f6m\u0259k ed\u0259 bil\u0259r. Maraql\u0131 m\u0259qamlardan biri d\u0259 budur ki, \u00f6t\u0259n g\u00fcn ax\u015fam saatlar\u0131ndan etibar\u0259n Bak\u0131 Beyn\u0259lxalq Avtova\u011fzal\u0131n r\u0259smi sayt\u0131na (avtovagzal.az) giri\u015fd\u0259&hellip;<\/p>\n","protected":false},"author":2,"featured_media":559932,"comment_status":"closed","ping_status":"closed","sticky":false,"template":"","format":"standard","meta":{"om_disable_all_campaigns":false,"_monsterinsights_skip_tracking":false,"_monsterinsights_sitenote_active":false,"_monsterinsights_sitenote_note":"","_monsterinsights_sitenote_category":0},"categories":[1],"tags":[],"aioseo_notices":[],"gutentor_comment":0,"rttpg_featured_image_url":{"full":["https:\/\/arantv.az\/wp-content\/uploads\/2023\/02\/ZQT86E99ONCGfARHUpGbPZ2kDqt3IsKfHS72E5m2.jpg",620,413,false],"landscape":["https:\/\/arantv.az\/wp-content\/uploads\/2023\/02\/ZQT86E99ONCGfARHUpGbPZ2kDqt3IsKfHS72E5m2.jpg",620,413,false],"portraits":["https:\/\/arantv.az\/wp-content\/uploads\/2023\/02\/ZQT86E99ONCGfARHUpGbPZ2kDqt3IsKfHS72E5m2.jpg",620,413,false],"thumbnail":["https:\/\/arantv.az\/wp-content\/uploads\/2023\/02\/ZQT86E99ONCGfARHUpGbPZ2kDqt3IsKfHS72E5m2-500x280.jpg",500,280,true],"medium":["https:\/\/arantv.az\/wp-content\/uploads\/2023\/02\/ZQT86E99ONCGfARHUpGbPZ2kDqt3IsKfHS72E5m2-548x365.jpg",548,365,true],"large":["https:\/\/arantv.az\/wp-content\/uploads\/2023\/02\/ZQT86E99ONCGfARHUpGbPZ2kDqt3IsKfHS72E5m2.jpg",620,413,false],"1536x1536":["https:\/\/arantv.az\/wp-content\/uploads\/2023\/02\/ZQT86E99ONCGfARHUpGbPZ2kDqt3IsKfHS72E5m2.jpg",620,413,false],"2048x2048":["https:\/\/arantv.az\/wp-content\/uploads\/2023\/02\/ZQT86E99ONCGfARHUpGbPZ2kDqt3IsKfHS72E5m2.jpg",620,413,false],"post-thumbnail":["https:\/\/arantv.az\/wp-content\/uploads\/2023\/02\/ZQT86E99ONCGfARHUpGbPZ2kDqt3IsKfHS72E5m2-240x172.jpg",240,172,true],"advps-thumb-one":["https:\/\/arantv.az\/wp-content\/uploads\/2023\/02\/ZQT86E99ONCGfARHUpGbPZ2kDqt3IsKfHS72E5m2.jpg",620,413,false]},"rttpg_author":{"display_name":"V\u00fcsal Rafiqo\u011flu","author_link":"https:\/\/arantv.az\/?author=2"},"rttpg_comment":0,"rttpg_category":"<a href=\"https:\/\/arantv.az\/?cat=1\" rel=\"category\">C\u0259miyy\u0259t<\/a>","rttpg_excerpt":"\u0130ctimai n\u0259qliyyatda s\u0259rni\u015finda\u015f\u0131ma xidm\u0259tl\u0259ri \u00fczr\u0259 yeni tarifl\u0259r\u00a0t\u0259sdiq edilib.\u00a0Q\u0259rar fevral\u0131n 3-d\u0259n q\u00fcvv\u0259y\u0259 min\u0259c\u0259k. Q\u0259rarla ba\u011fl\u0131 \u00f6t\u0259n g\u00fcnd\u0259n sosial \u015f\u0259b\u0259k\u0259l\u0259rd\u0259 m\u00fczakir\u0259l\u0259r davam edirir. T\u0259bii ki, gedi\u015f haqlar\u0131n\u0131n art\u0131r\u0131lmas\u0131 v\u0259t\u0259nda\u015flar \u00fc\u00e7\u00fcn o q\u0259d\u0259r d\u0259 sevindirici hal deyil. Lakin dig\u0259r t\u0259r\u0259fd\u0259n d\u0259, ictimai n\u0259qliyyatda istifad\u0259 edil\u0259n avtobuslar\u0131n v\u0259ziyy\u0259tind\u0259n daim \u015fikay\u0259tl\u0259n\u0259n d\u0259 el\u0259 s\u0259rni\u015finl\u0259r idi. Bu art\u0131m \u00f6z n\u00f6vb\u0259sind\u0259 s\u0259rni\u015finda\u015f\u0131ma&hellip;","_links":{"self":[{"href":"https:\/\/arantv.az\/index.php?rest_route=\/wp\/v2\/posts\/559930"}],"collection":[{"href":"https:\/\/arantv.az\/index.php?rest_route=\/wp\/v2\/posts"}],"about":[{"href":"https:\/\/arantv.az\/index.php?rest_route=\/wp\/v2\/types\/post"}],"author":[{"embeddable":true,"href":"https:\/\/arantv.az\/index.php?rest_route=\/wp\/v2\/users\/2"}],"replies":[{"embeddable":true,"href":"https:\/\/arantv.az\/index.php?rest_route=%2Fwp%2Fv2%2Fcomments&post=559930"}],"version-history":[{"count":0,"href":"https:\/\/arantv.az\/index.php?rest_route=\/wp\/v2\/posts\/559930\/revisions"}],"wp:featuredmedia":[{"embeddable":true,"href":"https:\/\/arantv.az\/index.php?rest_route=\/wp\/v2\/media\/559932"}],"wp:attachment":[{"href":"https:\/\/arantv.az\/index.php?rest_route=%2Fwp%2Fv2%2Fmedia&parent=559930"}],"wp:term":[{"taxonomy":"category","embeddable":true,"href":"https:\/\/arantv.az\/index.php?rest_route=%2Fwp%2Fv2%2Fcategories&post=559930"},{"taxonomy":"post_tag","embeddable":true,"href":"https:\/\/arantv.az\/index.php?rest_route=%2Fwp%2Fv2%2Ftags&post=559930"}],"curies":[{"name":"wp","href":"https:\/\/api.w.org\/{rel}","templated":true}]}}