{"id":560084,"date":"2023-02-02T09:52:22","date_gmt":"2023-02-02T06:52:22","guid":{"rendered":"https:\/\/arantv.az\/?p=560084"},"modified":"2023-02-02T09:52:22","modified_gmt":"2023-02-02T06:52:22","slug":"metro-v%c9%99-avtobuslarda-qiym%c9%99tl%c9%99r-niy%c9%99-artirildi-xidm%c9%99tin-keyfiyy%c9%99ti-d%c9%99-yuks%c9%99l%c9%99c%c9%99kmi","status":"publish","type":"post","link":"https:\/\/arantv.az\/?p=560084","title":{"rendered":"Metro v\u0259 avtobuslarda qiym\u0259tl\u0259r niy\u0259 art\u0131r\u0131ld\u0131 &#8211; xidm\u0259tin keyfiyy\u0259ti d\u0259 y\u00fcks\u0259l\u0259c\u0259kmi&#8230;"},"content":{"rendered":"<p><strong>Uzun zamand\u0131r Az\u0259rbaycanda, x\u00fcsus\u0259n paytaxt Bak\u0131da v\u0259 Sumqay\u0131tda ictimai n\u0259qliyyat\u0131n f\u0259aliyy\u0259tind\u0259 ciddi probleml\u0259r vard\u0131. B\u0259zi \u015firk\u0259tl\u0259r mar\u015fruta \u00e7\u0131xmaqdan imtina etm\u0259k anonsu verirdi. H\u0259m\u00e7inin bildirilirdi ki, onlar iflas h\u0259ddind\u0259dirl\u0259r, ona g\u00f6r\u0259 d\u0259 nizaml\u0131 i\u015fl\u0259y\u0259 bilmirl\u0259r. Bu s\u0259b\u0259bd\u0259n onlar gedi\u015fhaqq\u0131n\u0131n art\u0131r\u0131lmas\u0131 \u00fc\u00e7\u00fcn m\u00fcraci\u0259t d\u0259 etmi\u015fdil\u0259r.<\/strong><\/p>\n<p>B\u0259lli oldu\u011fu kimi, Tarif (qiym\u0259t) \u015euras\u0131n\u0131n 31 yanvar 2023-c\u00fc il tarixind\u0259 ke\u00e7iril\u0259n n\u00f6vb\u0259ti iclas\u0131nda da\u015f\u0131y\u0131c\u0131 \u015firk\u0259tl\u0259rin m\u00fcraci\u0259tl\u0259rin\u0259 bax\u0131l\u0131b v\u0259 ictimai n\u0259qliyyatda s\u0259rni\u015finda\u015f\u0131ma xidm\u0259tl\u0259ri \u00fczr\u0259 yeni tarifl\u0259r t\u0259sdiq edilib.<\/p>\n<p>Apar\u0131lan m\u00fczakir\u0259l\u0259rd\u0259n sonra 10 q\u0259pik art\u0131r\u0131lmaqla metroda s\u0259rni\u015finda\u015f\u0131ma tarifi 1 gedi\u015f \u00fc\u00e7\u00fcn 40 q\u0259pik, \u00f6lk\u0259 \u00fczr\u0259 tarifin yuxar\u0131 h\u0259ddi \u015f\u0259h\u0259rdaxili avtobus mar\u015frutlar\u0131nda 40 q\u0259pik, \u015f\u0259h\u0259r\u0259traf\u0131 v\u0259 q\u0259s\u0259b\u0259l\u0259raras\u0131 avtobus mar\u015frutlar\u0131 \u00fczr\u0259 m\u0259saf\u0259d\u0259n as\u0131l\u0131 olaraq 0,40-1,00 manat t\u0259sdiq edilib. \u015e\u0259h\u0259rl\u0259raras\u0131 avtobus mar\u015frutlar\u0131nda is\u0259 tarifin yuxar\u0131 h\u0259ddi 1 kilometr \u00fc\u00e7\u00fcn 3 q\u0259pik s\u0259viyy\u0259sind\u0259 m\u00fc\u0259yy\u0259n olunub (\u0259vv\u0259lki tarif 2,4 q\u0259pik).<\/p>\n<p>Q\u0259rarda qeyd edilir ki, tarif d\u0259yi\u015fikliyi n\u0259tic\u0259sind\u0259 yaranacaq \u0259lav\u0259 v\u0259sait avtobus parklar\u0131n\u0131n yenil\u0259nm\u0259sin\u0259 imkan yaradacaq, xidm\u0259tin keyfiyy\u0259tinin y\u00fcks\u0259ldilm\u0259sin\u0259 v\u0259 dayan\u0131ql\u0131l\u0131\u011f\u0131na m\u00fcsb\u0259t t\u0259sir g\u00f6st\u0259r\u0259c\u0259k.<\/p>\n<p>N\u0259z\u0259r\u0259 \u00e7atd\u0131raq ki, 2018-ci ild\u0259 d\u0259 n\u0259qliyyatda qiym\u0259tl\u0259rin art\u0131m\u0131 ba\u015f ver\u0259nd\u0259 bunun xidm\u0259tin keyfiyy\u0259tinin y\u00fcks\u0259ldilm\u0259sin\u0259 t\u0259sir ed\u0259c\u0259yi vur\u011fulanm\u0131\u015fd\u0131 v\u0259 da\u015f\u0131y\u0131c\u0131 \u015firk\u0259tl\u0259rin \u00fcz\u0259rin\u0259 \u00f6hd\u0259likl\u0259r qoyulmu\u015fdu. Ancaq \u00f6t\u0259n 4 ild\u0259 da\u015f\u0131y\u0131c\u0131 \u015firk\u0259tl\u0259r bu \u00f6hd\u0259liy\u0259 \u0259m\u0259l etm\u0259dil\u0259r. K\u00f6hn\u0259 avtobuslar, kobud s\u00fcr\u00fcc\u00fcl\u0259r haqda says\u0131z-hesabs\u0131z \u015fikay\u0259tl\u0259r mediada d\u0259rc olunub.<\/p>\n<p>Yeni tarifl\u0259rl\u0259 g\u00fcnd\u0259lik metrodan v\u0259 ya \u015f\u0259h\u0259rdaxili mar\u015frutlardan istifad\u0259 ed\u0259n bir v\u0259t\u0259nda\u015f\u0131n pay\u0131na d\u00fc\u015f\u0259n ayl\u0131q art\u0131m 4-6 manat t\u0259\u015fkil ed\u0259c\u0259k. Tarif art\u0131m\u0131ndan sonra metro \u00fczr\u0259 20 milyon manat, avtobus n\u0259qliyyat\u0131 il\u0259 da\u015f\u0131malar \u00fczr\u0259 is\u0259 200 milyon manat \u0259lav\u0259 v\u0259saitin yaranaca\u011f\u0131 g\u00f6zl\u0259nilir.<\/p>\n<p><img src=\"https:\/\/sia.az\/storage\/2021\/10\/28\/elmeddin45.jpg\" alt=\"\u018fsas probleml\u0259r yen\u0259 d\u0259 qal\u0131r&quot;\" \/><\/p>\n<p><strong>Elm\u0259ddin Muradl\u0131: \u201cDa\u015f\u0131y\u0131c\u0131 \u015firk\u0259tl\u0259rin i\u015fi \u201cqara m\u00fchasibat&#8221;l\u0131qla t\u0259nziml\u0259nir\u201d<\/strong><\/p>\n<p><strong>N\u0259qliyyat eksperti Elm\u0259ddin Muradl\u0131 \u201cYeni M\u00fcsavat\u201da bildirdi ki, da\u015f\u0131y\u0131c\u0131lar t\u0259r\u0259find\u0259n qiym\u0259tl\u0259rl\u0259 ba\u011fl\u0131 xeyli m\u00fcdd\u0259tdir narahatl\u0131qlar s\u0259sl\u0259nir, \u00e7\u00fcnki pandemiya d\u00f6vr\u00fcnd\u0259 ictimai n\u0259qliyyata \u00e7ox b\u00f6y\u00fck z\u0259r\u0259r d\u0259yib. O qeyd etdi ki, da\u015f\u0131y\u0131c\u0131 \u015firk\u0259tl\u0259rin dir\u00e7\u0259lm\u0259si \u00fc\u00e7\u00fcn d\u0259st\u0259y\u0259 ehtiyac vard\u0131:<\/strong>\u00a0\u201cDa\u015f\u0131y\u0131c\u0131lar d\u0259f\u0259l\u0259rl\u0259 h\u00f6kum\u0259t\u0259 gedi\u015f haqq\u0131n\u0131n art\u0131r\u0131lmas\u0131, yaxud da d\u00f6vl\u0259t t\u0259r\u0259find\u0259n onlara dotasiya verilm\u0259si il\u0259 \u0259laq\u0259dar t\u0259klifl\u0259r veribl\u0259r. M\u00fczakir\u0259l\u0259r oldu, t\u0259hlill\u0259r apar\u0131ld\u0131. B\u0259lli oldu ki, da\u015f\u0131y\u0131c\u0131 \u015firk\u0259tl\u0259rin \u0259ks\u0259riyy\u0259ti i\u015fini qaydalar \u00e7\u0259r\u00e7iv\u0259sind\u0259 qura bilm\u0259yib. R\u0259smiyy\u0259td\u0259 bir \u00e7ox probleml\u0259r var. Avtobuslar g\u00fcnd\u0259lik plan \u0259sas\u0131nda i\u015fl\u0259yir, r\u0259smi i\u015f yeri g\u00f6st\u0259rilmir, yanacaq, ehtiyat hiss\u0259l\u0259ri, qaraj v\u0259 s. m\u0259s\u0259l\u0259l\u0259r &#8220;qara m\u00fchasibatl\u0131q&#8221;la t\u0259nziml\u0259nir. Buna g\u00f6r\u0259 d\u0259 d\u00f6vl\u0259t m\u00fc\u0259yy\u0259n ed\u0259 bilmir ki, kim\u0259,\u00a0 hans\u0131 \u015f\u0259kild\u0259 d\u0259st\u0259k olunmal\u0131d\u0131r. Da\u015f\u0131y\u0131c\u0131 \u015firk\u0259tl\u0259r etiraf edirl\u0259r ki, g\u00fccl\u0259ri t\u00fck\u0259nib. El\u0259 \u015firk\u0259t var ki, milyonlarla manat borcu yaran\u0131b. Yanacaq ala bilmirl\u0259r, i\u015f\u00e7il\u0259rin \u0259m\u0259khaqq\u0131n\u0131 vaxt\u0131-vaxt\u0131nda ver\u0259 bilmirl\u0259r. D\u00f6vl\u0259t \u015firk\u0259ti olan \u201cBakuBus\u201d bel\u0259 \u00e7\u00f6km\u0259k \u00fczr\u0259dir. Y\u00fczl\u0259rl\u0259 avtobus t\u0259mir\u0259 ehtiyac oldu\u011fu \u00fc\u00e7\u00fcn qarajda qal\u0131b. N\u0259tic\u0259d\u0259 \u0259ziyy\u0259t \u00e7\u0259k\u0259n v\u0259t\u0259nda\u015flar olur. Metroda da s\u0131xl\u0131q yaran\u0131r. Yeri g\u0259lmi\u015fk\u0259n, \u201cBak\u0131 Metropoliteni\u201d d\u0259 z\u0259r\u0259rl\u0259 i\u015fl\u0259yir. Son zamanlar yeralt\u0131 n\u0259qliyyatda n\u0259z\u0259r\u0259\u00e7arpan inki\u015faf var. C\u0259nab prezident \u201cBak\u0131 Metropoliteni\u201dni \u015f\u0259xs\u0259n n\u0259zar\u0259td\u0259 saxlay\u0131r. Stansiyalar\u0131n say\u0131 art\u0131r\u0131l\u0131r. \u018fg\u0259r \u0259vv\u0259l iki il\u0259 bir stansiya \u00e7\u0259tinlikl\u0259 tikilirdis\u0259, haz\u0131rk\u0131 plana g\u00f6r\u0259 h\u0259r il bir v\u0259 ya iki stansiya t\u0259hvil verilm\u0259lidir. Da\u015f\u0131y\u0131c\u0131 \u015firk\u0259tl\u0259r gedi\u015fhaqq\u0131n\u0131n minimum 0,50 AZN olmas\u0131n\u0131 t\u0259l\u0259b edirdil\u0259r. R\u0259q\u0259msal \u0130nki\u015faf v\u0259 N\u0259qliyyat Nazirliyi, \u0130qtisadiyyat Nazirliyi, Maliyy\u0259 Nazirliyi ara\u015fd\u0131rmalar apararaq q\u0259na\u0259t\u0259 g\u0259libl\u0259r ki, ilk m\u0259rh\u0259l\u0259d\u0259 gedi\u015fhaqq\u0131 10 q\u0259pik art\u0131r\u0131ls\u0131n&#8221;.<\/p>\n<p>E.Muradl\u0131 hesab edir ki, s\u0259rni\u015finl\u0259r komfortlu avtobuslar t\u0259l\u0259b etm\u0259kd\u0259 haql\u0131d\u0131rlar, d\u00f6vl\u0259t d\u0259 bunu t\u0259nziml\u0259m\u0259li idi. Ekspert dotasiya t\u0259klifini daha m\u0259qbul hesab edir: \u201cSonuncu d\u0259f\u0259 gedi\u015fhaqq\u0131 5 il \u00f6nc\u0259 art\u0131r\u0131l\u0131b. B\u00fct\u00fcn sah\u0259l\u0259rd\u0259 qiym\u0259t art\u0131m\u0131 oldu\u011fu \u00fc\u00e7\u00fcn h\u00f6kum\u0259t bunun\u00a0 qa\u00e7\u0131lmaz oldu\u011funu hesab edib. \u018fg\u0259r art\u0131m olmasa idi, da\u015f\u0131y\u0131c\u0131 \u015firk\u0259tl\u0259r onlarla avtobusu x\u0259tt\u0259 buraxmayacaqlar\u0131n\u0131 bildirmi\u015fdil\u0259r. T\u0259mir\u0259 ehtiyac\u0131 olan avtobuslar var, lakin ehtiyat hiss\u0259l\u0259ri bahala\u015fd\u0131\u011f\u0131 \u00fc\u00e7\u00fcn bunu etm\u0259k m\u00fcmk\u00fcn deyil. Bu art\u0131m v\u0259ziyy\u0259td\u0259n \u00e7\u0131xmaq \u00fc\u00e7\u00fcn da\u015f\u0131y\u0131c\u0131 \u015firk\u0259tl\u0259r\u0259 m\u00fc\u0259yy\u0259n q\u0259d\u0259r stimul ver\u0259c\u0259k. Bununla yana\u015f\u0131, h\u00f6kum\u0259tin dotasiya t\u0259klifini n\u0259z\u0259rd\u0259n ke\u00e7irm\u0259sinin faydal\u0131 oldu\u011funu d\u00fc\u015f\u00fcn\u00fcr\u0259m. Bir d\u0259f\u0259 risk etm\u0259k laz\u0131md\u0131r. \u0130ctimai n\u0259qliyyat\u0131n inki\u015faf\u0131 \u00fc\u00e7\u00fcn geni\u015f layih\u0259 h\u0259yata ke\u00e7irilm\u0259lidir. Sonradan ciddi n\u0259zar\u0259t alt\u0131nda i\u015fl\u0259r qaydas\u0131na d\u00fc\u015f\u0259c\u0259k\u201d.<\/p>\n<p><img src=\"https:\/\/cdnn1.img.sputnik.az\/img\/42015\/72\/420157284_0:23:1501:871_600x0_80_0_0_7f61a3d5db554eb8e07f14c918605d7e.jpg\" alt=\"\u018fr\u015fad H\u00fcseynov: \u201cBir azdan ham\u0131 g\u00fcrc\u00fc avtomobili s\u00fcr\u0259c\u0259k\u201d - 25.04.2019,  Sputnik Az\u0259rbaycan\" \/><\/p>\n<p><strong>\u018fr\u015fad H\u00fcseynov: \u201c\u00d6z\u0259l da\u015f\u0131y\u0131c\u0131lar iflasa u\u011frayaraq bu sah\u0259d\u0259n \u00e7\u0259kil\u0259c\u0259kl\u0259r\u201d<\/strong><\/p>\n<p>H\u00fcquq\u015f\u00fcnas \u018fr\u015fad H\u00fcseynovun fikrinc\u0259, ictimai n\u0259qliyyatda gedi\u015f haqlar\u0131n\u0131n art\u0131r\u0131lmas\u0131n\u0131n h\u0259r hans\u0131 yax\u015f\u0131 n\u0259tic\u0259si olmayacaq. Ekspert hesab edir ki, ist\u0259nil\u0259n qiym\u0259t art\u0131m\u0131 kimi, gedi\u015f haqlar\u0131n\u0131n da artmas\u0131 \u0259hali \u00fc\u00e7\u00fcn \u0259lav\u0259 x\u0259rc dem\u0259kdir. Ona g\u00f6r\u0259 d\u0259 bu art\u0131m ictimai n\u0259qliyyatdan istifad\u0259 ed\u0259nl\u0259rin maddi v\u0259ziyy\u0259tin\u0259 \u00f6z m\u0259nfi t\u0259sirini g\u00f6st\u0259r\u0259c\u0259k: \u201cBu art\u0131m ictimai n\u0259qliyyat\u0131n maliyy\u0259-iqtisadi \u00e7\u0259tinlikl\u0259rini h\u0259ll etm\u0259y\u0259c\u0259k. Da\u015f\u0131y\u0131c\u0131lar arzulad\u0131qlar\u0131 maliyy\u0259 qayna\u011f\u0131n\u0131 ala bilm\u0259dil\u0259r. Sah\u0259nin iqtisadiyyat\u0131n\u0131 ara\u015fd\u0131ranlar, da\u015f\u0131malar\u0131n maya d\u0259y\u0259rini hesablayanlar birm\u0259nal\u0131 olaraq vur\u011fulay\u0131rlar ki, ist\u0259r metro, ist\u0259rs\u0259 d\u0259 avtobusla bir s\u0259yah\u0259tin maya d\u0259y\u0259ri art\u0131mdan sonrak\u0131 gedi\u015fhaqq\u0131ndan da \u00e7oxdur. Bel\u0259 olan halda yegan\u0259 g\u0259lir m\u0259nb\u0259yi h\u0259min gedi\u015f haqlar\u0131 olan da\u015f\u0131y\u0131c\u0131lar yen\u0259 d\u0259 m\u0259nf\u0259\u0259t \u0259ld\u0259 ed\u0259 bilm\u0259y\u0259c\u0259kl\u0259r, z\u0259r\u0259rl\u0259 i\u015fl\u0259y\u0259c\u0259kl\u0259r, yaxud z\u0259r\u0259rl\u0259 i\u015fl\u0259m\u0259m\u0259k \u00fc\u00e7\u00fcn bu sah\u0259ni t\u0259n\u0259zz\u00fcl\u0259 aparan v\u0259 x\u0259rcl\u0259ri azaldan add\u0131mlar atacaqlar. M\u0259s\u0259l\u0259n, yen\u0259 d\u0259 avtobuslar\u0131n ham\u0131s\u0131 x\u0259tt\u0259 \u00e7\u0131xa bilm\u0259y\u0259c\u0259k, intervallar artacaq, pik saatlar\u0131ndan k\u0259nar vaxtlarda (avtobusun yar\u0131bo\u015f h\u0259r\u0259k\u0259t ed\u0259c\u0259yi hallarda) k\u00fc\u00e7\u0259l\u0259rd\u0259 avtobus tap\u0131lmayacaq, s\u0131n\u0131q-salxaq avtobuslar istismarda qalacaq v\u0259 s. N\u0259tic\u0259d\u0259 ictimai n\u0259qliyyat xidm\u0259tinin keyfiyy\u0259ti a\u015fa\u011f\u0131 d\u00fc\u015f\u0259c\u0259k. \u0130ctimai n\u0259qliyyat\u0131n g\u0259lirl\u0259ri n\u0259inki bu xidm\u0259ti g\u00fcn\u00fcn t\u0259l\u0259bi s\u0259viyy\u0259sind\u0259 saxlama\u011fa imkan verm\u0259li, h\u0259m d\u0259 onun yax\u015f\u0131la\u015fd\u0131r\u0131lmas\u0131 v\u0259 inki\u015faf\u0131 \u00fc\u00e7\u00fcn maliyy\u0259 qayna\u011f\u0131 olmal\u0131d\u0131r. Bu art\u0131mdan sonrak\u0131 gedi\u015f haqlar\u0131 h\u0259tta indiki cari x\u0259rcl\u0259ri qar\u015f\u0131lamayacaqsa, dem\u0259li, h\u0259r hans\u0131 inki\u015faf bar\u0259d\u0259 d\u00fc\u015f\u00fcnm\u0259k bel\u0259 yersizdir. Bu is\u0259 o dem\u0259kdir ki, ictimai n\u0259qliyyat sah\u0259si n\u0259inki inki\u015faf etm\u0259y\u0259c\u0259k, \u0259ksin\u0259, \u00e7\u00f6km\u0259kd\u0259 davam ed\u0259c\u0259k. Ax\u0131 avtobus park\u0131 h\u0259r ke\u00e7\u0259n g\u00fcn bir az da k\u00f6hn\u0259lir, texniki qulluq x\u0259rci bir az da art\u0131r v\u0259 s.<\/p>\n<p><strong>Ekspertin s\u00f6zl\u0259rin\u0259 g\u00f6r\u0259, h\u00f6kum\u0259tin ictimai n\u0259qliyyat\u0131n iqtisadi v\u0259ziyy\u0259tini \u201cyax\u015f\u0131la\u015fd\u0131rma\u011fa\u201d y\u00f6n\u0259l\u0259n bu add\u0131m\u0131 uzun ill\u0259rdir bu sah\u0259nin inki\u015faf\u0131 il\u0259 ba\u011fl\u0131 yanl\u0131\u015f d\u00f6vl\u0259t siyas\u0259tini bir daha bariz \u015f\u0259kild\u0259 t\u0259sdiq etdi:<\/strong>\u00a0\u201cBu art\u0131m ictimai n\u0259qliyyat sektoru \u00fc\u00e7\u00fcn t\u0259xmin\u0259n bel\u0259 ifad\u0259 edil\u0259 bil\u0259r: &#8220;Al\u0131n, siz\u0259 daha 10 q\u0259pik veririk, gedin birt\u0259h\u0259r ba\u015f\u0131n\u0131z\u0131 gir\u0259l\u0259yin&#8221;. Amma bu sah\u0259 ba\u015f gir\u0259l\u0259n\u0259c\u0259k yer deyil, c\u0259miyy\u0259tin h\u0259yat\u0131n\u0131n b\u00fct\u00fcn sah\u0259l\u0259rin\u0259 ciddi t\u0259sir ed\u0259n, insanlar\u0131n h\u0259yat keyfiyy\u0259tini m\u00fc\u0259yy\u0259n ed\u0259n bir sah\u0259dir. D\u0259f\u0259l\u0259rl\u0259 vur\u011fulad\u0131\u011f\u0131m\u0131z kimi, yollar\u0131m\u0131zdak\u0131 tixac problemi, bu s\u0259b\u0259bd\u0259n insanlar\u0131n itirdiyi vaxt (yollarda q\u0131salan \u00f6m\u00fcr), bunun sa\u011flaml\u0131\u011f\u0131m\u0131za, \u0259m\u0259k qabiliyy\u0259timiz\u0259, i\u015fg\u00fczarl\u0131q s\u0259viyy\u0259miz\u0259, elementar qar\u015f\u0131l\u0131ql\u0131 m\u00fcnasib\u0259timiz\u0259 (yollardak\u0131 aqressiya yaln\u0131z artmaqdad\u0131r) t\u0259siri v\u0259 s. diqq\u0259td\u0259n k\u0259narda qala bilm\u0259z. H\u0259min problemin \u0259sasl\u0131 h\u0259lli ilk n\u00f6vb\u0259d\u0259 ictimai n\u0259qliyyat\u0131n inki\u015faf\u0131ndan ke\u00e7ir. H\u00f6kum\u0259tin bu q\u0259rar\u0131 is\u0259 ictimai n\u0259qliyyat xidm\u0259tl\u0259rin\u0259 h\u0259l\u0259 d\u0259 tarifl\u0259ri d\u00f6vl\u0259t t\u0259r\u0259find\u0259n t\u0259nziml\u0259n\u0259n bir biznes kimi bax\u0131ld\u0131\u011f\u0131n\u0131 t\u0259sdiql\u0259yir. Bu yanl\u0131\u015f yoldan d\u00f6nm\u0259li, ictimai n\u0259qliyyat\u0131n biznes t\u0259r\u0259fi k\u0259nara qoyulmal\u0131, ona \u00e7ox vacib sosial xidm\u0259t kimi bax\u0131lmal\u0131d\u0131r. Bu s\u0259b\u0259bl\u0259r\u0259 g\u00f6r\u0259 art\u0131mdan sonra da ictimai n\u0259qliyyat xidm\u0259tl\u0259rinin keyfiyy\u0259tin\u0131n qalxmas\u0131n\u0131 g\u00f6zl\u0259m\u0259y\u0259 d\u0259ym\u0259z. Dem\u0259li, xidm\u0259t keyfiyy\u0259tinin \u0259n yax\u015f\u0131 halda indiki kimi qalaca\u011f\u0131 (real g\u00f6zl\u0259nil\u0259n halda is\u0259 m\u00fc\u0259yy\u0259n m\u00fcdd\u0259td\u0259n sonra t\u0259dric\u0259n pisl\u0259\u015f\u0259c\u0259yi) t\u0259qdird\u0259 artan gedi\u015f haqlar\u0131 \u0259halinin ictimai n\u0259qliyyatdan uzaqla\u015fmas\u0131n\u0131 stimulla\u015fd\u0131racaq. T\u0259bii ki, bel\u0259 olanda taksil\u0259rd\u0259n v\u0259 f\u0259rdi avtomobill\u0259rd\u0259n istifad\u0259 artacaq. K\u00fc\u00e7\u0259l\u0259rd\u0259 f\u0259rdi avtomobil v\u0259 taksi say\u0131n\u0131n artmas\u0131 is\u0259 t\u0131xaclar\u0131n artmas\u0131 v\u0259 daha s\u00fcr\u0259kli xarakter almas\u0131 dem\u0259kdir. Yad\u0131n\u0131zdad\u0131rsa, 2022-ci ilin may ay\u0131ndan proqnozla\u015fd\u0131r\u0131rd\u0131q ki, sentyabrdan Bak\u0131da t\u0131xaclar artacaq. T\u0259\u0259ss\u00fcf ki, bel\u0259 d\u0259 oldu. \u0130ndi d\u0259 proqnozla\u015fd\u0131rmaq olar ki, ictimai n\u0259qliyyatla ba\u011fl\u0131 m\u0259s\u0259l\u0259y\u0259 h\u00f6k\u00fcm\u0259tin yana\u015fmas\u0131 ciddi d\u0259yi\u015fm\u0259s\u0259, bu ilin sentyabr\u0131nda \u00f6t\u0259n ilkind\u0259n daha eyb\u0259c\u0259r t\u0131xaclara \u015fahidlik etm\u0259yimiz reald\u0131r.<\/p>\n<p><strong>\u018f.H\u00fcseynov hesab edir ki, gedi\u015f haqlar\u0131n\u0131n indiki art\u0131m\u0131 v\u0259 Tarif \u015euras\u0131n\u0131n f\u0259aliyy\u0259t t\u0259cr\u00fcb\u0259si onu dem\u0259y\u0259 \u0259sas verir ki, h\u00f6kum\u0259tin ictimai n\u0259qliyyat\u0131n iqtisadi v\u0259ziyy\u0259ti il\u0259 ba\u011fl\u0131 m\u0259s\u0259l\u0259y\u0259 yenid\u0259n qay\u0131tmas\u0131 haradasa 3-4 ild\u0259n sonra olacaq:<\/strong>\u00a0\u201c\u018fg\u0259r bel\u0259 olarsa, \u00f6lk\u0259nin, x\u00fcsus\u0259n d\u0259 Bak\u0131n\u0131n ictimai n\u0259qliyyat\u0131 tam \u00e7\u00f6k\u0259c\u0259k. \u00d6z\u0259l da\u015f\u0131y\u0131c\u0131lar, sad\u0259c\u0259, iflasa u\u011frayaraq bu sah\u0259d\u0259n \u00e7\u0259kil\u0259c\u0259kl\u0259r. Yeni \u00f6z\u0259l da\u015f\u0131y\u0131c\u0131lar\u0131n indiki \u015f\u0259rtl\u0259rl\u0259 bu sah\u0259y\u0259 g\u0259lm\u0259si is\u0259 t\u0259s\u0259vv\u00fcr edil\u0259n bir \u015fey deyil. B\u0259s \u00e7\u0131x\u0131\u015f yolu n\u0259dir? Bu sah\u0259y\u0259 d\u00f6vl\u0259tin yana\u015fmas\u0131 radikal olaraq d\u0259yi\u015fm\u0259lidir. \u0130ctimai n\u0259qliyyat\u0131n yaln\u0131z gedi\u015f haqlar\u0131 hesab\u0131na maliyy\u0259l\u0259\u015fdirilm\u0259si y\u0131\u011f\u0131\u015fd\u0131r\u0131lmal\u0131, d\u00f6vl\u0259tin bu sah\u0259y\u0259 \u00e7evik v\u0259 ciddi maliyy\u0259 d\u0259st\u0259yi (subsidiya v\u0259 ya dotasiya, yaxud ba\u015fqa bir real formada) mexanizmi yarad\u0131lmal\u0131 v\u0259 h\u0259yata ke\u00e7irilm\u0259ldir. Bu sah\u0259y\u0259 biznes kimi bax\u0131lmamal\u0131d\u0131r. Bu sah\u0259d\u0259 x\u0259rcl\u0259n\u0259n pulun birba\u015fa olaraq insan\u0131n inki\u015faf\u0131na, h\u0259yat keyfiyy\u0259tinin yax\u015f\u0131la\u015fmas\u0131na x\u0259rcl\u0259ndiyi d\u0259rk edilm\u0259lidir. \u018fks t\u0259qdird\u0259, bu sah\u0259 \u00e7\u00f6k\u0259c\u0259k. \u00c7\u00f6kd\u00fckd\u0259n sonra is\u0259 onu aya\u011fa qald\u0131r\u0131b inki\u015faf etdirm\u0259k daha baha ba\u015fa g\u0259l\u0259c\u0259k. Qeyd etdikl\u0259rim t\u0259xir\u0259 sal\u0131nmadan edilm\u0259lidir\u201d.<\/p>\n<p><img loading=\"lazy\" src=\"https:\/\/cdn.demokrat.az\/uploadedfiles\/custom\/2020\/11\/28\/1\/4375386f-d80a-48f3-9fde-424b282c4295\/natiq-ceferli.jpg\" alt=\"Natiq C\u0259f\u0259rli: \u201cT\u0259klifimizi d\u00f6vl\u0259t q\u0259bul ets\u0259, \u00f6lk\u0259d\u0259 qiym\u0259t art\u0131m\u0131n\u0131n  qar\u015f\u0131s\u0131 al\u0131nacaq\u201d\" width=\"969\" height=\"545\" \/><\/p>\n<p><strong>Natiq C\u0259f\u0259rli: \u201cM\u0259rk\u0259zl\u0259\u015fdirilmi\u015f qaydada idar\u0259etm\u0259 olmasa, n\u0259qliyyatda probleml\u0259r h\u0259llini tapmayacaq\u201d<\/strong><\/p>\n<p>\u0130qtisad\u00e7\u0131 Natiq C\u0259f\u0259rlinin fikrinc\u0259, n\u0259qliyyatda gedi\u015f haqq\u0131n\u0131n art\u0131r\u0131lmas\u0131 g\u00f6zl\u0259nil\u0259n idi: \u201cBu g\u00fcn n\u0259qliyyat\u0131n idar\u0259edilm\u0259sind\u0259 p\u0259rak\u0259nd\u0259lik var. Bundan ba\u015fqa, zaman-zaman d\u00f6vl\u0259tin ay\u0131rd\u0131\u011f\u0131 subsidiyalar\u0131n b\u0259zi \u00f6z\u0259l da\u015f\u0131y\u0131c\u0131 \u015firk\u0259tl\u0259r\u0259 \u00e7atmad\u0131\u011f\u0131n\u0131n \u015fahidi oluruq. Bu yax\u0131nlarda bilindi ki, pandemiya d\u00f6vr\u00fcnd\u0259\u00a0 280 milyon manat ayr\u0131l\u0131b, lakin s\u0259rni\u015finda\u015f\u0131ma il\u0259 m\u0259\u015f\u011ful olan \u00f6z\u0259l \u015firk\u0259tl\u0259r\u0259 bu m\u0259bl\u0259\u011fd\u0259n 1 q\u0259pik bel\u0259 \u00e7atmay\u0131b. M\u0259rk\u0259zl\u0259\u015fdirilmi\u015f qaydada idar\u0259etm\u0259 olmasa, n\u0259qliyyatda probleml\u0259r h\u0259llini tapmayacaq. &#8220;Yegan\u0259 \u00e7\u0131x\u0131\u015f yolu gedi\u015f haqq\u0131n\u0131n art\u0131r\u0131lmas\u0131d\u0131r&#8221; fikri yanl\u0131\u015fd\u0131r. Qiym\u0259t differensial olmal\u0131d\u0131r. M\u0259s\u0259l\u0259n, g\u00fcnl\u00fck, h\u0259ft\u0259lik, ayl\u0131q, yaxud illik abun\u0259liy\u0259 ke\u00e7id imkan\u0131 yarad\u0131lmal\u0131d\u0131r. G\u00fcnl\u00fck v\u0259 ya bird\u0259f\u0259lik gedi\u015f qiym\u0259ti qalxa bil\u0259r. Lakin m\u00fcdd\u0259tli (6 ayl\u0131q, 1 illik) bilet \u00fc\u00e7\u00fcn ucuz gedi\u015f haqq\u0131n\u0131n t\u0259tbiq olunmas\u0131na ehtiyac var. \u018fn ideal\u0131 is\u0259 n\u0259qliyyat sisteminin se\u00e7ilmi\u015f b\u0259l\u0259diyy\u0259l\u0259r t\u0259r\u0259find\u0259n idar\u0259 olunmas\u0131d\u0131r. \u201cBakuBus\u201d v\u0259 \u201cBak\u0131 Metropoliteni\u201d il\u0259 ba\u011fl\u0131 problem ondan ibar\u0259tdir ki, bir s\u0259rni\u015finin da\u015f\u0131nmas\u0131nda maya d\u0259y\u0259rinin hesablanmas\u0131 qaydas\u0131 olmal\u0131d\u0131r-bizd\u0259 is\u0259 d\u00f6vl\u0259t \u015firk\u0259tl\u0259ri maya d\u0259y\u0259rini ist\u0259dikl\u0259ri kimi a\u00e7\u0131qlay\u0131rlar. Yanacaq s\u0259rfiyyat\u0131, maa\u015flar, texniki m\u0259s\u0259l\u0259l\u0259r standartlar \u00fczr\u0259 \u00f6z h\u0259llini tapmal\u0131d\u0131r. Onlar avtobusun al\u0131nma x\u0259rcl\u0259rini bel\u0259 gedi\u015f haqq\u0131n\u0131n \u00fcz\u0259rin\u0259 g\u0259lirl\u0259r. Bu is\u0259 do\u011fru deyil, \u00e7\u00fcnki \u201cBakuBus\u201d avtobuslar\u0131, \u201cBak\u0131 Metropoliteni\u201d nin vaqonlar\u0131 d\u00f6vl\u0259t hesab\u0131na al\u0131n\u0131b&#8221;.<\/p>\n<p>Qeyd ed\u0259k ki, qiym\u0259t art\u0131m\u0131 d\u0259mir yolu n\u0259qliyyat\u0131na aid deyil. \u201cAz\u0259rbaycan D\u0259mir Yollar\u0131\u201d QSC-nin r\u0259smi m\u0259lumat\u0131nda bildirilir ki, Az\u0259rbaycan Respublikas\u0131 Prezidentinin 2015-ci il 18 sentyabr tarixli F\u0259rman\u0131na \u0259sas\u0259n, d\u0259mir yolu da\u015f\u0131malar\u0131nda tarifl\u0259r v\u0259 y\u0131\u011f\u0131mlar \u201cAz\u0259rbaycan D\u0259mir Yollar\u0131\u201d Qapal\u0131 S\u0259hmdar C\u0259miyy\u0259ti t\u0259r\u0259find\u0259n m\u00fc\u0259yy\u0259n edilir. Qeyd edilib ki, haz\u0131rda d\u0259mir yolu \u00fczr\u0259 gedi\u015f haqq\u0131n\u0131n d\u0259yi\u015fdirilm\u0259si n\u0259z\u0259rd\u0259 tutulmay\u0131b.<\/p>\n","protected":false},"excerpt":{"rendered":"<p>Uzun zamand\u0131r Az\u0259rbaycanda, x\u00fcsus\u0259n paytaxt Bak\u0131da v\u0259 Sumqay\u0131tda ictimai n\u0259qliyyat\u0131n f\u0259aliyy\u0259tind\u0259 ciddi probleml\u0259r vard\u0131. B\u0259zi \u015firk\u0259tl\u0259r mar\u015fruta \u00e7\u0131xmaqdan imtina etm\u0259k anonsu verirdi. H\u0259m\u00e7inin bildirilirdi ki, onlar iflas h\u0259ddind\u0259dirl\u0259r, ona g\u00f6r\u0259 d\u0259 nizaml\u0131 i\u015fl\u0259y\u0259 bilmirl\u0259r. Bu s\u0259b\u0259bd\u0259n onlar gedi\u015fhaqq\u0131n\u0131n art\u0131r\u0131lmas\u0131 \u00fc\u00e7\u00fcn m\u00fcraci\u0259t d\u0259 etmi\u015fdil\u0259r. B\u0259lli oldu\u011fu kimi, Tarif (qiym\u0259t) \u015euras\u0131n\u0131n 31 yanvar 2023-c\u00fc il tarixind\u0259 ke\u00e7iril\u0259n n\u00f6vb\u0259ti iclas\u0131nda da\u015f\u0131y\u0131c\u0131 \u015firk\u0259tl\u0259rin m\u00fcraci\u0259tl\u0259rin\u0259 bax\u0131l\u0131b v\u0259 ictimai n\u0259qliyyatda s\u0259rni\u015finda\u015f\u0131ma xidm\u0259tl\u0259ri \u00fczr\u0259 yeni tarifl\u0259r t\u0259sdiq edilib. Apar\u0131lan m\u00fczakir\u0259l\u0259rd\u0259n sonra 10 q\u0259pik art\u0131r\u0131lmaqla metroda s\u0259rni\u015finda\u015f\u0131ma tarifi 1 gedi\u015f \u00fc\u00e7\u00fcn 40 q\u0259pik, \u00f6lk\u0259 \u00fczr\u0259 tarifin yuxar\u0131 h\u0259ddi&hellip;<\/p>\n","protected":false},"author":2,"featured_media":560085,"comment_status":"closed","ping_status":"closed","sticky":false,"template":"","format":"standard","meta":{"om_disable_all_campaigns":false,"_monsterinsights_skip_tracking":false,"_monsterinsights_sitenote_active":false,"_monsterinsights_sitenote_note":"","_monsterinsights_sitenote_category":0},"categories":[1],"tags":[],"aioseo_notices":[],"gutentor_comment":0,"rttpg_featured_image_url":{"full":["https:\/\/arantv.az\/wp-content\/uploads\/2023\/02\/9ccc697a4a87e26e1e0601ba64d94196.jpg",780,470,false],"landscape":["https:\/\/arantv.az\/wp-content\/uploads\/2023\/02\/9ccc697a4a87e26e1e0601ba64d94196.jpg",780,470,false],"portraits":["https:\/\/arantv.az\/wp-content\/uploads\/2023\/02\/9ccc697a4a87e26e1e0601ba64d94196.jpg",780,470,false],"thumbnail":["https:\/\/arantv.az\/wp-content\/uploads\/2023\/02\/9ccc697a4a87e26e1e0601ba64d94196-500x280.jpg",500,280,true],"medium":["https:\/\/arantv.az\/wp-content\/uploads\/2023\/02\/9ccc697a4a87e26e1e0601ba64d94196-606x365.jpg",606,365,true],"large":["https:\/\/arantv.az\/wp-content\/uploads\/2023\/02\/9ccc697a4a87e26e1e0601ba64d94196.jpg",640,386,false],"1536x1536":["https:\/\/arantv.az\/wp-content\/uploads\/2023\/02\/9ccc697a4a87e26e1e0601ba64d94196.jpg",780,470,false],"2048x2048":["https:\/\/arantv.az\/wp-content\/uploads\/2023\/02\/9ccc697a4a87e26e1e0601ba64d94196.jpg",780,470,false],"post-thumbnail":["https:\/\/arantv.az\/wp-content\/uploads\/2023\/02\/9ccc697a4a87e26e1e0601ba64d94196-240x172.jpg",240,172,true],"advps-thumb-one":["https:\/\/arantv.az\/wp-content\/uploads\/2023\/02\/9ccc697a4a87e26e1e0601ba64d94196.jpg",780,470,false]},"rttpg_author":{"display_name":"V\u00fcsal Rafiqo\u011flu","author_link":"https:\/\/arantv.az\/?author=2"},"rttpg_comment":0,"rttpg_category":"<a href=\"https:\/\/arantv.az\/?cat=1\" rel=\"category\">C\u0259miyy\u0259t<\/a>","rttpg_excerpt":"Uzun zamand\u0131r Az\u0259rbaycanda, x\u00fcsus\u0259n paytaxt Bak\u0131da v\u0259 Sumqay\u0131tda ictimai n\u0259qliyyat\u0131n f\u0259aliyy\u0259tind\u0259 ciddi probleml\u0259r vard\u0131. B\u0259zi \u015firk\u0259tl\u0259r mar\u015fruta \u00e7\u0131xmaqdan imtina etm\u0259k anonsu verirdi. H\u0259m\u00e7inin bildirilirdi ki, onlar iflas h\u0259ddind\u0259dirl\u0259r, ona g\u00f6r\u0259 d\u0259 nizaml\u0131 i\u015fl\u0259y\u0259 bilmirl\u0259r. Bu s\u0259b\u0259bd\u0259n onlar gedi\u015fhaqq\u0131n\u0131n art\u0131r\u0131lmas\u0131 \u00fc\u00e7\u00fcn m\u00fcraci\u0259t d\u0259 etmi\u015fdil\u0259r. B\u0259lli oldu\u011fu kimi, Tarif (qiym\u0259t) \u015euras\u0131n\u0131n 31 yanvar 2023-c\u00fc il tarixind\u0259 ke\u00e7iril\u0259n&hellip;","_links":{"self":[{"href":"https:\/\/arantv.az\/index.php?rest_route=\/wp\/v2\/posts\/560084"}],"collection":[{"href":"https:\/\/arantv.az\/index.php?rest_route=\/wp\/v2\/posts"}],"about":[{"href":"https:\/\/arantv.az\/index.php?rest_route=\/wp\/v2\/types\/post"}],"author":[{"embeddable":true,"href":"https:\/\/arantv.az\/index.php?rest_route=\/wp\/v2\/users\/2"}],"replies":[{"embeddable":true,"href":"https:\/\/arantv.az\/index.php?rest_route=%2Fwp%2Fv2%2Fcomments&post=560084"}],"version-history":[{"count":0,"href":"https:\/\/arantv.az\/index.php?rest_route=\/wp\/v2\/posts\/560084\/revisions"}],"wp:featuredmedia":[{"embeddable":true,"href":"https:\/\/arantv.az\/index.php?rest_route=\/wp\/v2\/media\/560085"}],"wp:attachment":[{"href":"https:\/\/arantv.az\/index.php?rest_route=%2Fwp%2Fv2%2Fmedia&parent=560084"}],"wp:term":[{"taxonomy":"category","embeddable":true,"href":"https:\/\/arantv.az\/index.php?rest_route=%2Fwp%2Fv2%2Fcategories&post=560084"},{"taxonomy":"post_tag","embeddable":true,"href":"https:\/\/arantv.az\/index.php?rest_route=%2Fwp%2Fv2%2Ftags&post=560084"}],"curies":[{"name":"wp","href":"https:\/\/api.w.org\/{rel}","templated":true}]}}