{"id":560101,"date":"2023-02-02T09:58:52","date_gmt":"2023-02-02T06:58:52","guid":{"rendered":"https:\/\/arantv.az\/?p=560101"},"modified":"2023-02-02T09:58:52","modified_gmt":"2023-02-02T06:58:52","slug":"az%c9%99rbaycanda-q%c9%99zada-h%c9%99lak-olan-polkovnik-leytenant-imis-foto","status":"publish","type":"post","link":"https:\/\/arantv.az\/?p=560101","title":{"rendered":"Az\u0259rbaycanda q\u0259zada h\u0259lak olan polkovnik-leytenant imi\u015f&#8230; &#8211; FOTO"},"content":{"rendered":"<p>Fevral\u0131n 1-d\u0259 K\u0259lb\u0259c\u0259rin Q\u0131l\u0131ncl\u0131 k\u0259ndi \u0259razisind\u0259 &#8220;Niva&#8221; markal\u0131\u00a0<a title=\"masinlar masin satisi avtomobil elanlari\" href=\"https:\/\/masinlar.az\/\" target=\"_blank\" rel=\"noopener\">avtomobil<\/a>\u00a0idar\u0259etm\u0259ni itir\u0259r\u0259k T\u0259rt\u0259r \u00e7ay\u0131na a\u015f\u0131b.<\/p>\n<p>Hadis\u0259 n\u0259tic\u0259sind\u0259 bir n\u0259f\u0259r \u00f6l\u00fcb, iki n\u0259f\u0259r is\u0259 yaralan\u0131b.<\/p>\n<p>&#8220;Qafqazinfo&#8221;nun \u0259ld\u0259 etdiyi m\u0259lumata g\u00f6r\u0259, hadis\u0259 n\u0259tic\u0259sind\u0259 h\u0259lak olan 1981-ci il t\u0259v\u0259ll\u00fcdl\u00fc Nurlan Babayev polkovnik-leytenant olub. O, bir m\u00fcdd\u0259t \u0259vv\u0259l ordu s\u0131ralar\u0131ndan t\u0259aq\u00fcd\u0259 \u00e7\u0131x\u0131b v\u0259 K\u0259lb\u0259c\u0259rd\u0259 m\u00fclki i\u015f\u00e7i kimi \u00e7al\u0131\u015f\u0131b.<\/p>\n<div class=\"AdviadNativeVideo\"><\/div>\n<p>21 il Az\u0259rbaycan ordusunda\u00a0<a title=\"xidmetler\" href=\"https:\/\/xidmetler.az\/\" target=\"_blank\" rel=\"noopener\">xidm\u0259t<\/a>\u00a0ed\u0259n Nurlan Babayev T\u00fcrkiy\u0259d\u0259 t\u0259hsil alan zabitl\u0259rd\u0259n olub. O, A\u011fdam, T\u0259rt\u0259r, G\u0259nc\u0259 v\u0259 Nax\u00e7\u0131vanda xidm\u0259t edib. \u018fsl\u0259n Bak\u0131dan olan N.Babayev bu g\u00fcn paytaxtda d\u0259fn olunacaq.<\/p>\n<p><img class=\"imgbcode\" src=\"https:\/\/upload.az\/foto\/arxiv\/qeza1_31675319350.png\" alt=\"Az\u0259rbaycanda q\u0259zada h\u0259lak olan polkovnik-leytenant imi\u015f... - FOTO\" \/><img class=\"imgbcode\" src=\"https:\/\/upload.az\/foto\/arxiv\/qeza2_11675319350.jpg\" alt=\"Az\u0259rbaycanda q\u0259zada h\u0259lak olan polkovnik-leytenant imi\u015f... - FOTO\" \/><\/p>\n","protected":false},"excerpt":{"rendered":"<p>Fevral\u0131n 1-d\u0259 K\u0259lb\u0259c\u0259rin Q\u0131l\u0131ncl\u0131 k\u0259ndi \u0259razisind\u0259 &#8220;Niva&#8221; markal\u0131\u00a0avtomobil\u00a0idar\u0259etm\u0259ni itir\u0259r\u0259k T\u0259rt\u0259r \u00e7ay\u0131na a\u015f\u0131b. Hadis\u0259 n\u0259tic\u0259sind\u0259 bir n\u0259f\u0259r \u00f6l\u00fcb, iki n\u0259f\u0259r is\u0259 yaralan\u0131b. &#8220;Qafqazinfo&#8221;nun \u0259ld\u0259 etdiyi m\u0259lumata g\u00f6r\u0259, hadis\u0259 n\u0259tic\u0259sind\u0259 h\u0259lak olan 1981-ci il t\u0259v\u0259ll\u00fcdl\u00fc Nurlan Babayev polkovnik-leytenant olub. O, bir m\u00fcdd\u0259t \u0259vv\u0259l ordu s\u0131ralar\u0131ndan t\u0259aq\u00fcd\u0259 \u00e7\u0131x\u0131b v\u0259 K\u0259lb\u0259c\u0259rd\u0259 m\u00fclki i\u015f\u00e7i kimi \u00e7al\u0131\u015f\u0131b. 21 il Az\u0259rbaycan ordusunda\u00a0xidm\u0259t\u00a0ed\u0259n Nurlan Babayev T\u00fcrkiy\u0259d\u0259 t\u0259hsil alan zabitl\u0259rd\u0259n olub. O, A\u011fdam, T\u0259rt\u0259r, G\u0259nc\u0259 v\u0259 Nax\u00e7\u0131vanda xidm\u0259t edib. \u018fsl\u0259n Bak\u0131dan olan N.Babayev bu g\u00fcn paytaxtda d\u0259fn olunacaq.<\/p>\n","protected":false},"author":2,"featured_media":560102,"comment_status":"closed","ping_status":"closed","sticky":false,"template":"","format":"standard","meta":{"om_disable_all_campaigns":false,"_monsterinsights_skip_tracking":false,"_monsterinsights_sitenote_active":false,"_monsterinsights_sitenote_note":"","_monsterinsights_sitenote_category":0},"categories":[5],"tags":[],"aioseo_notices":[],"gutentor_comment":0,"rttpg_featured_image_url":{"full":["https:\/\/arantv.az\/wp-content\/uploads\/2023\/02\/qeza_81675319350.jpg",549,345,false],"landscape":["https:\/\/arantv.az\/wp-content\/uploads\/2023\/02\/qeza_81675319350.jpg",549,345,false],"portraits":["https:\/\/arantv.az\/wp-content\/uploads\/2023\/02\/qeza_81675319350.jpg",549,345,false],"thumbnail":["https:\/\/arantv.az\/wp-content\/uploads\/2023\/02\/qeza_81675319350-500x280.jpg",500,280,true],"medium":["https:\/\/arantv.az\/wp-content\/uploads\/2023\/02\/qeza_81675319350.jpg",549,345,false],"large":["https:\/\/arantv.az\/wp-content\/uploads\/2023\/02\/qeza_81675319350.jpg",549,345,false],"1536x1536":["https:\/\/arantv.az\/wp-content\/uploads\/2023\/02\/qeza_81675319350.jpg",549,345,false],"2048x2048":["https:\/\/arantv.az\/wp-content\/uploads\/2023\/02\/qeza_81675319350.jpg",549,345,false],"post-thumbnail":["https:\/\/arantv.az\/wp-content\/uploads\/2023\/02\/qeza_81675319350-240x172.jpg",240,172,true],"advps-thumb-one":["https:\/\/arantv.az\/wp-content\/uploads\/2023\/02\/qeza_81675319350.jpg",549,345,false]},"rttpg_author":{"display_name":"V\u00fcsal Rafiqo\u011flu","author_link":"https:\/\/arantv.az\/?author=2"},"rttpg_comment":0,"rttpg_category":"<a href=\"https:\/\/arantv.az\/?cat=5\" rel=\"category\">Hadis\u0259<\/a>","rttpg_excerpt":"Fevral\u0131n 1-d\u0259 K\u0259lb\u0259c\u0259rin Q\u0131l\u0131ncl\u0131 k\u0259ndi \u0259razisind\u0259 &#8220;Niva&#8221; markal\u0131\u00a0avtomobil\u00a0idar\u0259etm\u0259ni itir\u0259r\u0259k T\u0259rt\u0259r \u00e7ay\u0131na a\u015f\u0131b. Hadis\u0259 n\u0259tic\u0259sind\u0259 bir n\u0259f\u0259r \u00f6l\u00fcb, iki n\u0259f\u0259r is\u0259 yaralan\u0131b. &#8220;Qafqazinfo&#8221;nun \u0259ld\u0259 etdiyi m\u0259lumata g\u00f6r\u0259, hadis\u0259 n\u0259tic\u0259sind\u0259 h\u0259lak olan 1981-ci il t\u0259v\u0259ll\u00fcdl\u00fc Nurlan Babayev polkovnik-leytenant olub. O, bir m\u00fcdd\u0259t \u0259vv\u0259l ordu s\u0131ralar\u0131ndan t\u0259aq\u00fcd\u0259 \u00e7\u0131x\u0131b v\u0259 K\u0259lb\u0259c\u0259rd\u0259 m\u00fclki i\u015f\u00e7i kimi \u00e7al\u0131\u015f\u0131b. 21 il Az\u0259rbaycan ordusunda\u00a0xidm\u0259t\u00a0ed\u0259n&hellip;","_links":{"self":[{"href":"https:\/\/arantv.az\/index.php?rest_route=\/wp\/v2\/posts\/560101"}],"collection":[{"href":"https:\/\/arantv.az\/index.php?rest_route=\/wp\/v2\/posts"}],"about":[{"href":"https:\/\/arantv.az\/index.php?rest_route=\/wp\/v2\/types\/post"}],"author":[{"embeddable":true,"href":"https:\/\/arantv.az\/index.php?rest_route=\/wp\/v2\/users\/2"}],"replies":[{"embeddable":true,"href":"https:\/\/arantv.az\/index.php?rest_route=%2Fwp%2Fv2%2Fcomments&post=560101"}],"version-history":[{"count":0,"href":"https:\/\/arantv.az\/index.php?rest_route=\/wp\/v2\/posts\/560101\/revisions"}],"wp:featuredmedia":[{"embeddable":true,"href":"https:\/\/arantv.az\/index.php?rest_route=\/wp\/v2\/media\/560102"}],"wp:attachment":[{"href":"https:\/\/arantv.az\/index.php?rest_route=%2Fwp%2Fv2%2Fmedia&parent=560101"}],"wp:term":[{"taxonomy":"category","embeddable":true,"href":"https:\/\/arantv.az\/index.php?rest_route=%2Fwp%2Fv2%2Fcategories&post=560101"},{"taxonomy":"post_tag","embeddable":true,"href":"https:\/\/arantv.az\/index.php?rest_route=%2Fwp%2Fv2%2Ftags&post=560101"}],"curies":[{"name":"wp","href":"https:\/\/api.w.org\/{rel}","templated":true}]}}