{"id":560105,"date":"2023-02-02T10:00:09","date_gmt":"2023-02-02T07:00:09","guid":{"rendered":"https:\/\/arantv.az\/?p=560105"},"modified":"2023-02-02T10:00:09","modified_gmt":"2023-02-02T07:00:09","slug":"prezidentin-t%c9%99ltif-etdiyi-g%c9%99ncl%c9%99r-kimdir-foto","status":"publish","type":"post","link":"https:\/\/arantv.az\/?p=560105","title":{"rendered":"Prezidentin t\u0259ltif etdiyi g\u0259ncl\u0259r kimdir? &#8211; FOTO"},"content":{"rendered":"<p>Prezident \u0130lham \u018fliyevin 2 fevral \u2013 Az\u0259rbaycan G\u0259ncl\u0259ri G\u00fcn\u00fc m\u00fcnasib\u0259til\u0259 S\u0259r\u0259ncam imzalayaraq, bir s\u0131ra g\u0259ncl\u0259ri t\u0259ltif edib, onlardan 7-si &#8220;T\u0259r\u0259qqi&#8221; medal\u0131na layiq g\u00f6r\u00fcl\u00fcb.<\/p>\n<p>Maraql\u0131d\u0131r ki, d\u00f6vl\u0259t ba\u015f\u00e7\u0131s\u0131 t\u0259r\u0259find\u0259n bu medala layiq g\u00f6r\u00fcl\u0259nl\u0259rd\u0259n 5-i i\u015f yolda\u015f\u0131d\u0131r. Onlar, Az\u0259rbaycan Respublikas\u0131 Prezidentinin yan\u0131nda G\u0259ncl\u0259r Fondunun \u0259m\u0259kda\u015flar\u0131d\u0131r.<\/p>\n<p>&#8220;Qafqazinfo&#8221; onlar bar\u0259d\u0259 m\u0259lumatlar\u0131 t\u0259qdim edib:<\/p>\n<p>Orxan \u018fr\u0259bov G\u0259ncl\u0259r Fondunun \u0130cra\u00e7\u0131 direktorunun m\u00fcavinidir.<\/p>\n<p><img class=\"imgbcode\" src=\"https:\/\/upload.az\/foto\/arxiv\/1_31675271811.jpg\" alt=\"Prezidentin t\u0259ltif etdiyi g\u0259ncl\u0259r kimdir? - FOTO\" \/>V\u00fcsal\u0259 Nift\u0259liyeva G\u0259ncl\u0259r Fondunun Beyn\u0259lxalq \u0259m\u0259kda\u015fl\u0131q v\u0259 donorlarla i\u015f \u015f\u00f6b\u0259sinin m\u00fcdiridir.<\/p>\n<div class=\"AdviadNativeVideo\"><\/div>\n<p><img class=\"imgbcode\" src=\"https:\/\/upload.az\/foto\/arxiv\/2_21675271811.jpg\" alt=\"Prezidentin t\u0259ltif etdiyi g\u0259ncl\u0259r kimdir? - FOTO\" \/>G\u00fcnay Q\u0259dimb\u0259yova da eyni \u015f\u00f6b\u0259d\u0259 \u00e7al\u0131\u015f\u0131r. Amma o, \u015f\u00f6b\u0259nin Ba\u015f m\u00fct\u0259x\u0259ssisidir.<\/p>\n<p><img class=\"imgbcode\" src=\"https:\/\/upload.az\/foto\/arxiv\/3_71675271811.jpg\" alt=\"Prezidentin t\u0259ltif etdiyi g\u0259ncl\u0259r kimdir? - FOTO\" \/>\u015e\u0259f\u0259q Bayramova is\u0259 G\u0259ncl\u0259r Fondunun Maliyy\u0259 v\u0259 t\u0259s\u0259rr\u00fcfat \u015f\u00f6b\u0259sind\u0259 Ba\u015f m\u00fct\u0259x\u0259ssisdir.<\/p>\n<p><img class=\"imgbcode\" src=\"https:\/\/upload.az\/foto\/arxiv\/4_61675271811.jpg\" alt=\"Prezidentin t\u0259ltif etdiyi g\u0259ncl\u0259r kimdir? - FOTO\" \/>Q\u0259dirov M\u00fcbariz d\u0259 G\u0259ncl\u0259r Fonunda \u00e7al\u0131\u015f\u0131r. O, Fondun G\u0259ncl\u0259r t\u0259\u015fkilatlar\u0131 il\u0259 i\u015f \u015f\u00f6b\u0259sinin Ba\u015f m\u00fct\u0259x\u0259ssisidir.<\/p>\n<p><img class=\"imgbcode\" src=\"https:\/\/upload.az\/foto\/arxiv\/5_41675271811.jpg\" alt=\"Prezidentin t\u0259ltif etdiyi g\u0259ncl\u0259r kimdir? - FOTO\" \/>&#8220;T\u0259r\u0259qqi&#8221; medal\u0131 il\u0259 t\u0259ltif olunan Qadir \u018fkb\u0259rov Qobustan rayon G\u0259ncl\u0259r v\u0259 \u0130dman \u0130dar\u0259sinin r\u0259isidir.<\/p>\n<p><img class=\"imgbcode\" src=\"https:\/\/upload.az\/foto\/arxiv\/6_41675271811.jpg\" alt=\"Prezidentin t\u0259ltif etdiyi g\u0259ncl\u0259r kimdir? - FOTO\" \/>Fuad Babayev G\u0259ncl\u0259r v\u0259 \u0130dman Nazirliyind\u0259 \u00e7al\u0131\u015f\u0131r. O, nazirliyin G\u0259ncl\u0259r t\u0259\u015fkilatlar\u0131 il\u0259 i\u015f sektorunun m\u00fcdiridir.<\/p>\n","protected":false},"excerpt":{"rendered":"<p>Prezident \u0130lham \u018fliyevin 2 fevral \u2013 Az\u0259rbaycan G\u0259ncl\u0259ri G\u00fcn\u00fc m\u00fcnasib\u0259til\u0259 S\u0259r\u0259ncam imzalayaraq, bir s\u0131ra g\u0259ncl\u0259ri t\u0259ltif edib, onlardan 7-si &#8220;T\u0259r\u0259qqi&#8221; medal\u0131na layiq g\u00f6r\u00fcl\u00fcb. Maraql\u0131d\u0131r ki, d\u00f6vl\u0259t ba\u015f\u00e7\u0131s\u0131 t\u0259r\u0259find\u0259n bu medala layiq g\u00f6r\u00fcl\u0259nl\u0259rd\u0259n 5-i i\u015f yolda\u015f\u0131d\u0131r. Onlar, Az\u0259rbaycan Respublikas\u0131 Prezidentinin yan\u0131nda G\u0259ncl\u0259r Fondunun \u0259m\u0259kda\u015flar\u0131d\u0131r. &#8220;Qafqazinfo&#8221; onlar bar\u0259d\u0259 m\u0259lumatlar\u0131 t\u0259qdim edib: Orxan \u018fr\u0259bov G\u0259ncl\u0259r Fondunun \u0130cra\u00e7\u0131 direktorunun m\u00fcavinidir. V\u00fcsal\u0259 Nift\u0259liyeva G\u0259ncl\u0259r Fondunun Beyn\u0259lxalq \u0259m\u0259kda\u015fl\u0131q v\u0259 donorlarla i\u015f \u015f\u00f6b\u0259sinin m\u00fcdiridir. G\u00fcnay Q\u0259dimb\u0259yova da eyni \u015f\u00f6b\u0259d\u0259 \u00e7al\u0131\u015f\u0131r. Amma o, \u015f\u00f6b\u0259nin Ba\u015f m\u00fct\u0259x\u0259ssisidir. \u015e\u0259f\u0259q Bayramova is\u0259 G\u0259ncl\u0259r Fondunun Maliyy\u0259 v\u0259 t\u0259s\u0259rr\u00fcfat \u015f\u00f6b\u0259sind\u0259 Ba\u015f m\u00fct\u0259x\u0259ssisdir. Q\u0259dirov&hellip;<\/p>\n","protected":false},"author":2,"featured_media":560106,"comment_status":"closed","ping_status":"closed","sticky":false,"template":"","format":"standard","meta":{"om_disable_all_campaigns":false,"_monsterinsights_skip_tracking":false,"_monsterinsights_sitenote_active":false,"_monsterinsights_sitenote_note":"","_monsterinsights_sitenote_category":0},"categories":[19],"tags":[],"aioseo_notices":[],"gutentor_comment":0,"rttpg_featured_image_url":{"full":["https:\/\/arantv.az\/wp-content\/uploads\/2023\/02\/gencler_41675271765.jpg",620,413,false],"landscape":["https:\/\/arantv.az\/wp-content\/uploads\/2023\/02\/gencler_41675271765.jpg",620,413,false],"portraits":["https:\/\/arantv.az\/wp-content\/uploads\/2023\/02\/gencler_41675271765.jpg",620,413,false],"thumbnail":["https:\/\/arantv.az\/wp-content\/uploads\/2023\/02\/gencler_41675271765-500x280.jpg",500,280,true],"medium":["https:\/\/arantv.az\/wp-content\/uploads\/2023\/02\/gencler_41675271765-548x365.jpg",548,365,true],"large":["https:\/\/arantv.az\/wp-content\/uploads\/2023\/02\/gencler_41675271765.jpg",620,413,false],"1536x1536":["https:\/\/arantv.az\/wp-content\/uploads\/2023\/02\/gencler_41675271765.jpg",620,413,false],"2048x2048":["https:\/\/arantv.az\/wp-content\/uploads\/2023\/02\/gencler_41675271765.jpg",620,413,false],"post-thumbnail":["https:\/\/arantv.az\/wp-content\/uploads\/2023\/02\/gencler_41675271765-240x172.jpg",240,172,true],"advps-thumb-one":["https:\/\/arantv.az\/wp-content\/uploads\/2023\/02\/gencler_41675271765.jpg",620,413,false]},"rttpg_author":{"display_name":"V\u00fcsal Rafiqo\u011flu","author_link":"https:\/\/arantv.az\/?author=2"},"rttpg_comment":0,"rttpg_category":"<a href=\"https:\/\/arantv.az\/?cat=19\" rel=\"category\">G\u00fcnd\u0259m<\/a>","rttpg_excerpt":"Prezident \u0130lham \u018fliyevin 2 fevral \u2013 Az\u0259rbaycan G\u0259ncl\u0259ri G\u00fcn\u00fc m\u00fcnasib\u0259til\u0259 S\u0259r\u0259ncam imzalayaraq, bir s\u0131ra g\u0259ncl\u0259ri t\u0259ltif edib, onlardan 7-si &#8220;T\u0259r\u0259qqi&#8221; medal\u0131na layiq g\u00f6r\u00fcl\u00fcb. Maraql\u0131d\u0131r ki, d\u00f6vl\u0259t ba\u015f\u00e7\u0131s\u0131 t\u0259r\u0259find\u0259n bu medala layiq g\u00f6r\u00fcl\u0259nl\u0259rd\u0259n 5-i i\u015f yolda\u015f\u0131d\u0131r. Onlar, Az\u0259rbaycan Respublikas\u0131 Prezidentinin yan\u0131nda G\u0259ncl\u0259r Fondunun \u0259m\u0259kda\u015flar\u0131d\u0131r. &#8220;Qafqazinfo&#8221; onlar bar\u0259d\u0259 m\u0259lumatlar\u0131 t\u0259qdim edib: Orxan \u018fr\u0259bov G\u0259ncl\u0259r Fondunun \u0130cra\u00e7\u0131 direktorunun&hellip;","_links":{"self":[{"href":"https:\/\/arantv.az\/index.php?rest_route=\/wp\/v2\/posts\/560105"}],"collection":[{"href":"https:\/\/arantv.az\/index.php?rest_route=\/wp\/v2\/posts"}],"about":[{"href":"https:\/\/arantv.az\/index.php?rest_route=\/wp\/v2\/types\/post"}],"author":[{"embeddable":true,"href":"https:\/\/arantv.az\/index.php?rest_route=\/wp\/v2\/users\/2"}],"replies":[{"embeddable":true,"href":"https:\/\/arantv.az\/index.php?rest_route=%2Fwp%2Fv2%2Fcomments&post=560105"}],"version-history":[{"count":0,"href":"https:\/\/arantv.az\/index.php?rest_route=\/wp\/v2\/posts\/560105\/revisions"}],"wp:featuredmedia":[{"embeddable":true,"href":"https:\/\/arantv.az\/index.php?rest_route=\/wp\/v2\/media\/560106"}],"wp:attachment":[{"href":"https:\/\/arantv.az\/index.php?rest_route=%2Fwp%2Fv2%2Fmedia&parent=560105"}],"wp:term":[{"taxonomy":"category","embeddable":true,"href":"https:\/\/arantv.az\/index.php?rest_route=%2Fwp%2Fv2%2Fcategories&post=560105"},{"taxonomy":"post_tag","embeddable":true,"href":"https:\/\/arantv.az\/index.php?rest_route=%2Fwp%2Fv2%2Ftags&post=560105"}],"curies":[{"name":"wp","href":"https:\/\/api.w.org\/{rel}","templated":true}]}}