{"id":561097,"date":"2023-02-05T08:31:04","date_gmt":"2023-02-05T05:31:04","guid":{"rendered":"https:\/\/arantv.az\/?p=561097"},"modified":"2023-02-05T08:31:04","modified_gmt":"2023-02-05T05:31:04","slug":"cavusoglu-az%c9%99rbaycan-v%c9%99-qazaxistanla-guclu-mexanizml%c9%99ri-h%c9%99yata-kecirdik","status":"publish","type":"post","link":"https:\/\/arantv.az\/?p=561097","title":{"rendered":"\u00c7avu\u015fo\u011flu: \u201cAz\u0259rbaycan v\u0259 Qazax\u0131stanla g\u00fccl\u00fc mexanizml\u0259ri h\u0259yata ke\u00e7irdik\u201d"},"content":{"rendered":"<p>\u201c\u00d6lk\u0259miz, mill\u0259timiz v\u0259 b\u00f6lg\u0259miz \u00fc\u00e7\u00fcn imkanlar\u0131 d\u0259y\u0259rl\u0259ndirm\u0259liyik. Budur \u015eimali Koreya qapand\u0131, Rusiyadan \u00fcz\u0259rind\u0259n ged\u0259n (n\u0259qliyyat-red) x\u0259tt dayand\u0131. N\u0259 etdik, d\u0259rhal Az\u0259rbaycan\u0131 v\u0259 Qazax\u0131stan\u0131 d\u0259v\u0259t edib g\u00fccl\u00fc mexanizml\u0259rimizi h\u0259yata ke\u00e7irdik\u201d.<\/p>\n<p>\u201cReport\u201d x\u0259b\u0259r verir ki, bunlar\u0131 T\u00fcrkiy\u0259nin xarici i\u015fl\u0259r naziri M\u00f6vlud \u00c7avu\u015fo\u011flu deyib.<\/p>\n<div class=\"AdviadNativeVideo\"><\/div>\n<p>T\u00fcrkiy\u0259nin xarici siyas\u0259t idar\u0259sinin r\u0259hb\u0259ri qeyd edib ki, tax\u0131l m\u00fcqavil\u0259si olmasayd\u0131, d\u00fcnyada ciddi \u0259rzaq b\u00f6hran\u0131 ya\u015fanard\u0131.<\/p>\n<p>\u201cEnergetika, Ticar\u0259t v\u0259 N\u0259qliyyat nazirl\u0259rimizl\u0259 birlikd\u0259 h\u0259m enerji, h\u0259m d\u0259 n\u0259qliyyat kanallar\u0131n\u0131 g\u00fccl\u0259ndirm\u0259k \u00fc\u00e7\u00fcn add\u0131mlar at\u0131r\u0131q. Regional sahiblik \u00e7ox vacibdir.<\/p>\n<p>T\u00fcrk D\u00f6vl\u0259tl\u0259ri T\u0259\u015fkilat\u0131n\u0131 qurduq. Onu beyn\u0259lxalq t\u0259\u015fkilata \u00e7evirdik.<\/p>\n<p>Ukrayna m\u00fcharib\u0259sini dayand\u0131rmaq \u00fc\u00e7\u00fcn bizd\u0259n daha f\u0259al \u00f6lk\u0259 varm\u0131? \u00c7al\u0131\u015fsa da n\u0259tic\u0259 \u0259ld\u0259 ed\u0259n \u00f6lk\u0259 varm\u0131? Beyn\u0259lxalq vasit\u0259\u00e7iliyi \u0130stanbulda yeti\u015fdiririk, \u00e7\u00fcnki \u0259dal\u0259tli davran\u0131r\u0131q, t\u0259r\u0259f tutmuruq.<\/p>\n<p>B\u0259lk\u0259 m\u00fcharib\u0259ni dayand\u0131ra bilm\u0259dik, amma tax\u0131l m\u00fcqavil\u0259si, \u0259sir m\u00fcbadil\u0259si, atom elektrik stansiyas\u0131 vasit\u0259sil\u0259 t\u0259hdidl\u0259ri azaltmaq \u00fc\u00e7\u00fcn bir \u00e7ox add\u0131mlar atmaq \u00fc\u00e7\u00fcn n\u0259tic\u0259y\u00f6nl\u00fc add\u0131mlar ata bil\u0259c\u0259k ba\u015fqa kims\u0259 varm\u0131?<\/p>\n<p>Do\u011fru olmad\u0131\u011f\u0131n\u0131 d\u00fc\u015f\u00fcnd\u00fcy\u00fcm\u00fcz \u015feyi r\u0259dd edirik. Dig\u0259r t\u0259r\u0259fd\u0259n, s\u0259y g\u00f6st\u0259ririk. Tax\u0131l m\u00fcqavil\u0259si olmasayd\u0131, d\u00fcnyada ciddi \u0259rzaq b\u00f6hran\u0131 ya\u015fanard\u0131. T\u00fcrkiy\u0259 Venesueladan Somaliy\u0259 q\u0259d\u0259r m\u00fcnaqi\u015f\u0259l\u0259rd\u0259 vasit\u0259\u00e7ilik ed\u0259n \u00f6lk\u0259dir. Vasit\u0259\u00e7ilik dedikd\u0259 a\u011f\u0131la ilk g\u0259l\u0259n \u00f6lk\u0259 T\u00fcrkiy\u0259dir\u201d, &#8211; M\u00f6vlud \u00c7avu\u015fo\u011flu vur\u011fulay\u0131b.<\/p>\n","protected":false},"excerpt":{"rendered":"<p>\u201c\u00d6lk\u0259miz, mill\u0259timiz v\u0259 b\u00f6lg\u0259miz \u00fc\u00e7\u00fcn imkanlar\u0131 d\u0259y\u0259rl\u0259ndirm\u0259liyik. Budur \u015eimali Koreya qapand\u0131, Rusiyadan \u00fcz\u0259rind\u0259n ged\u0259n (n\u0259qliyyat-red) x\u0259tt dayand\u0131. N\u0259 etdik, d\u0259rhal Az\u0259rbaycan\u0131 v\u0259 Qazax\u0131stan\u0131 d\u0259v\u0259t edib g\u00fccl\u00fc mexanizml\u0259rimizi h\u0259yata ke\u00e7irdik\u201d. \u201cReport\u201d x\u0259b\u0259r verir ki, bunlar\u0131 T\u00fcrkiy\u0259nin xarici i\u015fl\u0259r naziri M\u00f6vlud \u00c7avu\u015fo\u011flu deyib. T\u00fcrkiy\u0259nin xarici siyas\u0259t idar\u0259sinin r\u0259hb\u0259ri qeyd edib ki, tax\u0131l m\u00fcqavil\u0259si olmasayd\u0131, d\u00fcnyada ciddi \u0259rzaq b\u00f6hran\u0131 ya\u015fanard\u0131. \u201cEnergetika, Ticar\u0259t v\u0259 N\u0259qliyyat nazirl\u0259rimizl\u0259 birlikd\u0259 h\u0259m enerji, h\u0259m d\u0259 n\u0259qliyyat kanallar\u0131n\u0131 g\u00fccl\u0259ndirm\u0259k \u00fc\u00e7\u00fcn add\u0131mlar at\u0131r\u0131q. Regional sahiblik \u00e7ox vacibdir. T\u00fcrk D\u00f6vl\u0259tl\u0259ri T\u0259\u015fkilat\u0131n\u0131 qurduq. Onu beyn\u0259lxalq t\u0259\u015fkilata \u00e7evirdik. Ukrayna m\u00fcharib\u0259sini dayand\u0131rmaq \u00fc\u00e7\u00fcn bizd\u0259n&hellip;<\/p>\n","protected":false},"author":2,"featured_media":561098,"comment_status":"closed","ping_status":"closed","sticky":false,"template":"","format":"standard","meta":{"om_disable_all_campaigns":false,"_monsterinsights_skip_tracking":false,"_monsterinsights_sitenote_active":false,"_monsterinsights_sitenote_note":"","_monsterinsights_sitenote_category":0},"categories":[4],"tags":[],"aioseo_notices":[],"gutentor_comment":0,"rttpg_featured_image_url":{"full":["https:\/\/arantv.az\/wp-content\/uploads\/2023\/02\/AOdvYdYFSiwEwKm2fQXdWFWOSGtF290278OHYpvm-2.jpg",620,413,false],"landscape":["https:\/\/arantv.az\/wp-content\/uploads\/2023\/02\/AOdvYdYFSiwEwKm2fQXdWFWOSGtF290278OHYpvm-2.jpg",620,413,false],"portraits":["https:\/\/arantv.az\/wp-content\/uploads\/2023\/02\/AOdvYdYFSiwEwKm2fQXdWFWOSGtF290278OHYpvm-2.jpg",620,413,false],"thumbnail":["https:\/\/arantv.az\/wp-content\/uploads\/2023\/02\/AOdvYdYFSiwEwKm2fQXdWFWOSGtF290278OHYpvm-2-500x280.jpg",500,280,true],"medium":["https:\/\/arantv.az\/wp-content\/uploads\/2023\/02\/AOdvYdYFSiwEwKm2fQXdWFWOSGtF290278OHYpvm-2-548x365.jpg",548,365,true],"large":["https:\/\/arantv.az\/wp-content\/uploads\/2023\/02\/AOdvYdYFSiwEwKm2fQXdWFWOSGtF290278OHYpvm-2.jpg",620,413,false],"1536x1536":["https:\/\/arantv.az\/wp-content\/uploads\/2023\/02\/AOdvYdYFSiwEwKm2fQXdWFWOSGtF290278OHYpvm-2.jpg",620,413,false],"2048x2048":["https:\/\/arantv.az\/wp-content\/uploads\/2023\/02\/AOdvYdYFSiwEwKm2fQXdWFWOSGtF290278OHYpvm-2.jpg",620,413,false],"post-thumbnail":["https:\/\/arantv.az\/wp-content\/uploads\/2023\/02\/AOdvYdYFSiwEwKm2fQXdWFWOSGtF290278OHYpvm-2-240x172.jpg",240,172,true],"advps-thumb-one":["https:\/\/arantv.az\/wp-content\/uploads\/2023\/02\/AOdvYdYFSiwEwKm2fQXdWFWOSGtF290278OHYpvm-2.jpg",620,413,false]},"rttpg_author":{"display_name":"V\u00fcsal Rafiqo\u011flu","author_link":"https:\/\/arantv.az\/?author=2"},"rttpg_comment":0,"rttpg_category":"<a href=\"https:\/\/arantv.az\/?cat=4\" rel=\"category\">Siyas\u0259t<\/a>","rttpg_excerpt":"\u201c\u00d6lk\u0259miz, mill\u0259timiz v\u0259 b\u00f6lg\u0259miz \u00fc\u00e7\u00fcn imkanlar\u0131 d\u0259y\u0259rl\u0259ndirm\u0259liyik. Budur \u015eimali Koreya qapand\u0131, Rusiyadan \u00fcz\u0259rind\u0259n ged\u0259n (n\u0259qliyyat-red) x\u0259tt dayand\u0131. N\u0259 etdik, d\u0259rhal Az\u0259rbaycan\u0131 v\u0259 Qazax\u0131stan\u0131 d\u0259v\u0259t edib g\u00fccl\u00fc mexanizml\u0259rimizi h\u0259yata ke\u00e7irdik\u201d. \u201cReport\u201d x\u0259b\u0259r verir ki, bunlar\u0131 T\u00fcrkiy\u0259nin xarici i\u015fl\u0259r naziri M\u00f6vlud \u00c7avu\u015fo\u011flu deyib. T\u00fcrkiy\u0259nin xarici siyas\u0259t idar\u0259sinin r\u0259hb\u0259ri qeyd edib ki, tax\u0131l m\u00fcqavil\u0259si olmasayd\u0131, d\u00fcnyada ciddi \u0259rzaq&hellip;","_links":{"self":[{"href":"https:\/\/arantv.az\/index.php?rest_route=\/wp\/v2\/posts\/561097"}],"collection":[{"href":"https:\/\/arantv.az\/index.php?rest_route=\/wp\/v2\/posts"}],"about":[{"href":"https:\/\/arantv.az\/index.php?rest_route=\/wp\/v2\/types\/post"}],"author":[{"embeddable":true,"href":"https:\/\/arantv.az\/index.php?rest_route=\/wp\/v2\/users\/2"}],"replies":[{"embeddable":true,"href":"https:\/\/arantv.az\/index.php?rest_route=%2Fwp%2Fv2%2Fcomments&post=561097"}],"version-history":[{"count":0,"href":"https:\/\/arantv.az\/index.php?rest_route=\/wp\/v2\/posts\/561097\/revisions"}],"wp:featuredmedia":[{"embeddable":true,"href":"https:\/\/arantv.az\/index.php?rest_route=\/wp\/v2\/media\/561098"}],"wp:attachment":[{"href":"https:\/\/arantv.az\/index.php?rest_route=%2Fwp%2Fv2%2Fmedia&parent=561097"}],"wp:term":[{"taxonomy":"category","embeddable":true,"href":"https:\/\/arantv.az\/index.php?rest_route=%2Fwp%2Fv2%2Fcategories&post=561097"},{"taxonomy":"post_tag","embeddable":true,"href":"https:\/\/arantv.az\/index.php?rest_route=%2Fwp%2Fv2%2Ftags&post=561097"}],"curies":[{"name":"wp","href":"https:\/\/api.w.org\/{rel}","templated":true}]}}