{"id":561168,"date":"2023-02-05T16:23:55","date_gmt":"2023-02-05T13:23:55","guid":{"rendered":"https:\/\/arantv.az\/?p=561168"},"modified":"2023-02-05T16:23:55","modified_gmt":"2023-02-05T13:23:55","slug":"intihar-ed%c9%99n-v%c9%99kil-vusal-mirz%c9%99yevin-uz%c9%99rind%c9%99-%c9%99lyazma-askarlandi-yenil%c9%99nib","status":"publish","type":"post","link":"https:\/\/arantv.az\/?p=561168","title":{"rendered":"\u0130ntihar ed\u0259n v\u0259kil V\u00fcsal Mirz\u0259yevin \u00fcz\u0259rind\u0259 \u0259lyazma a\u015fkarland\u0131 &#8211; YEN\u0130L\u018fN\u0130B"},"content":{"rendered":"<p>V\u0259kil V\u00fcsal Mirz\u0259yevin Sumqay\u0131t \u015f\u0259h\u0259rind\u0259 ya\u015fad\u0131\u011f\u0131 evd\u0259 intihar etm\u0259sin\u0259 dair \u015f\u0259h\u0259r prokurorlu\u011funda ara\u015fd\u0131rma apar\u0131l\u0131r.<\/p>\n<p>APA-n\u0131n x\u0259b\u0259rin\u0259 g\u00f6r\u0259, bu bar\u0259d\u0259 Ba\u015f Prokurorlu\u011fun M\u0259tbuat Xidm\u0259tind\u0259n sor\u011fuya cavab olaraq bildirilib.<\/p>\n<div class=\"AdviadNativeVideo\"><\/div>\n<p>V\u00fcsal Mirz\u0259yevin \u00fcz\u0259rind\u0259n a\u015fkar edilmi\u015f \u0259lyazmada \u00f6l\u00fcm\u00fcnd\u0259 he\u00e7 k\u0259si g\u00fcnahland\u0131rmamas\u0131 qeyd edilib.<\/p>\n<p><strong>10:43<\/strong><\/p>\n<p>Sumqay\u0131tda intihar hadis\u0259si qeyd\u0259 al\u0131n\u0131b.<\/p>\n<p>\u201cQafqazinfo\u201dnun m\u0259lumat\u0131na g\u00f6r\u0259, hadis\u0259 \u015f\u0259h\u0259rin 16-c\u0131 m\u0259h\u0259ll\u0259sind\u0259 ba\u015f verib.<\/p>\n<p>M\u0259lumata g\u00f6r\u0259, V\u00fcsal Qiyas o\u011flu Mirz\u0259yev \u00f6z\u00fcn\u00fc ya\u015fad\u0131\u011f\u0131 h\u0259y\u0259td\u0259 qaz borusundan as\u0131b.<\/p>\n<p>\u0130ntihar ed\u0259n \u015f\u0259xs v\u0259kil kimi f\u0259aliyy\u0259t g\u00f6st\u0259rirdi. V\u0259kilin hans\u0131 s\u0259b\u0259bd\u0259n intihar etm\u0259si b\u0259lli deyil.<\/p>\n<p>Faktla ba\u011fl\u0131 ara\u015fd\u0131rma apar\u0131l\u0131r.<\/p>\n","protected":false},"excerpt":{"rendered":"<p>V\u0259kil V\u00fcsal Mirz\u0259yevin Sumqay\u0131t \u015f\u0259h\u0259rind\u0259 ya\u015fad\u0131\u011f\u0131 evd\u0259 intihar etm\u0259sin\u0259 dair \u015f\u0259h\u0259r prokurorlu\u011funda ara\u015fd\u0131rma apar\u0131l\u0131r. APA-n\u0131n x\u0259b\u0259rin\u0259 g\u00f6r\u0259, bu bar\u0259d\u0259 Ba\u015f Prokurorlu\u011fun M\u0259tbuat Xidm\u0259tind\u0259n sor\u011fuya cavab olaraq bildirilib. V\u00fcsal Mirz\u0259yevin \u00fcz\u0259rind\u0259n a\u015fkar edilmi\u015f \u0259lyazmada \u00f6l\u00fcm\u00fcnd\u0259 he\u00e7 k\u0259si g\u00fcnahland\u0131rmamas\u0131 qeyd edilib. 10:43 Sumqay\u0131tda intihar hadis\u0259si qeyd\u0259 al\u0131n\u0131b. \u201cQafqazinfo\u201dnun m\u0259lumat\u0131na g\u00f6r\u0259, hadis\u0259 \u015f\u0259h\u0259rin 16-c\u0131 m\u0259h\u0259ll\u0259sind\u0259 ba\u015f verib. M\u0259lumata g\u00f6r\u0259, V\u00fcsal Qiyas o\u011flu Mirz\u0259yev \u00f6z\u00fcn\u00fc ya\u015fad\u0131\u011f\u0131 h\u0259y\u0259td\u0259 qaz borusundan as\u0131b. \u0130ntihar ed\u0259n \u015f\u0259xs v\u0259kil kimi f\u0259aliyy\u0259t g\u00f6st\u0259rirdi. V\u0259kilin hans\u0131 s\u0259b\u0259bd\u0259n intihar etm\u0259si b\u0259lli deyil. Faktla ba\u011fl\u0131 ara\u015fd\u0131rma apar\u0131l\u0131r.<\/p>\n","protected":false},"author":2,"featured_media":561169,"comment_status":"closed","ping_status":"closed","sticky":false,"template":"","format":"standard","meta":{"om_disable_all_campaigns":false,"_monsterinsights_skip_tracking":false,"_monsterinsights_sitenote_active":false,"_monsterinsights_sitenote_note":"","_monsterinsights_sitenote_category":0},"categories":[5],"tags":[],"aioseo_notices":[],"gutentor_comment":0,"rttpg_featured_image_url":{"full":["https:\/\/arantv.az\/wp-content\/uploads\/2023\/02\/FotoJet-2023-02-05T170936.354.jpg",620,413,false],"landscape":["https:\/\/arantv.az\/wp-content\/uploads\/2023\/02\/FotoJet-2023-02-05T170936.354.jpg",620,413,false],"portraits":["https:\/\/arantv.az\/wp-content\/uploads\/2023\/02\/FotoJet-2023-02-05T170936.354.jpg",620,413,false],"thumbnail":["https:\/\/arantv.az\/wp-content\/uploads\/2023\/02\/FotoJet-2023-02-05T170936.354-500x280.jpg",500,280,true],"medium":["https:\/\/arantv.az\/wp-content\/uploads\/2023\/02\/FotoJet-2023-02-05T170936.354-548x365.jpg",548,365,true],"large":["https:\/\/arantv.az\/wp-content\/uploads\/2023\/02\/FotoJet-2023-02-05T170936.354.jpg",620,413,false],"1536x1536":["https:\/\/arantv.az\/wp-content\/uploads\/2023\/02\/FotoJet-2023-02-05T170936.354.jpg",620,413,false],"2048x2048":["https:\/\/arantv.az\/wp-content\/uploads\/2023\/02\/FotoJet-2023-02-05T170936.354.jpg",620,413,false],"post-thumbnail":["https:\/\/arantv.az\/wp-content\/uploads\/2023\/02\/FotoJet-2023-02-05T170936.354-240x172.jpg",240,172,true],"advps-thumb-one":["https:\/\/arantv.az\/wp-content\/uploads\/2023\/02\/FotoJet-2023-02-05T170936.354.jpg",620,413,false]},"rttpg_author":{"display_name":"V\u00fcsal Rafiqo\u011flu","author_link":"https:\/\/arantv.az\/?author=2"},"rttpg_comment":0,"rttpg_category":"<a href=\"https:\/\/arantv.az\/?cat=5\" rel=\"category\">Hadis\u0259<\/a>","rttpg_excerpt":"V\u0259kil V\u00fcsal Mirz\u0259yevin Sumqay\u0131t \u015f\u0259h\u0259rind\u0259 ya\u015fad\u0131\u011f\u0131 evd\u0259 intihar etm\u0259sin\u0259 dair \u015f\u0259h\u0259r prokurorlu\u011funda ara\u015fd\u0131rma apar\u0131l\u0131r. APA-n\u0131n x\u0259b\u0259rin\u0259 g\u00f6r\u0259, bu bar\u0259d\u0259 Ba\u015f Prokurorlu\u011fun M\u0259tbuat Xidm\u0259tind\u0259n sor\u011fuya cavab olaraq bildirilib. V\u00fcsal Mirz\u0259yevin \u00fcz\u0259rind\u0259n a\u015fkar edilmi\u015f \u0259lyazmada \u00f6l\u00fcm\u00fcnd\u0259 he\u00e7 k\u0259si g\u00fcnahland\u0131rmamas\u0131 qeyd edilib. 10:43 Sumqay\u0131tda intihar hadis\u0259si qeyd\u0259 al\u0131n\u0131b. \u201cQafqazinfo\u201dnun m\u0259lumat\u0131na g\u00f6r\u0259, hadis\u0259 \u015f\u0259h\u0259rin 16-c\u0131 m\u0259h\u0259ll\u0259sind\u0259 ba\u015f verib. M\u0259lumata&hellip;","_links":{"self":[{"href":"https:\/\/arantv.az\/index.php?rest_route=\/wp\/v2\/posts\/561168"}],"collection":[{"href":"https:\/\/arantv.az\/index.php?rest_route=\/wp\/v2\/posts"}],"about":[{"href":"https:\/\/arantv.az\/index.php?rest_route=\/wp\/v2\/types\/post"}],"author":[{"embeddable":true,"href":"https:\/\/arantv.az\/index.php?rest_route=\/wp\/v2\/users\/2"}],"replies":[{"embeddable":true,"href":"https:\/\/arantv.az\/index.php?rest_route=%2Fwp%2Fv2%2Fcomments&post=561168"}],"version-history":[{"count":0,"href":"https:\/\/arantv.az\/index.php?rest_route=\/wp\/v2\/posts\/561168\/revisions"}],"wp:featuredmedia":[{"embeddable":true,"href":"https:\/\/arantv.az\/index.php?rest_route=\/wp\/v2\/media\/561169"}],"wp:attachment":[{"href":"https:\/\/arantv.az\/index.php?rest_route=%2Fwp%2Fv2%2Fmedia&parent=561168"}],"wp:term":[{"taxonomy":"category","embeddable":true,"href":"https:\/\/arantv.az\/index.php?rest_route=%2Fwp%2Fv2%2Fcategories&post=561168"},{"taxonomy":"post_tag","embeddable":true,"href":"https:\/\/arantv.az\/index.php?rest_route=%2Fwp%2Fv2%2Ftags&post=561168"}],"curies":[{"name":"wp","href":"https:\/\/api.w.org\/{rel}","templated":true}]}}