{"id":561172,"date":"2023-02-05T16:24:58","date_gmt":"2023-02-05T13:24:58","guid":{"rendered":"https:\/\/arantv.az\/?p=561172"},"modified":"2023-02-05T16:24:58","modified_gmt":"2023-02-05T13:24:58","slug":"keniyada-d%c9%99v%c9%99-azi-14-n%c9%99f%c9%99rin-olumun%c9%99-s%c9%99b%c9%99b-oldu-foto","status":"publish","type":"post","link":"https:\/\/arantv.az\/?p=561172","title":{"rendered":"Keniyada d\u0259v\u0259 az\u0131 14 n\u0259f\u0259rin \u00f6l\u00fcm\u00fcn\u0259 s\u0259b\u0259b oldu &#8211; FOTO"},"content":{"rendered":"<p>Keniyan\u0131n \u015fimal-q\u0259rbind\u0259 y\u00fck ma\u015f\u0131n\u0131n\u0131n q\u0259zaya u\u011framas\u0131 n\u0259tic\u0259sind\u0259 az\u0131 14 n\u0259f\u0259r \u00f6l\u00fcb.<\/p>\n<p>Bu bar\u0259d\u0259 bazar g\u00fcn\u00fc \u00f6lk\u0259nin Turkana rayonunun polis r\u0259isi Lemmi Ncira m\u0259lumat yay\u0131b.<\/p>\n<div class=\"AdviadNativeVideo\"><\/div>\n<p>O qeyd edir ki, insanlar\u0131 da\u015f\u0131yan y\u00fck ma\u015f\u0131n\u0131n\u0131n s\u00fcr\u00fcc\u00fcs\u00fc yolda olan d\u0259v\u0259 il\u0259 toqqu\u015fmadan yay\u0131nmaq ist\u0259y\u0259rk\u0259n avtomobili a\u015f\u0131r\u0131b.<\/p>\n<p>Hadis\u0259 n\u0259tic\u0259sind\u0259 daha 12 n\u0259f\u0259r x\u0259sar\u0259t al\u0131b.<\/p>\n<p>&nbsp;<\/p>\n<div class=\"gallery\">\n<div class=\"gallery-i\"><img src=\"https:\/\/cdn.oxu.az\/uploads\/W1siZiIsIjIwMjMvMDIvMDUvMTYvMjEvMTIvYWE1YjE4MzctZWUyMS00YWIxLWJmNWItYmU4YWY2NzVlZmZlLzMyOTY0NDUzM185Mjk2NDk1OTE1NDMyMTBfMTQzNjcwMjk4NjY4NDIwNjY1OV9uLmpwZyJdLFsicCIsImVuY29kZSIsImpwZyIsIi1xdWFsaXR5IDgwIl0sWyJwIiwidGh1bWIiLCI1OTB4NTkwXHUwMDNlIl1d?sha=a4a5c58d95b83ce2\" alt=\"\" \/><\/p>\n<div class=\"gallery-i-caption\"><\/div>\n<\/div>\n<\/div>\n<p>M\u0259nb\u0259: TASS<\/p>\n","protected":false},"excerpt":{"rendered":"<p>Keniyan\u0131n \u015fimal-q\u0259rbind\u0259 y\u00fck ma\u015f\u0131n\u0131n\u0131n q\u0259zaya u\u011framas\u0131 n\u0259tic\u0259sind\u0259 az\u0131 14 n\u0259f\u0259r \u00f6l\u00fcb. Bu bar\u0259d\u0259 bazar g\u00fcn\u00fc \u00f6lk\u0259nin Turkana rayonunun polis r\u0259isi Lemmi Ncira m\u0259lumat yay\u0131b. O qeyd edir ki, insanlar\u0131 da\u015f\u0131yan y\u00fck ma\u015f\u0131n\u0131n\u0131n s\u00fcr\u00fcc\u00fcs\u00fc yolda olan d\u0259v\u0259 il\u0259 toqqu\u015fmadan yay\u0131nmaq ist\u0259y\u0259rk\u0259n avtomobili a\u015f\u0131r\u0131b. Hadis\u0259 n\u0259tic\u0259sind\u0259 daha 12 n\u0259f\u0259r x\u0259sar\u0259t al\u0131b. &nbsp; M\u0259nb\u0259: TASS<\/p>\n","protected":false},"author":2,"featured_media":561173,"comment_status":"closed","ping_status":"closed","sticky":false,"template":"","format":"standard","meta":{"om_disable_all_campaigns":false,"_monsterinsights_skip_tracking":false,"_monsterinsights_sitenote_active":false,"_monsterinsights_sitenote_note":"","_monsterinsights_sitenote_category":0},"categories":[7],"tags":[],"aioseo_notices":[],"gutentor_comment":0,"rttpg_featured_image_url":{"full":["https:\/\/arantv.az\/wp-content\/uploads\/2023\/02\/a.jpg",620,413,false],"landscape":["https:\/\/arantv.az\/wp-content\/uploads\/2023\/02\/a.jpg",620,413,false],"portraits":["https:\/\/arantv.az\/wp-content\/uploads\/2023\/02\/a.jpg",620,413,false],"thumbnail":["https:\/\/arantv.az\/wp-content\/uploads\/2023\/02\/a-500x280.jpg",500,280,true],"medium":["https:\/\/arantv.az\/wp-content\/uploads\/2023\/02\/a-548x365.jpg",548,365,true],"large":["https:\/\/arantv.az\/wp-content\/uploads\/2023\/02\/a.jpg",620,413,false],"1536x1536":["https:\/\/arantv.az\/wp-content\/uploads\/2023\/02\/a.jpg",620,413,false],"2048x2048":["https:\/\/arantv.az\/wp-content\/uploads\/2023\/02\/a.jpg",620,413,false],"post-thumbnail":["https:\/\/arantv.az\/wp-content\/uploads\/2023\/02\/a-240x172.jpg",240,172,true],"advps-thumb-one":["https:\/\/arantv.az\/wp-content\/uploads\/2023\/02\/a.jpg",620,413,false]},"rttpg_author":{"display_name":"V\u00fcsal Rafiqo\u011flu","author_link":"https:\/\/arantv.az\/?author=2"},"rttpg_comment":0,"rttpg_category":"<a href=\"https:\/\/arantv.az\/?cat=7\" rel=\"category\">D\u00fcnya<\/a>","rttpg_excerpt":"Keniyan\u0131n \u015fimal-q\u0259rbind\u0259 y\u00fck ma\u015f\u0131n\u0131n\u0131n q\u0259zaya u\u011framas\u0131 n\u0259tic\u0259sind\u0259 az\u0131 14 n\u0259f\u0259r \u00f6l\u00fcb. Bu bar\u0259d\u0259 bazar g\u00fcn\u00fc \u00f6lk\u0259nin Turkana rayonunun polis r\u0259isi Lemmi Ncira m\u0259lumat yay\u0131b. O qeyd edir ki, insanlar\u0131 da\u015f\u0131yan y\u00fck ma\u015f\u0131n\u0131n\u0131n s\u00fcr\u00fcc\u00fcs\u00fc yolda olan d\u0259v\u0259 il\u0259 toqqu\u015fmadan yay\u0131nmaq ist\u0259y\u0259rk\u0259n avtomobili a\u015f\u0131r\u0131b. Hadis\u0259 n\u0259tic\u0259sind\u0259 daha 12 n\u0259f\u0259r x\u0259sar\u0259t al\u0131b. &nbsp; M\u0259nb\u0259: TASS","_links":{"self":[{"href":"https:\/\/arantv.az\/index.php?rest_route=\/wp\/v2\/posts\/561172"}],"collection":[{"href":"https:\/\/arantv.az\/index.php?rest_route=\/wp\/v2\/posts"}],"about":[{"href":"https:\/\/arantv.az\/index.php?rest_route=\/wp\/v2\/types\/post"}],"author":[{"embeddable":true,"href":"https:\/\/arantv.az\/index.php?rest_route=\/wp\/v2\/users\/2"}],"replies":[{"embeddable":true,"href":"https:\/\/arantv.az\/index.php?rest_route=%2Fwp%2Fv2%2Fcomments&post=561172"}],"version-history":[{"count":0,"href":"https:\/\/arantv.az\/index.php?rest_route=\/wp\/v2\/posts\/561172\/revisions"}],"wp:featuredmedia":[{"embeddable":true,"href":"https:\/\/arantv.az\/index.php?rest_route=\/wp\/v2\/media\/561173"}],"wp:attachment":[{"href":"https:\/\/arantv.az\/index.php?rest_route=%2Fwp%2Fv2%2Fmedia&parent=561172"}],"wp:term":[{"taxonomy":"category","embeddable":true,"href":"https:\/\/arantv.az\/index.php?rest_route=%2Fwp%2Fv2%2Fcategories&post=561172"},{"taxonomy":"post_tag","embeddable":true,"href":"https:\/\/arantv.az\/index.php?rest_route=%2Fwp%2Fv2%2Ftags&post=561172"}],"curies":[{"name":"wp","href":"https:\/\/api.w.org\/{rel}","templated":true}]}}