{"id":561176,"date":"2023-02-05T16:26:08","date_gmt":"2023-02-05T13:26:08","guid":{"rendered":"https:\/\/arantv.az\/?p=561176"},"modified":"2023-02-05T16:26:08","modified_gmt":"2023-02-05T13:26:08","slug":"abseronda-yeni-dogulan-korp%c9%99sini-asfaltin-ustun%c9%99-atan-ana-%c9%99l%c9%99-kecdi","status":"publish","type":"post","link":"https:\/\/arantv.az\/?p=561176","title":{"rendered":"Ab\u015feronda yeni do\u011fulan k\u00f6rp\u0259sini asfalt\u0131n \u00fcst\u00fcn\u0259 atan ana \u018fL\u018f KE\u00c7D\u0130"},"content":{"rendered":"<p>Yanvar\u0131n 18-n\u0259 ke\u00e7\u0259n gec\u0259 Ab\u015feron rayonu Masaz\u0131r q\u0259s\u0259b\u0259sind\u0259 k\u00fc\u00e7\u0259y\u0259 at\u0131lan yenido\u011fulmu\u015f k\u00f6rp\u0259nin anas\u0131 tutulub.<\/p>\n<p>Bu bar\u0259d\u0259 Daxili \u0130\u015fl\u0259r Nazirliyi (D\u0130N) m\u0259lumat yay\u0131b.<\/p>\n<p>Bildirilib ki, polis \u0259m\u0259kda\u015flar\u0131 t\u0259r\u0259find\u0259n davam etdiril\u0259n \u0259m\u0259liyyat-axtar\u0131\u015f t\u0259dbirl\u0259ri n\u0259tic\u0259sind\u0259 yenido\u011fulmu\u015f k\u00f6rp\u0259ni k\u00fc\u00e7\u0259y\u0259 atan \u015f\u0259xs &#8211;\u00a01999-cu il t\u0259v\u0259ll\u00fcdl\u00fc T\u00fcnzal\u0259 \u018fkb\u0259rova saxlan\u0131laraq istintaqa t\u0259hvil verilib.<\/p>\n","protected":false},"excerpt":{"rendered":"<p>Yanvar\u0131n 18-n\u0259 ke\u00e7\u0259n gec\u0259 Ab\u015feron rayonu Masaz\u0131r q\u0259s\u0259b\u0259sind\u0259 k\u00fc\u00e7\u0259y\u0259 at\u0131lan yenido\u011fulmu\u015f k\u00f6rp\u0259nin anas\u0131 tutulub. Bu bar\u0259d\u0259 Daxili \u0130\u015fl\u0259r Nazirliyi (D\u0130N) m\u0259lumat yay\u0131b. Bildirilib ki, polis \u0259m\u0259kda\u015flar\u0131 t\u0259r\u0259find\u0259n davam etdiril\u0259n \u0259m\u0259liyyat-axtar\u0131\u015f t\u0259dbirl\u0259ri n\u0259tic\u0259sind\u0259 yenido\u011fulmu\u015f k\u00f6rp\u0259ni k\u00fc\u00e7\u0259y\u0259 atan \u015f\u0259xs &#8211;\u00a01999-cu il t\u0259v\u0259ll\u00fcdl\u00fc T\u00fcnzal\u0259 \u018fkb\u0259rova saxlan\u0131laraq istintaqa t\u0259hvil verilib.<\/p>\n","protected":false},"author":2,"featured_media":561177,"comment_status":"closed","ping_status":"closed","sticky":false,"template":"","format":"standard","meta":{"om_disable_all_campaigns":false,"_monsterinsights_skip_tracking":false,"_monsterinsights_sitenote_active":false,"_monsterinsights_sitenote_note":"","_monsterinsights_sitenote_category":0},"categories":[5],"tags":[],"aioseo_notices":[],"gutentor_comment":0,"rttpg_featured_image_url":{"full":["https:\/\/arantv.az\/wp-content\/uploads\/2023\/02\/FotoJet-2023-01-18T090929.281.jpg",620,413,false],"landscape":["https:\/\/arantv.az\/wp-content\/uploads\/2023\/02\/FotoJet-2023-01-18T090929.281.jpg",620,413,false],"portraits":["https:\/\/arantv.az\/wp-content\/uploads\/2023\/02\/FotoJet-2023-01-18T090929.281.jpg",620,413,false],"thumbnail":["https:\/\/arantv.az\/wp-content\/uploads\/2023\/02\/FotoJet-2023-01-18T090929.281-500x280.jpg",500,280,true],"medium":["https:\/\/arantv.az\/wp-content\/uploads\/2023\/02\/FotoJet-2023-01-18T090929.281-548x365.jpg",548,365,true],"large":["https:\/\/arantv.az\/wp-content\/uploads\/2023\/02\/FotoJet-2023-01-18T090929.281.jpg",620,413,false],"1536x1536":["https:\/\/arantv.az\/wp-content\/uploads\/2023\/02\/FotoJet-2023-01-18T090929.281.jpg",620,413,false],"2048x2048":["https:\/\/arantv.az\/wp-content\/uploads\/2023\/02\/FotoJet-2023-01-18T090929.281.jpg",620,413,false],"post-thumbnail":["https:\/\/arantv.az\/wp-content\/uploads\/2023\/02\/FotoJet-2023-01-18T090929.281-240x172.jpg",240,172,true],"advps-thumb-one":["https:\/\/arantv.az\/wp-content\/uploads\/2023\/02\/FotoJet-2023-01-18T090929.281.jpg",620,413,false]},"rttpg_author":{"display_name":"V\u00fcsal Rafiqo\u011flu","author_link":"https:\/\/arantv.az\/?author=2"},"rttpg_comment":0,"rttpg_category":"<a href=\"https:\/\/arantv.az\/?cat=5\" rel=\"category\">Hadis\u0259<\/a>","rttpg_excerpt":"Yanvar\u0131n 18-n\u0259 ke\u00e7\u0259n gec\u0259 Ab\u015feron rayonu Masaz\u0131r q\u0259s\u0259b\u0259sind\u0259 k\u00fc\u00e7\u0259y\u0259 at\u0131lan yenido\u011fulmu\u015f k\u00f6rp\u0259nin anas\u0131 tutulub. Bu bar\u0259d\u0259 Daxili \u0130\u015fl\u0259r Nazirliyi (D\u0130N) m\u0259lumat yay\u0131b. Bildirilib ki, polis \u0259m\u0259kda\u015flar\u0131 t\u0259r\u0259find\u0259n davam etdiril\u0259n \u0259m\u0259liyyat-axtar\u0131\u015f t\u0259dbirl\u0259ri n\u0259tic\u0259sind\u0259 yenido\u011fulmu\u015f k\u00f6rp\u0259ni k\u00fc\u00e7\u0259y\u0259 atan \u015f\u0259xs &#8211;\u00a01999-cu il t\u0259v\u0259ll\u00fcdl\u00fc T\u00fcnzal\u0259 \u018fkb\u0259rova saxlan\u0131laraq istintaqa t\u0259hvil verilib.","_links":{"self":[{"href":"https:\/\/arantv.az\/index.php?rest_route=\/wp\/v2\/posts\/561176"}],"collection":[{"href":"https:\/\/arantv.az\/index.php?rest_route=\/wp\/v2\/posts"}],"about":[{"href":"https:\/\/arantv.az\/index.php?rest_route=\/wp\/v2\/types\/post"}],"author":[{"embeddable":true,"href":"https:\/\/arantv.az\/index.php?rest_route=\/wp\/v2\/users\/2"}],"replies":[{"embeddable":true,"href":"https:\/\/arantv.az\/index.php?rest_route=%2Fwp%2Fv2%2Fcomments&post=561176"}],"version-history":[{"count":0,"href":"https:\/\/arantv.az\/index.php?rest_route=\/wp\/v2\/posts\/561176\/revisions"}],"wp:featuredmedia":[{"embeddable":true,"href":"https:\/\/arantv.az\/index.php?rest_route=\/wp\/v2\/media\/561177"}],"wp:attachment":[{"href":"https:\/\/arantv.az\/index.php?rest_route=%2Fwp%2Fv2%2Fmedia&parent=561176"}],"wp:term":[{"taxonomy":"category","embeddable":true,"href":"https:\/\/arantv.az\/index.php?rest_route=%2Fwp%2Fv2%2Fcategories&post=561176"},{"taxonomy":"post_tag","embeddable":true,"href":"https:\/\/arantv.az\/index.php?rest_route=%2Fwp%2Fv2%2Ftags&post=561176"}],"curies":[{"name":"wp","href":"https:\/\/api.w.org\/{rel}","templated":true}]}}