{"id":561185,"date":"2023-02-05T16:34:04","date_gmt":"2023-02-05T13:34:04","guid":{"rendered":"https:\/\/arantv.az\/?p=561185"},"modified":"2023-02-05T16:34:04","modified_gmt":"2023-02-05T13:34:04","slug":"g%c9%99ncl%c9%99rin-yetism%c9%99sin%c9%99-%c9%99h%c9%99miyy%c9%99t-verin-cunki-bu-yolda-h%c9%99r-hansi-bir-m%c9%99suliyy%c9%99tsizlik-m%c9%99ml%c9%99k%c9%99tin-fundamentini-m%c9%99hv-ed%c9%99r","status":"publish","type":"post","link":"https:\/\/arantv.az\/?p=561185","title":{"rendered":"G\u0259ncl\u0259rin yeti\u015fm\u0259sin\u0259 \u0259h\u0259miyy\u0259t verin. \u00c7\u00fcnki bu yolda h\u0259r hans\u0131 bir m\u0259suliyy\u0259tsizlik m\u0259ml\u0259k\u0259tin fundamentini m\u0259hv ed\u0259r."},"content":{"rendered":"<p>Fevral\u0131n 2-d\u0259 G\u0259ncl\u0259r G\u00fcn\u00fc m\u00fcnasib\u0259ti il\u0259 ba\u011fl\u0131 S.C.Pi\u015f\u0259v\u0259ri ad\u0131na Humanitar F\u0259nl\u0259r Gimnaziyas\u0131nda t\u0259dbir ke\u00e7irilib. S.C.Pi\u015f\u0259v\u0259ri ad\u0131na Respublika Humanitar F\u0259nl\u0259r Gimnaziyas\u0131n\u0131n \u00a0direktoru \u00a0\u0130lqar Tal\u0131bov \u00a0t\u0259dbiri a\u00e7\u0131q elan etdi. O, \u00e7\u0131x\u0131\u015f\u0131nda bildirdi ki, bu g\u00fcn Az\u0259rbaycan Respublikas\u0131nda \u0259sas\u0131 Ulu \u00d6nd\u0259r Heyd\u0259r \u018fliyev t\u0259r\u0259find\u0259n qoyulan siyasi kurs bu g\u00fcn \u00f6lk\u0259 Prezidenti c\u0259nab \u0130lham \u018fliyev t\u0259r\u0259find\u0259n u\u011furla davam etdirilir. Az\u0259rbaycan Prezidenti \u0130lham \u018fliyevin r\u0259hb\u0259rliyi il\u0259 h\u0259yata ke\u00e7iril\u0259n d\u00f6vl\u0259t g\u0259ncl\u0259r siyas\u0259ti Az\u0259rbaycan g\u0259ncliyinin inki\u015faf\u0131na t\u0259kan vermi\u015f, onlar\u0131n \u00f6zl\u0259rini c\u0259miyy\u0259td\u0259 t\u0259sdiq etm\u0259sind\u0259 m\u00fch\u00fcm rol oynam\u0131\u015fd\u0131r. T\u0259dbirin qona\u011f\u0131 YeniAz\u0259rbaycan Partiyas\u0131 \u0130dar\u0259 Hey\u0259tinin \u00fczv\u00fc, texnika elml\u0259ri \u00fczr\u0259 f\u0259ls\u0259f\u0259 doktoru \u00a0 Bayram Aslanov qeyd etdi ki, \u201cGimnaziyada bel\u0259 bir t\u0259dbirin ke\u00e7irilm\u0259sini t\u0259qdir\u0259layiq hal hesab etdi. Bu c\u00fcr t\u0259dbirl\u0259rin g\u0259ncl\u0259rin h\u0259yat\u0131nda \u0259h\u0259miyy\u0259tini qeyd etm\u0259kl\u0259 onlara t\u00f6vsiyy\u0259l\u0259rini verdi\u201d. Gimnaziyan\u0131n m\u0259zunu, tarix\u00e7i-\u015f\u0259rq\u015f\u00fcnas alim, tarix \u00fczr\u0259 f\u0259ls\u0259f\u0259 doktoru, dosent Subhan Tal\u0131bl\u0131 \u00a0\u00f6lk\u0259nin tan\u0131nm\u0131\u015f ictimai-siyasi xadiml\u0259rinin d\u00f6vl\u0259tin x\u00fcsusi g\u00fcnl\u0259rind\u0259 \u00a0m\u0259kt\u0259bin h\u0259yat\u0131nda i\u015ftirak\u0131n\u0131 \u00f6n\u0259mli hesab etdiyini qeyd etdi. Dos. S\u00fcbhan Tal\u0131bl\u0131 \u201cHeyd\u0259r \u018fliyev v\u0259 d\u00f6vl\u0259t g\u0259ncl\u0259r siyas\u0259ti\u201d m\u00f6vzusunda \u00e7\u0131x\u0131\u015f etdi. Gimnaziyan\u0131n \u015fagirdl\u0259ri H\u00fcseynzad\u0259 Z\u0259hra \u201cHeyd\u0259r \u018fliyev v\u0259 g\u0259ncl\u0259r\u201d, \u00a0A\u011fayar Eminli &#8220;2 fevral &#8211; G\u0259ncl\u0259r g\u00fcn\u00fc&#8221;, Sinan \u018flizad\u0259 &#8220;Ulu \u00f6nd\u0259r\u0259 minn\u0259tdar\u0131q&#8221; \u00a0m\u00f6vzular\u0131nda t\u0259qdimatlar t\u0259qdim etdil\u0259r. Dig\u0259r \u00e7\u0131x\u0131\u015f ed\u0259nl\u0259r G\u0259ncl\u0259r G\u00fcn\u00fc m\u00fcnasib\u0259ti il\u0259 t\u0259dbir i\u015ftirak\u00e7\u0131lar\u0131n\u0131, o c\u00fcml\u0259d\u0259n Az\u0259rbaycan g\u0259ncl\u0259rini t\u0259brik etdi, onlara \u015f\u0259xsi v\u0259 t\u0259hsil h\u0259yatlar\u0131nda u\u011furlar dil\u0259dil\u0259r. M\u0259ruz\u0259l\u0259rd\u0259n sonra aliml\u0259r \u015fagirdl\u0259rin suallar\u0131n\u0131 cavabland\u0131rd\u0131lar. T\u0259dbird\u0259 h\u0259m\u00e7inin Gimnaziyan\u0131n m\u0259zunlar\u0131, &#8220;Bir k\u00f6n\u00fcll\u00fc&#8221; t\u0259l\u0259b\u0259l\u0259r, g\u0259nc m\u00fc\u0259lliml\u0259r, \u015fagirdl\u0259r v\u0259 m\u0259kt\u0259b r\u0259hb\u0259rliyi i\u015ftirak edirdi. Sonda Gimnaziya il\u0259 tan\u0131\u015fl\u0131q oldu, m\u0259kt\u0259bin h\u0259yata ke\u00e7irdiyi v\u0259 n\u0259z\u0259rd\u0259 tutulan layih\u0259l\u0259r, t\u0259dbirl\u0259r, Ki\u00e7ik Akademiya bar\u0259d\u0259 qonaqlara m\u0259lumat verildi.<\/p>\n<p><img class=\"fr-dib\" src=\"https:\/\/sheffafliq.az\/uploads\/posts\/2023-02\/1675404833_5.jpg\" alt=\"\" \/><img class=\"fr-dib\" src=\"https:\/\/sheffafliq.az\/uploads\/posts\/2023-02\/1675404852_6.jpg\" alt=\"\" \/><img class=\"fr-dib\" src=\"https:\/\/sheffafliq.az\/uploads\/posts\/2023-02\/1675404870_8.jpg\" alt=\"\" \/><img class=\"fr-dib\" src=\"https:\/\/sheffafliq.az\/uploads\/posts\/2023-02\/1675404893_9.jpg\" alt=\"\" \/><img class=\"fr-dib\" src=\"https:\/\/sheffafliq.az\/uploads\/posts\/2023-02\/1675404912_10.jpg\" alt=\"\" \/><img class=\"fr-dib\" src=\"https:\/\/sheffafliq.az\/uploads\/posts\/2023-02\/1675404912_10.jpg\" alt=\"\" \/><img class=\"fr-dib\" src=\"https:\/\/sheffafliq.az\/uploads\/posts\/2023-02\/1675404956_11.jpg\" alt=\"\" \/><img class=\"fr-dib\" src=\"https:\/\/sheffafliq.az\/uploads\/posts\/2023-02\/1675405122_15.jpg\" alt=\"\" \/><img class=\"fr-dib\" src=\"https:\/\/sheffafliq.az\/uploads\/posts\/2023-02\/1675405168_16.jpg\" alt=\"\" \/><img class=\"fr-dib\" src=\"https:\/\/sheffafliq.az\/uploads\/posts\/2023-02\/1675405185_17.jpg\" alt=\"\" \/><img class=\"fr-dib\" src=\"https:\/\/sheffafliq.az\/uploads\/posts\/2023-02\/1675405202_18.jpg\" alt=\"\" \/><img class=\"fr-dib\" src=\"https:\/\/sheffafliq.az\/uploads\/posts\/2023-02\/1675405225_19.jpg\" alt=\"\" \/><\/p>\n","protected":false},"excerpt":{"rendered":"<p>Fevral\u0131n 2-d\u0259 G\u0259ncl\u0259r G\u00fcn\u00fc m\u00fcnasib\u0259ti il\u0259 ba\u011fl\u0131 S.C.Pi\u015f\u0259v\u0259ri ad\u0131na Humanitar F\u0259nl\u0259r Gimnaziyas\u0131nda t\u0259dbir ke\u00e7irilib. S.C.Pi\u015f\u0259v\u0259ri ad\u0131na Respublika Humanitar F\u0259nl\u0259r Gimnaziyas\u0131n\u0131n \u00a0direktoru \u00a0\u0130lqar Tal\u0131bov \u00a0t\u0259dbiri a\u00e7\u0131q elan etdi. O, \u00e7\u0131x\u0131\u015f\u0131nda bildirdi ki, bu g\u00fcn Az\u0259rbaycan Respublikas\u0131nda \u0259sas\u0131 Ulu \u00d6nd\u0259r Heyd\u0259r \u018fliyev t\u0259r\u0259find\u0259n qoyulan siyasi kurs bu g\u00fcn \u00f6lk\u0259 Prezidenti c\u0259nab \u0130lham \u018fliyev t\u0259r\u0259find\u0259n u\u011furla davam etdirilir. Az\u0259rbaycan Prezidenti \u0130lham \u018fliyevin r\u0259hb\u0259rliyi il\u0259 h\u0259yata ke\u00e7iril\u0259n d\u00f6vl\u0259t g\u0259ncl\u0259r siyas\u0259ti Az\u0259rbaycan g\u0259ncliyinin inki\u015faf\u0131na t\u0259kan vermi\u015f, onlar\u0131n \u00f6zl\u0259rini c\u0259miyy\u0259td\u0259 t\u0259sdiq etm\u0259sind\u0259 m\u00fch\u00fcm rol oynam\u0131\u015fd\u0131r. T\u0259dbirin qona\u011f\u0131 YeniAz\u0259rbaycan Partiyas\u0131 \u0130dar\u0259 Hey\u0259tinin \u00fczv\u00fc, texnika elml\u0259ri \u00fczr\u0259 f\u0259ls\u0259f\u0259&hellip;<\/p>\n","protected":false},"author":2,"featured_media":561186,"comment_status":"closed","ping_status":"closed","sticky":false,"template":"","format":"standard","meta":{"om_disable_all_campaigns":false,"_monsterinsights_skip_tracking":false,"_monsterinsights_sitenote_active":false,"_monsterinsights_sitenote_note":"","_monsterinsights_sitenote_category":0},"categories":[1],"tags":[],"aioseo_notices":[],"gutentor_comment":0,"rttpg_featured_image_url":{"full":["https:\/\/arantv.az\/wp-content\/uploads\/2023\/02\/1675405225_19.jpg",620,413,false],"landscape":["https:\/\/arantv.az\/wp-content\/uploads\/2023\/02\/1675405225_19.jpg",620,413,false],"portraits":["https:\/\/arantv.az\/wp-content\/uploads\/2023\/02\/1675405225_19.jpg",620,413,false],"thumbnail":["https:\/\/arantv.az\/wp-content\/uploads\/2023\/02\/1675405225_19-500x280.jpg",500,280,true],"medium":["https:\/\/arantv.az\/wp-content\/uploads\/2023\/02\/1675405225_19-548x365.jpg",548,365,true],"large":["https:\/\/arantv.az\/wp-content\/uploads\/2023\/02\/1675405225_19.jpg",620,413,false],"1536x1536":["https:\/\/arantv.az\/wp-content\/uploads\/2023\/02\/1675405225_19.jpg",620,413,false],"2048x2048":["https:\/\/arantv.az\/wp-content\/uploads\/2023\/02\/1675405225_19.jpg",620,413,false],"post-thumbnail":["https:\/\/arantv.az\/wp-content\/uploads\/2023\/02\/1675405225_19-240x172.jpg",240,172,true],"advps-thumb-one":["https:\/\/arantv.az\/wp-content\/uploads\/2023\/02\/1675405225_19.jpg",620,413,false]},"rttpg_author":{"display_name":"V\u00fcsal Rafiqo\u011flu","author_link":"https:\/\/arantv.az\/?author=2"},"rttpg_comment":0,"rttpg_category":"<a href=\"https:\/\/arantv.az\/?cat=1\" rel=\"category\">C\u0259miyy\u0259t<\/a>","rttpg_excerpt":"Fevral\u0131n 2-d\u0259 G\u0259ncl\u0259r G\u00fcn\u00fc m\u00fcnasib\u0259ti il\u0259 ba\u011fl\u0131 S.C.Pi\u015f\u0259v\u0259ri ad\u0131na Humanitar F\u0259nl\u0259r Gimnaziyas\u0131nda t\u0259dbir ke\u00e7irilib. S.C.Pi\u015f\u0259v\u0259ri ad\u0131na Respublika Humanitar F\u0259nl\u0259r Gimnaziyas\u0131n\u0131n \u00a0direktoru \u00a0\u0130lqar Tal\u0131bov \u00a0t\u0259dbiri a\u00e7\u0131q elan etdi. O, \u00e7\u0131x\u0131\u015f\u0131nda bildirdi ki, bu g\u00fcn Az\u0259rbaycan Respublikas\u0131nda \u0259sas\u0131 Ulu \u00d6nd\u0259r Heyd\u0259r \u018fliyev t\u0259r\u0259find\u0259n qoyulan siyasi kurs bu g\u00fcn \u00f6lk\u0259 Prezidenti c\u0259nab \u0130lham \u018fliyev t\u0259r\u0259find\u0259n u\u011furla davam etdirilir.&hellip;","_links":{"self":[{"href":"https:\/\/arantv.az\/index.php?rest_route=\/wp\/v2\/posts\/561185"}],"collection":[{"href":"https:\/\/arantv.az\/index.php?rest_route=\/wp\/v2\/posts"}],"about":[{"href":"https:\/\/arantv.az\/index.php?rest_route=\/wp\/v2\/types\/post"}],"author":[{"embeddable":true,"href":"https:\/\/arantv.az\/index.php?rest_route=\/wp\/v2\/users\/2"}],"replies":[{"embeddable":true,"href":"https:\/\/arantv.az\/index.php?rest_route=%2Fwp%2Fv2%2Fcomments&post=561185"}],"version-history":[{"count":0,"href":"https:\/\/arantv.az\/index.php?rest_route=\/wp\/v2\/posts\/561185\/revisions"}],"wp:featuredmedia":[{"embeddable":true,"href":"https:\/\/arantv.az\/index.php?rest_route=\/wp\/v2\/media\/561186"}],"wp:attachment":[{"href":"https:\/\/arantv.az\/index.php?rest_route=%2Fwp%2Fv2%2Fmedia&parent=561185"}],"wp:term":[{"taxonomy":"category","embeddable":true,"href":"https:\/\/arantv.az\/index.php?rest_route=%2Fwp%2Fv2%2Fcategories&post=561185"},{"taxonomy":"post_tag","embeddable":true,"href":"https:\/\/arantv.az\/index.php?rest_route=%2Fwp%2Fv2%2Ftags&post=561185"}],"curies":[{"name":"wp","href":"https:\/\/api.w.org\/{rel}","templated":true}]}}