{"id":561197,"date":"2023-02-05T16:48:36","date_gmt":"2023-02-05T13:48:36","guid":{"rendered":"https:\/\/arantv.az\/?p=561197"},"modified":"2023-02-05T16:48:36","modified_gmt":"2023-02-05T13:48:36","slug":"britaniyali-s%c9%99yyah-az%c9%99rbaycan-keyfiyy%c9%99tli-s%c9%99kild%c9%99-s%c9%99h%c9%99rl%c9%99rini-yenid%c9%99n-qurur","status":"publish","type":"post","link":"https:\/\/arantv.az\/?p=561197","title":{"rendered":"Britaniyal\u0131 s\u0259yyah: \u201cAz\u0259rbaycan keyfiyy\u0259tli \u015f\u0259kild\u0259 \u015f\u0259h\u0259rl\u0259rini yenid\u0259n qurur\u201d"},"content":{"rendered":"<p>Az\u0259rbaycan keyfiyy\u0259tli \u015f\u0259kild\u0259 \u015f\u0259h\u0259rl\u0259rini yenid\u0259n qurur.<\/p>\n<div class=\"AdviadNativeVideo\"><\/div>\n<p>Bunu\u00a0Trend-\u0259 bazar g\u00fcn\u00fc B\u00f6y\u00fck Britaniyadan olan s\u0259yyah Vilyam Qilkrast deyib.<\/p>\n<p>\u201cM\u0259n \u00f6z\u00fcm tikinti biznesi il\u0259 m\u0259\u015f\u011fulam v\u0259 bu g\u00fcn La\u00e7\u0131nda v\u0259 ondan \u0259vv\u0259l ba\u015fqa yerl\u0259rd\u0259 g\u00f6rd\u00fckl\u0259rimi h\u0259qiq\u0259t\u0259n yax\u015f\u0131 i\u015f hesab etm\u0259k olar\u201d, &#8211; dey\u0259 s\u0259yyah bildirib.<\/p>\n<p>V.Qilkrast vur\u011fulay\u0131b ki, yenid\u0259nqurma i\u015fl\u0259rinin davam etdiyini, evl\u0259rini t\u0259rk etm\u0259k m\u0259cburiyy\u0259tind\u0259 qalan insanlar\u0131n tezlikl\u0259 evl\u0259rin\u0259 qay\u0131da bil\u0259c\u0259yini g\u00f6rm\u0259k sevindirici hald\u0131r.<\/p>\n<p>O, i\u015f\u011faldan azad edilmi\u015f torpaqlardak\u0131 m\u0259nz\u0259r\u0259y\u0259 d\u0259 heyran oldu\u011funu bildirib.<\/p>\n","protected":false},"excerpt":{"rendered":"<p>Az\u0259rbaycan keyfiyy\u0259tli \u015f\u0259kild\u0259 \u015f\u0259h\u0259rl\u0259rini yenid\u0259n qurur. Bunu\u00a0Trend-\u0259 bazar g\u00fcn\u00fc B\u00f6y\u00fck Britaniyadan olan s\u0259yyah Vilyam Qilkrast deyib. \u201cM\u0259n \u00f6z\u00fcm tikinti biznesi il\u0259 m\u0259\u015f\u011fulam v\u0259 bu g\u00fcn La\u00e7\u0131nda v\u0259 ondan \u0259vv\u0259l ba\u015fqa yerl\u0259rd\u0259 g\u00f6rd\u00fckl\u0259rimi h\u0259qiq\u0259t\u0259n yax\u015f\u0131 i\u015f hesab etm\u0259k olar\u201d, &#8211; dey\u0259 s\u0259yyah bildirib. V.Qilkrast vur\u011fulay\u0131b ki, yenid\u0259nqurma i\u015fl\u0259rinin davam etdiyini, evl\u0259rini t\u0259rk etm\u0259k m\u0259cburiyy\u0259tind\u0259 qalan insanlar\u0131n tezlikl\u0259 evl\u0259rin\u0259 qay\u0131da bil\u0259c\u0259yini g\u00f6rm\u0259k sevindirici hald\u0131r. O, i\u015f\u011faldan azad edilmi\u015f torpaqlardak\u0131 m\u0259nz\u0259r\u0259y\u0259 d\u0259 heyran oldu\u011funu bildirib.<\/p>\n","protected":false},"author":2,"featured_media":561198,"comment_status":"closed","ping_status":"closed","sticky":false,"template":"","format":"standard","meta":{"om_disable_all_campaigns":false,"_monsterinsights_skip_tracking":false,"_monsterinsights_sitenote_active":false,"_monsterinsights_sitenote_note":"","_monsterinsights_sitenote_category":0},"categories":[4],"tags":[],"aioseo_notices":[],"gutentor_comment":0,"rttpg_featured_image_url":{"full":["https:\/\/arantv.az\/wp-content\/uploads\/2023\/02\/FotoJet-2023-02-05T173229.437.jpg",620,413,false],"landscape":["https:\/\/arantv.az\/wp-content\/uploads\/2023\/02\/FotoJet-2023-02-05T173229.437.jpg",620,413,false],"portraits":["https:\/\/arantv.az\/wp-content\/uploads\/2023\/02\/FotoJet-2023-02-05T173229.437.jpg",620,413,false],"thumbnail":["https:\/\/arantv.az\/wp-content\/uploads\/2023\/02\/FotoJet-2023-02-05T173229.437-500x280.jpg",500,280,true],"medium":["https:\/\/arantv.az\/wp-content\/uploads\/2023\/02\/FotoJet-2023-02-05T173229.437-548x365.jpg",548,365,true],"large":["https:\/\/arantv.az\/wp-content\/uploads\/2023\/02\/FotoJet-2023-02-05T173229.437.jpg",620,413,false],"1536x1536":["https:\/\/arantv.az\/wp-content\/uploads\/2023\/02\/FotoJet-2023-02-05T173229.437.jpg",620,413,false],"2048x2048":["https:\/\/arantv.az\/wp-content\/uploads\/2023\/02\/FotoJet-2023-02-05T173229.437.jpg",620,413,false],"post-thumbnail":["https:\/\/arantv.az\/wp-content\/uploads\/2023\/02\/FotoJet-2023-02-05T173229.437-240x172.jpg",240,172,true],"advps-thumb-one":["https:\/\/arantv.az\/wp-content\/uploads\/2023\/02\/FotoJet-2023-02-05T173229.437.jpg",620,413,false]},"rttpg_author":{"display_name":"V\u00fcsal Rafiqo\u011flu","author_link":"https:\/\/arantv.az\/?author=2"},"rttpg_comment":0,"rttpg_category":"<a href=\"https:\/\/arantv.az\/?cat=4\" rel=\"category\">Siyas\u0259t<\/a>","rttpg_excerpt":"Az\u0259rbaycan keyfiyy\u0259tli \u015f\u0259kild\u0259 \u015f\u0259h\u0259rl\u0259rini yenid\u0259n qurur. Bunu\u00a0Trend-\u0259 bazar g\u00fcn\u00fc B\u00f6y\u00fck Britaniyadan olan s\u0259yyah Vilyam Qilkrast deyib. \u201cM\u0259n \u00f6z\u00fcm tikinti biznesi il\u0259 m\u0259\u015f\u011fulam v\u0259 bu g\u00fcn La\u00e7\u0131nda v\u0259 ondan \u0259vv\u0259l ba\u015fqa yerl\u0259rd\u0259 g\u00f6rd\u00fckl\u0259rimi h\u0259qiq\u0259t\u0259n yax\u015f\u0131 i\u015f hesab etm\u0259k olar\u201d, &#8211; dey\u0259 s\u0259yyah bildirib. V.Qilkrast vur\u011fulay\u0131b ki, yenid\u0259nqurma i\u015fl\u0259rinin davam etdiyini, evl\u0259rini t\u0259rk etm\u0259k m\u0259cburiyy\u0259tind\u0259 qalan insanlar\u0131n&hellip;","_links":{"self":[{"href":"https:\/\/arantv.az\/index.php?rest_route=\/wp\/v2\/posts\/561197"}],"collection":[{"href":"https:\/\/arantv.az\/index.php?rest_route=\/wp\/v2\/posts"}],"about":[{"href":"https:\/\/arantv.az\/index.php?rest_route=\/wp\/v2\/types\/post"}],"author":[{"embeddable":true,"href":"https:\/\/arantv.az\/index.php?rest_route=\/wp\/v2\/users\/2"}],"replies":[{"embeddable":true,"href":"https:\/\/arantv.az\/index.php?rest_route=%2Fwp%2Fv2%2Fcomments&post=561197"}],"version-history":[{"count":0,"href":"https:\/\/arantv.az\/index.php?rest_route=\/wp\/v2\/posts\/561197\/revisions"}],"wp:featuredmedia":[{"embeddable":true,"href":"https:\/\/arantv.az\/index.php?rest_route=\/wp\/v2\/media\/561198"}],"wp:attachment":[{"href":"https:\/\/arantv.az\/index.php?rest_route=%2Fwp%2Fv2%2Fmedia&parent=561197"}],"wp:term":[{"taxonomy":"category","embeddable":true,"href":"https:\/\/arantv.az\/index.php?rest_route=%2Fwp%2Fv2%2Fcategories&post=561197"},{"taxonomy":"post_tag","embeddable":true,"href":"https:\/\/arantv.az\/index.php?rest_route=%2Fwp%2Fv2%2Ftags&post=561197"}],"curies":[{"name":"wp","href":"https:\/\/api.w.org\/{rel}","templated":true}]}}