{"id":561202,"date":"2023-02-05T16:59:45","date_gmt":"2023-02-05T13:59:45","guid":{"rendered":"https:\/\/arantv.az\/?p=561202"},"modified":"2023-02-05T16:59:45","modified_gmt":"2023-02-05T13:59:45","slug":"az%c9%99rbaycan-xin-turkiy%c9%99y%c9%99-bassagligi-verdi-foto-2","status":"publish","type":"post","link":"https:\/\/arantv.az\/?p=561202","title":{"rendered":"Az\u0259rbaycan X\u0130N T\u00fcrkiy\u0259y\u0259 ba\u015fsa\u011fl\u0131\u011f\u0131 verdi &#8211; FOTO"},"content":{"rendered":"<p>Az\u0259rbaycan Xarici \u0130\u015fl\u0259r Nazirliyi (X\u0130N) T\u00fcrkiy\u0259y\u0259 ba\u015fsa\u011fl\u0131\u011f\u0131 verib.<\/p>\n<div class=\"AdviadNativeVideo\"><\/div>\n<p>Bu bar\u0259d\u0259 X\u0130N \u201cTwitter\u201dd\u0259 payla\u015f\u0131m edib.<\/p>\n<p>\u201cQarda\u015f T\u00fcrkiy\u0259nin Diyarb\u0259kir vilay\u0259tind\u0259n Bodruma ged\u0259n s\u0259rni\u015fin avtobusunun q\u0259zas\u0131nda 8 n\u0259f\u0259rin h\u0259lak olmas\u0131, 35 n\u0259f\u0259rin yaralanmas\u0131 x\u0259b\u0259ri bizi k\u0259d\u0259rl\u0259ndirdi. Allahdan h\u0259lak olanlara r\u0259hm\u0259t, yaralananlara \u015f\u0259fa dil\u0259yirik. Az\u0259rbaycan h\u0259r zaman qarda\u015f T\u00fcrkiy\u0259nin yan\u0131ndad\u0131r\u201d, &#8211; payla\u015f\u0131mda deyilir.<\/p>\n<div>\n<div class=\"twitter-tweet twitter-tweet-rendered\"><iframe id=\"twitter-widget-0\" class=\"\" title=\"Twitter Tweet\" src=\"https:\/\/platform.twitter.com\/embed\/Tweet.html?creatorScreenName=oxuaz&amp;dnt=false&amp;embedId=twitter-widget-0&amp;features=eyJ0ZndfdGltZWxpbmVfbGlzdCI6eyJidWNrZXQiOltdLCJ2ZXJzaW9uIjpudWxsfSwidGZ3X2ZvbGxvd2VyX2NvdW50X3N1bnNldCI6eyJidWNrZXQiOnRydWUsInZlcnNpb24iOm51bGx9LCJ0ZndfdHdlZXRfZWRpdF9iYWNrZW5kIjp7ImJ1Y2tldCI6Im9uIiwidmVyc2lvbiI6bnVsbH0sInRmd19yZWZzcmNfc2Vzc2lvbiI6eyJidWNrZXQiOiJvbiIsInZlcnNpb24iOm51bGx9LCJ0Zndfc2hvd19idXNpbmVzc192ZXJpZmllZF9iYWRnZSI6eyJidWNrZXQiOiJvbiIsInZlcnNpb24iOm51bGx9LCJ0ZndfbWl4ZWRfbWVkaWFfMTU4OTciOnsiYnVja2V0IjoidHJlYXRtZW50IiwidmVyc2lvbiI6bnVsbH0sInRmd19leHBlcmltZW50c19jb29raWVfZXhwaXJhdGlvbiI6eyJidWNrZXQiOjEyMDk2MDAsInZlcnNpb24iOm51bGx9LCJ0ZndfZHVwbGljYXRlX3NjcmliZXNfdG9fc2V0dGluZ3MiOnsiYnVja2V0Ijoib24iLCJ2ZXJzaW9uIjpudWxsfSwidGZ3X3ZpZGVvX2hsc19keW5hbWljX21hbmlmZXN0c18xNTA4MiI6eyJidWNrZXQiOiJ0cnVlX2JpdHJhdGUiLCJ2ZXJzaW9uIjpudWxsfSwidGZ3X3Nob3dfYmx1ZV92ZXJpZmllZF9iYWRnZSI6eyJidWNrZXQiOiJvbiIsInZlcnNpb24iOm51bGx9LCJ0ZndfbGVnYWN5X3RpbWVsaW5lX3N1bnNldCI6eyJidWNrZXQiOnRydWUsInZlcnNpb24iOm51bGx9LCJ0Zndfc2hvd19nb3ZfdmVyaWZpZWRfYmFkZ2UiOnsiYnVja2V0Ijoib24iLCJ2ZXJzaW9uIjpudWxsfSwidGZ3X3Nob3dfYnVzaW5lc3NfYWZmaWxpYXRlX2JhZGdlIjp7ImJ1Y2tldCI6Im9uIiwidmVyc2lvbiI6bnVsbH0sInRmd190d2VldF9lZGl0X2Zyb250ZW5kIjp7ImJ1Y2tldCI6Im9uIiwidmVyc2lvbiI6bnVsbH19&amp;frame=false&amp;hideCard=false&amp;hideThread=false&amp;id=1622226985995976708&amp;lang=en&amp;origin=https%3A%2F%2Foxu.az%2Fpolitics%2F692488&amp;sessionId=84b3bc9aadea25d3b7a977205c5cd56296fb5493&amp;siteScreenName=oxuaz&amp;theme=light&amp;widgetsVersion=aaf4084522e3a%3A1674595607486&amp;width=550px\" frameborder=\"0\" scrolling=\"no\" allowfullscreen=\"allowfullscreen\" data-tweet-id=\"1622226985995976708\" data-mce-fragment=\"1\"><\/iframe><\/div>\n<\/div>\n<p>&nbsp;<\/p>\n","protected":false},"excerpt":{"rendered":"<p>Az\u0259rbaycan Xarici \u0130\u015fl\u0259r Nazirliyi (X\u0130N) T\u00fcrkiy\u0259y\u0259 ba\u015fsa\u011fl\u0131\u011f\u0131 verib. Bu bar\u0259d\u0259 X\u0130N \u201cTwitter\u201dd\u0259 payla\u015f\u0131m edib. \u201cQarda\u015f T\u00fcrkiy\u0259nin Diyarb\u0259kir vilay\u0259tind\u0259n Bodruma ged\u0259n s\u0259rni\u015fin avtobusunun q\u0259zas\u0131nda 8 n\u0259f\u0259rin h\u0259lak olmas\u0131, 35 n\u0259f\u0259rin yaralanmas\u0131 x\u0259b\u0259ri bizi k\u0259d\u0259rl\u0259ndirdi. Allahdan h\u0259lak olanlara r\u0259hm\u0259t, yaralananlara \u015f\u0259fa dil\u0259yirik. Az\u0259rbaycan h\u0259r zaman qarda\u015f T\u00fcrkiy\u0259nin yan\u0131ndad\u0131r\u201d, &#8211; payla\u015f\u0131mda deyilir. &nbsp;<\/p>\n","protected":false},"author":2,"featured_media":557829,"comment_status":"closed","ping_status":"closed","sticky":false,"template":"","format":"standard","meta":{"om_disable_all_campaigns":false,"_monsterinsights_skip_tracking":false,"_monsterinsights_sitenote_active":false,"_monsterinsights_sitenote_note":"","_monsterinsights_sitenote_category":0},"categories":[4],"tags":[],"aioseo_notices":[],"gutentor_comment":0,"rttpg_featured_image_url":{"full":["https:\/\/arantv.az\/wp-content\/uploads\/2023\/01\/XIN.jpg",975,540,false],"landscape":["https:\/\/arantv.az\/wp-content\/uploads\/2023\/01\/XIN.jpg",975,540,false],"portraits":["https:\/\/arantv.az\/wp-content\/uploads\/2023\/01\/XIN.jpg",975,540,false],"thumbnail":["https:\/\/arantv.az\/wp-content\/uploads\/2023\/01\/XIN-500x280.jpg",500,280,true],"medium":["https:\/\/arantv.az\/wp-content\/uploads\/2023\/01\/XIN-660x365.jpg",660,365,true],"large":["https:\/\/arantv.az\/wp-content\/uploads\/2023\/01\/XIN-840x465.jpg",640,354,true],"1536x1536":["https:\/\/arantv.az\/wp-content\/uploads\/2023\/01\/XIN.jpg",975,540,false],"2048x2048":["https:\/\/arantv.az\/wp-content\/uploads\/2023\/01\/XIN.jpg",975,540,false],"post-thumbnail":["https:\/\/arantv.az\/wp-content\/uploads\/2023\/01\/XIN-240x172.jpg",240,172,true],"advps-thumb-one":["https:\/\/arantv.az\/wp-content\/uploads\/2023\/01\/XIN.jpg",975,540,false]},"rttpg_author":{"display_name":"V\u00fcsal Rafiqo\u011flu","author_link":"https:\/\/arantv.az\/?author=2"},"rttpg_comment":0,"rttpg_category":"<a href=\"https:\/\/arantv.az\/?cat=4\" rel=\"category\">Siyas\u0259t<\/a>","rttpg_excerpt":"Az\u0259rbaycan Xarici \u0130\u015fl\u0259r Nazirliyi (X\u0130N) T\u00fcrkiy\u0259y\u0259 ba\u015fsa\u011fl\u0131\u011f\u0131 verib. Bu bar\u0259d\u0259 X\u0130N \u201cTwitter\u201dd\u0259 payla\u015f\u0131m edib. \u201cQarda\u015f T\u00fcrkiy\u0259nin Diyarb\u0259kir vilay\u0259tind\u0259n Bodruma ged\u0259n s\u0259rni\u015fin avtobusunun q\u0259zas\u0131nda 8 n\u0259f\u0259rin h\u0259lak olmas\u0131, 35 n\u0259f\u0259rin yaralanmas\u0131 x\u0259b\u0259ri bizi k\u0259d\u0259rl\u0259ndirdi. Allahdan h\u0259lak olanlara r\u0259hm\u0259t, yaralananlara \u015f\u0259fa dil\u0259yirik. Az\u0259rbaycan h\u0259r zaman qarda\u015f T\u00fcrkiy\u0259nin yan\u0131ndad\u0131r\u201d, &#8211; payla\u015f\u0131mda deyilir. &nbsp;","_links":{"self":[{"href":"https:\/\/arantv.az\/index.php?rest_route=\/wp\/v2\/posts\/561202"}],"collection":[{"href":"https:\/\/arantv.az\/index.php?rest_route=\/wp\/v2\/posts"}],"about":[{"href":"https:\/\/arantv.az\/index.php?rest_route=\/wp\/v2\/types\/post"}],"author":[{"embeddable":true,"href":"https:\/\/arantv.az\/index.php?rest_route=\/wp\/v2\/users\/2"}],"replies":[{"embeddable":true,"href":"https:\/\/arantv.az\/index.php?rest_route=%2Fwp%2Fv2%2Fcomments&post=561202"}],"version-history":[{"count":0,"href":"https:\/\/arantv.az\/index.php?rest_route=\/wp\/v2\/posts\/561202\/revisions"}],"wp:featuredmedia":[{"embeddable":true,"href":"https:\/\/arantv.az\/index.php?rest_route=\/wp\/v2\/media\/557829"}],"wp:attachment":[{"href":"https:\/\/arantv.az\/index.php?rest_route=%2Fwp%2Fv2%2Fmedia&parent=561202"}],"wp:term":[{"taxonomy":"category","embeddable":true,"href":"https:\/\/arantv.az\/index.php?rest_route=%2Fwp%2Fv2%2Fcategories&post=561202"},{"taxonomy":"post_tag","embeddable":true,"href":"https:\/\/arantv.az\/index.php?rest_route=%2Fwp%2Fv2%2Ftags&post=561202"}],"curies":[{"name":"wp","href":"https:\/\/api.w.org\/{rel}","templated":true}]}}