{"id":562089,"date":"2023-02-07T17:36:06","date_gmt":"2023-02-07T14:36:06","guid":{"rendered":"https:\/\/arantv.az\/?p=562089"},"modified":"2023-02-07T17:36:06","modified_gmt":"2023-02-07T14:36:06","slug":"%c9%99rdogan-cografiyamizin-v%c9%99-dunyanin-boyuk-f%c9%99lak%c9%99tl%c9%99rind%c9%99n-biri-il%c9%99-uz-uz%c9%99yik","status":"publish","type":"post","link":"https:\/\/arantv.az\/?p=562089","title":{"rendered":"\u018frdo\u011fan: \u201cCo\u011frafiyam\u0131z\u0131n v\u0259 d\u00fcnyan\u0131n b\u00f6y\u00fck f\u0259lak\u0259tl\u0259rind\u0259n biri il\u0259 \u00fcz-\u00fcz\u0259yik\u201d"},"content":{"rendered":"<p>\u201cM\u00fct\u0259x\u0259ssisl\u0259r iki z\u0259lz\u0259l\u0259ni d\u00fcnyada misli g\u00f6r\u00fcnm\u0259mi\u015f yer h\u0259r\u0259k\u0259tl\u0259ri kimi xarakteriz\u0259 edirl\u0259r\u201d.<\/p>\n<p>Bu bar\u0259d\u0259 T\u00fcrkiy\u0259 Prezidenti R\u0259c\u0259b Tayyib \u018frdo\u011fan bildirib.<\/p>\n<div class=\"AdviadNativeVideo\"><\/div>\n<p>\u201cZ\u0259lz\u0259l\u0259l\u0259r 10 \u015f\u0259h\u0259rd\u0259 b\u00f6y\u00fck da\u011f\u0131nt\u0131lara s\u0259b\u0259b olub. M\u00fct\u0259x\u0259ssisl\u0259r iki z\u0259lz\u0259l\u0259ni d\u00fcnyada misli g\u00f6r\u00fcnm\u0259mi\u015f yer h\u0259r\u0259k\u0259tl\u0259ri kimi xarakteriz\u0259 edirl\u0259r.<\/p>\n<p>Q\u0131r\u0131lan platformalar\u0131n eni bax\u0131m\u0131ndan bu z\u0259lz\u0259l\u0259l\u0259r ox\u015far z\u0259lz\u0259l\u0259l\u0259r\u0259 nisb\u0259t\u0259n daha b\u00f6y\u00fck \u0259razid\u0259 da\u011f\u0131nt\u0131lara s\u0259b\u0259b olub. Co\u011frafiyam\u0131z\u0131n v\u0259 d\u00fcnyan\u0131n b\u00f6y\u00fck f\u0259lak\u0259tl\u0259rind\u0259n biri il\u0259 \u00fcz-\u00fcz\u0259yik\u201d, &#8211; dey\u0259 T\u00fcrkiy\u0259 Prezidenti qeyd edib.<\/p>\n<p>\u018frdo\u011fan\u0131n s\u00f6zl\u0259rin\u0259 g\u00f6r\u0259, \u00e7ox sayda after\u015foklar z\u0259d\u0259l\u0259nmi\u015f binalar\u0131 daha \u00e7ox t\u0259hl\u00fck\u0259 alt\u0131nda qoyub.<\/p>\n<p>\u201cB\u00fct\u00fcn d\u00f6vl\u0259t qurum v\u0259 t\u0259\u015fkilatlar\u0131 z\u0259lz\u0259l\u0259nin ilk anlar\u0131ndan etibar\u0259n s\u0259f\u0259rb\u0259rlik ruhu il\u0259 f\u0259lak\u0259t b\u00f6lg\u0259l\u0259rind\u0259 f\u0259aliyy\u0259t\u0259 ba\u015flay\u0131b. \u00c7ox sayda after\u015foklar z\u0259d\u0259l\u0259nmi\u015f binalar\u0131 daha \u00e7ox t\u0259hl\u00fck\u0259 alt\u0131nda qoyub v\u0259 bu da apar\u0131lan i\u015fl\u0259r\u0259 m\u0259nfi t\u0259sir g\u00f6st\u0259rir. D\u00f6vl\u0259timizin b\u00fct\u00fcn imkanlar\u0131ndan istifad\u0259 ed\u0259r\u0259k v\u0259t\u0259nda\u015flar\u0131m\u0131z\u0131n d\u0259st\u0259yi il\u0259 axtar\u0131\u015f-xilasetm\u0259 i\u015fl\u0259rimizi davam etdiririk. 53 317 \u0259m\u0259kda\u015f\u0131m\u0131z v\u0259 yard\u0131m\u00e7\u0131 hey\u0259timiz da\u011f\u0131nt\u0131 b\u00f6lg\u0259l\u0259rind\u0259 \u00e7al\u0131\u015f\u0131r. Z\u0259lz\u0259l\u0259d\u0259n sa\u011f \u00e7\u0131xan f\u0259lak\u0259t qurbanlar\u0131 \u00fc\u00e7\u00fcn s\u0131\u011f\u0131nacaqdan tutmu\u015f geyim\u0259, yem\u0259kd\u0259n tutmu\u015f q\u0131z\u0131nmalar\u0131na q\u0259d\u0259r t\u0259dbirl\u0259ri m\u0259rh\u0259l\u0259-m\u0259rh\u0259l\u0259 h\u0259yata ke\u00e7iririk. \u0130ndiy\u0259d\u0259k rayona 54 min \u00e7ad\u0131r v\u0259 102 min \u00e7arpay\u0131 g\u00f6nd\u0259rilib\u201d, &#8211; dey\u0259 R\u0259c\u0259b Tayyib \u018frdo\u011fan \u0259lav\u0259 edib.<\/p>\n<p>M\u0259nb\u0259: Haber Global<\/p>\n","protected":false},"excerpt":{"rendered":"<p>\u201cM\u00fct\u0259x\u0259ssisl\u0259r iki z\u0259lz\u0259l\u0259ni d\u00fcnyada misli g\u00f6r\u00fcnm\u0259mi\u015f yer h\u0259r\u0259k\u0259tl\u0259ri kimi xarakteriz\u0259 edirl\u0259r\u201d. Bu bar\u0259d\u0259 T\u00fcrkiy\u0259 Prezidenti R\u0259c\u0259b Tayyib \u018frdo\u011fan bildirib. \u201cZ\u0259lz\u0259l\u0259l\u0259r 10 \u015f\u0259h\u0259rd\u0259 b\u00f6y\u00fck da\u011f\u0131nt\u0131lara s\u0259b\u0259b olub. M\u00fct\u0259x\u0259ssisl\u0259r iki z\u0259lz\u0259l\u0259ni d\u00fcnyada misli g\u00f6r\u00fcnm\u0259mi\u015f yer h\u0259r\u0259k\u0259tl\u0259ri kimi xarakteriz\u0259 edirl\u0259r. Q\u0131r\u0131lan platformalar\u0131n eni bax\u0131m\u0131ndan bu z\u0259lz\u0259l\u0259l\u0259r ox\u015far z\u0259lz\u0259l\u0259l\u0259r\u0259 nisb\u0259t\u0259n daha b\u00f6y\u00fck \u0259razid\u0259 da\u011f\u0131nt\u0131lara s\u0259b\u0259b olub. Co\u011frafiyam\u0131z\u0131n v\u0259 d\u00fcnyan\u0131n b\u00f6y\u00fck f\u0259lak\u0259tl\u0259rind\u0259n biri il\u0259 \u00fcz-\u00fcz\u0259yik\u201d, &#8211; dey\u0259 T\u00fcrkiy\u0259 Prezidenti qeyd edib. \u018frdo\u011fan\u0131n s\u00f6zl\u0259rin\u0259 g\u00f6r\u0259, \u00e7ox sayda after\u015foklar z\u0259d\u0259l\u0259nmi\u015f binalar\u0131 daha \u00e7ox t\u0259hl\u00fck\u0259 alt\u0131nda qoyub. \u201cB\u00fct\u00fcn d\u00f6vl\u0259t qurum v\u0259 t\u0259\u015fkilatlar\u0131 z\u0259lz\u0259l\u0259nin ilk anlar\u0131ndan etibar\u0259n s\u0259f\u0259rb\u0259rlik ruhu&hellip;<\/p>\n","protected":false},"author":2,"featured_media":562090,"comment_status":"closed","ping_status":"closed","sticky":false,"template":"","format":"standard","meta":{"om_disable_all_campaigns":false,"_monsterinsights_skip_tracking":false,"_monsterinsights_sitenote_active":false,"_monsterinsights_sitenote_note":"","_monsterinsights_sitenote_category":0},"categories":[7],"tags":[],"aioseo_notices":[],"gutentor_comment":0,"rttpg_featured_image_url":{"full":["https:\/\/arantv.az\/wp-content\/uploads\/2023\/02\/FotoJet-2023-02-07T163353.246.jpg",620,413,false],"landscape":["https:\/\/arantv.az\/wp-content\/uploads\/2023\/02\/FotoJet-2023-02-07T163353.246.jpg",620,413,false],"portraits":["https:\/\/arantv.az\/wp-content\/uploads\/2023\/02\/FotoJet-2023-02-07T163353.246.jpg",620,413,false],"thumbnail":["https:\/\/arantv.az\/wp-content\/uploads\/2023\/02\/FotoJet-2023-02-07T163353.246-500x280.jpg",500,280,true],"medium":["https:\/\/arantv.az\/wp-content\/uploads\/2023\/02\/FotoJet-2023-02-07T163353.246-548x365.jpg",548,365,true],"large":["https:\/\/arantv.az\/wp-content\/uploads\/2023\/02\/FotoJet-2023-02-07T163353.246.jpg",620,413,false],"1536x1536":["https:\/\/arantv.az\/wp-content\/uploads\/2023\/02\/FotoJet-2023-02-07T163353.246.jpg",620,413,false],"2048x2048":["https:\/\/arantv.az\/wp-content\/uploads\/2023\/02\/FotoJet-2023-02-07T163353.246.jpg",620,413,false],"post-thumbnail":["https:\/\/arantv.az\/wp-content\/uploads\/2023\/02\/FotoJet-2023-02-07T163353.246-240x172.jpg",240,172,true],"advps-thumb-one":["https:\/\/arantv.az\/wp-content\/uploads\/2023\/02\/FotoJet-2023-02-07T163353.246.jpg",620,413,false]},"rttpg_author":{"display_name":"V\u00fcsal Rafiqo\u011flu","author_link":"https:\/\/arantv.az\/?author=2"},"rttpg_comment":0,"rttpg_category":"<a href=\"https:\/\/arantv.az\/?cat=7\" rel=\"category\">D\u00fcnya<\/a>","rttpg_excerpt":"\u201cM\u00fct\u0259x\u0259ssisl\u0259r iki z\u0259lz\u0259l\u0259ni d\u00fcnyada misli g\u00f6r\u00fcnm\u0259mi\u015f yer h\u0259r\u0259k\u0259tl\u0259ri kimi xarakteriz\u0259 edirl\u0259r\u201d. Bu bar\u0259d\u0259 T\u00fcrkiy\u0259 Prezidenti R\u0259c\u0259b Tayyib \u018frdo\u011fan bildirib. \u201cZ\u0259lz\u0259l\u0259l\u0259r 10 \u015f\u0259h\u0259rd\u0259 b\u00f6y\u00fck da\u011f\u0131nt\u0131lara s\u0259b\u0259b olub. M\u00fct\u0259x\u0259ssisl\u0259r iki z\u0259lz\u0259l\u0259ni d\u00fcnyada misli g\u00f6r\u00fcnm\u0259mi\u015f yer h\u0259r\u0259k\u0259tl\u0259ri kimi xarakteriz\u0259 edirl\u0259r. Q\u0131r\u0131lan platformalar\u0131n eni bax\u0131m\u0131ndan bu z\u0259lz\u0259l\u0259l\u0259r ox\u015far z\u0259lz\u0259l\u0259l\u0259r\u0259 nisb\u0259t\u0259n daha b\u00f6y\u00fck \u0259razid\u0259 da\u011f\u0131nt\u0131lara s\u0259b\u0259b olub. Co\u011frafiyam\u0131z\u0131n v\u0259 d\u00fcnyan\u0131n&hellip;","_links":{"self":[{"href":"https:\/\/arantv.az\/index.php?rest_route=\/wp\/v2\/posts\/562089"}],"collection":[{"href":"https:\/\/arantv.az\/index.php?rest_route=\/wp\/v2\/posts"}],"about":[{"href":"https:\/\/arantv.az\/index.php?rest_route=\/wp\/v2\/types\/post"}],"author":[{"embeddable":true,"href":"https:\/\/arantv.az\/index.php?rest_route=\/wp\/v2\/users\/2"}],"replies":[{"embeddable":true,"href":"https:\/\/arantv.az\/index.php?rest_route=%2Fwp%2Fv2%2Fcomments&post=562089"}],"version-history":[{"count":0,"href":"https:\/\/arantv.az\/index.php?rest_route=\/wp\/v2\/posts\/562089\/revisions"}],"wp:featuredmedia":[{"embeddable":true,"href":"https:\/\/arantv.az\/index.php?rest_route=\/wp\/v2\/media\/562090"}],"wp:attachment":[{"href":"https:\/\/arantv.az\/index.php?rest_route=%2Fwp%2Fv2%2Fmedia&parent=562089"}],"wp:term":[{"taxonomy":"category","embeddable":true,"href":"https:\/\/arantv.az\/index.php?rest_route=%2Fwp%2Fv2%2Fcategories&post=562089"},{"taxonomy":"post_tag","embeddable":true,"href":"https:\/\/arantv.az\/index.php?rest_route=%2Fwp%2Fv2%2Ftags&post=562089"}],"curies":[{"name":"wp","href":"https:\/\/api.w.org\/{rel}","templated":true}]}}