{"id":56452,"date":"2019-05-09T16:00:46","date_gmt":"2019-05-09T13:00:46","guid":{"rendered":"http:\/\/arantv.az\/?p=56452"},"modified":"2019-05-09T16:00:46","modified_gmt":"2019-05-09T13:00:46","slug":"hollandiyadan-g%c9%99l%c9%99n-az%c9%99rbaycanli-qiz-canli-yayimda-k%c9%99limeyi-s%c9%99had%c9%99t-g%c9%99tir%c9%99r%c9%99k-mus%c9%99lman-oldu-video","status":"publish","type":"post","link":"https:\/\/arantv.az\/?p=56452","title":{"rendered":"Hollandiyadan g\u0259l\u0259n az\u0259rbaycanl\u0131 q\u0131z canl\u0131 yay\u0131mda K\u0259limeyi-\u015f\u0259had\u0259t g\u0259tir\u0259r\u0259k m\u00fcs\u0259lman oldu \u2014 V\u0130DEO"},"content":{"rendered":"<p>T\u00fcrkiy\u0259 televiziyas\u0131nda maraql\u0131 hadis\u0259 ba\u015f verib.<br \/>\n<b>ARANTV.AZ\u00a0<\/b> &#8220;\u00d6lk\u0259.Az&#8221;a istinad\u0259n x\u0259b\u0259r verir ki, &#8220;ATV&#8221; kanal\u0131nda Ramazan bayram\u0131 il\u0259 \u0259laq\u0259dar yay\u0131mlanan Nihat Hatipo\u011flunun verili\u015find\u0259 hollandiyal\u0131 bir qonaq K\u0259limeyi-\u015f\u0259had\u0259t g\u0259tir\u0259r\u0259k m\u00fcs\u0259lman olub.<\/p>\n<p>Tama\u015fa\u00e7\u0131lar aras\u0131nda olan Anna mikrofonu g\u00f6t\u00fcr\u0259r\u0259k Hatipo\u011fluna Hollandiyadan g\u0259ldiyini v\u0259 m\u00fcs\u0259lman olmaq ist\u0259diyini deyib. Anas\u0131 hollandiyal\u0131, atas\u0131 az\u0259rbaycanl\u0131 olan Annan\u0131n ni\u015fanl\u0131s\u0131 t\u00fcrkd\u00fcr. O, &#8220;Annan\u0131n bu q\u0259rar\u0131na m\u0259nim t\u0259sirim yoxdur. \u00d6z\u00fc ara\u015fd\u0131rd\u0131, m\u00fcs\u0259lman olmaq ist\u0259diyini dedi. M\u0259n d\u0259 sizin yan\u0131n\u0131za g\u0259tirdim&#8221; deyib.<\/p>\n<div id=\"AdviadNativeVideo0\" class=\"AdviadNativeVideo\"><\/div>\n<p>Hatipo\u011flu c\u00fctl\u00fcy\u00fc yan\u0131na \u00e7a\u011f\u0131r\u0131b v\u0259 &#8220;Aram\u0131za xo\u015f g\u0259ldin, bu ist\u0259yin m\u0259ni \u00e7ox xo\u015fb\u0259xt etdi&#8221; deyib. Anna Nihat\u0131n \u0130slam bar\u0259d\u0259 dedikl\u0259rini dinl\u0259dikd\u0259n sonra &#8220;Dedikl\u0259riniz\u0259 qat\u0131l\u0131ram v\u0259 q\u0259bul edir\u0259m. Ya\u015fad\u0131\u011f\u0131m m\u00fcdd\u0259t \u0259rzind\u0259 bunlara diqq\u0259t ed\u0259c\u0259m&#8221; deyib.<\/p>\n<p>Az\u0259rbaycanl\u0131 Anna Hatipo\u011flunun k\u00f6m\u0259yi il\u0259 K\u0259limeyi-\u015f\u0259had\u0259t g\u0259tir\u0259r\u0259k m\u00fcs\u0259lman olub. Onun ad\u0131 da bundan sonra Tuana olacaq.<\/p>\n<div class=\"embed-responsive embed-responsive-16by9\"><iframe loading=\"lazy\" id=\"nmqembedid\" class=\"embed-responsive-item\" title=\"video player\" src=\"https:\/\/izle.az\/embed\/S8m1rTA3L01LLgQA\" width=\"600\" height=\"340\" frameborder=\"0\" scrolling=\"no\" allowfullscreen=\"allowfullscreen\" data-mce-fragment=\"1\"><\/iframe><\/div>\n<p><img class=\"imgbcode\" src=\"https:\/\/sonxeber.az\/uploads\/nihat-hatipoglu-nun-programinda-hollandali-konuk-12030877_7527_m.jpg\" alt=\"Hollandiyadan g\u0259l\u0259n az\u0259rbaycanl\u0131 q\u0131z canl\u0131 yay\u0131mda K\u0259limeyi-\u015f\u0259had\u0259t g\u0259tir\u0259r\u0259k m\u00fcs\u0259lman oldu \u2014 V\u0130DEO\" \/><\/p>\n","protected":false},"excerpt":{"rendered":"<p>T\u00fcrkiy\u0259 televiziyas\u0131nda maraql\u0131 hadis\u0259 ba\u015f verib. ARANTV.AZ\u00a0 &#8220;\u00d6lk\u0259.Az&#8221;a istinad\u0259n x\u0259b\u0259r verir ki, &#8220;ATV&#8221; kanal\u0131nda Ramazan bayram\u0131 il\u0259 \u0259laq\u0259dar yay\u0131mlanan Nihat Hatipo\u011flunun verili\u015find\u0259 hollandiyal\u0131 bir qonaq K\u0259limeyi-\u015f\u0259had\u0259t g\u0259tir\u0259r\u0259k m\u00fcs\u0259lman olub. Tama\u015fa\u00e7\u0131lar aras\u0131nda olan Anna mikrofonu g\u00f6t\u00fcr\u0259r\u0259k Hatipo\u011fluna Hollandiyadan g\u0259ldiyini v\u0259 m\u00fcs\u0259lman olmaq ist\u0259diyini deyib. Anas\u0131 hollandiyal\u0131, atas\u0131 az\u0259rbaycanl\u0131 olan Annan\u0131n ni\u015fanl\u0131s\u0131 t\u00fcrkd\u00fcr. O, &#8220;Annan\u0131n bu q\u0259rar\u0131na m\u0259nim t\u0259sirim yoxdur. \u00d6z\u00fc ara\u015fd\u0131rd\u0131, m\u00fcs\u0259lman olmaq ist\u0259diyini dedi. M\u0259n d\u0259 sizin yan\u0131n\u0131za g\u0259tirdim&#8221; deyib. Hatipo\u011flu c\u00fctl\u00fcy\u00fc yan\u0131na \u00e7a\u011f\u0131r\u0131b v\u0259 &#8220;Aram\u0131za xo\u015f g\u0259ldin, bu ist\u0259yin m\u0259ni \u00e7ox xo\u015fb\u0259xt etdi&#8221; deyib. Anna Nihat\u0131n \u0130slam bar\u0259d\u0259 dedikl\u0259rini&hellip;<\/p>\n","protected":false},"author":2,"featured_media":56453,"comment_status":"closed","ping_status":"closed","sticky":false,"template":"","format":"standard","meta":{"om_disable_all_campaigns":false,"_monsterinsights_skip_tracking":false,"_monsterinsights_sitenote_active":false,"_monsterinsights_sitenote_note":"","_monsterinsights_sitenote_category":0},"categories":[1],"tags":[],"aioseo_notices":[],"gutentor_comment":0,"rttpg_featured_image_url":{"full":["https:\/\/arantv.az\/wp-content\/uploads\/2019\/05\/unnamed_6.jpg",141,85,false],"landscape":["https:\/\/arantv.az\/wp-content\/uploads\/2019\/05\/unnamed_6.jpg",141,85,false],"portraits":["https:\/\/arantv.az\/wp-content\/uploads\/2019\/05\/unnamed_6.jpg",141,85,false],"thumbnail":["https:\/\/arantv.az\/wp-content\/uploads\/2019\/05\/unnamed_6.jpg",141,85,false],"medium":["https:\/\/arantv.az\/wp-content\/uploads\/2019\/05\/unnamed_6.jpg",141,85,false],"large":["https:\/\/arantv.az\/wp-content\/uploads\/2019\/05\/unnamed_6.jpg",141,85,false],"1536x1536":["https:\/\/arantv.az\/wp-content\/uploads\/2019\/05\/unnamed_6.jpg",141,85,false],"2048x2048":["https:\/\/arantv.az\/wp-content\/uploads\/2019\/05\/unnamed_6.jpg",141,85,false],"post-thumbnail":["https:\/\/arantv.az\/wp-content\/uploads\/2019\/05\/unnamed_6.jpg",141,85,false],"advps-thumb-one":["https:\/\/arantv.az\/wp-content\/uploads\/2019\/05\/unnamed_6.jpg",141,85,false]},"rttpg_author":{"display_name":"V\u00fcsal Rafiqo\u011flu","author_link":"https:\/\/arantv.az\/?author=2"},"rttpg_comment":0,"rttpg_category":"<a href=\"https:\/\/arantv.az\/?cat=1\" rel=\"category\">C\u0259miyy\u0259t<\/a>","rttpg_excerpt":"T\u00fcrkiy\u0259 televiziyas\u0131nda maraql\u0131 hadis\u0259 ba\u015f verib. ARANTV.AZ\u00a0 &#8220;\u00d6lk\u0259.Az&#8221;a istinad\u0259n x\u0259b\u0259r verir ki, &#8220;ATV&#8221; kanal\u0131nda Ramazan bayram\u0131 il\u0259 \u0259laq\u0259dar yay\u0131mlanan Nihat Hatipo\u011flunun verili\u015find\u0259 hollandiyal\u0131 bir qonaq K\u0259limeyi-\u015f\u0259had\u0259t g\u0259tir\u0259r\u0259k m\u00fcs\u0259lman olub. Tama\u015fa\u00e7\u0131lar aras\u0131nda olan Anna mikrofonu g\u00f6t\u00fcr\u0259r\u0259k Hatipo\u011fluna Hollandiyadan g\u0259ldiyini v\u0259 m\u00fcs\u0259lman olmaq ist\u0259diyini deyib. Anas\u0131 hollandiyal\u0131, atas\u0131 az\u0259rbaycanl\u0131 olan Annan\u0131n ni\u015fanl\u0131s\u0131 t\u00fcrkd\u00fcr. O, &#8220;Annan\u0131n bu q\u0259rar\u0131na&hellip;","_links":{"self":[{"href":"https:\/\/arantv.az\/index.php?rest_route=\/wp\/v2\/posts\/56452"}],"collection":[{"href":"https:\/\/arantv.az\/index.php?rest_route=\/wp\/v2\/posts"}],"about":[{"href":"https:\/\/arantv.az\/index.php?rest_route=\/wp\/v2\/types\/post"}],"author":[{"embeddable":true,"href":"https:\/\/arantv.az\/index.php?rest_route=\/wp\/v2\/users\/2"}],"replies":[{"embeddable":true,"href":"https:\/\/arantv.az\/index.php?rest_route=%2Fwp%2Fv2%2Fcomments&post=56452"}],"version-history":[{"count":0,"href":"https:\/\/arantv.az\/index.php?rest_route=\/wp\/v2\/posts\/56452\/revisions"}],"wp:featuredmedia":[{"embeddable":true,"href":"https:\/\/arantv.az\/index.php?rest_route=\/wp\/v2\/media\/56453"}],"wp:attachment":[{"href":"https:\/\/arantv.az\/index.php?rest_route=%2Fwp%2Fv2%2Fmedia&parent=56452"}],"wp:term":[{"taxonomy":"category","embeddable":true,"href":"https:\/\/arantv.az\/index.php?rest_route=%2Fwp%2Fv2%2Fcategories&post=56452"},{"taxonomy":"post_tag","embeddable":true,"href":"https:\/\/arantv.az\/index.php?rest_route=%2Fwp%2Fv2%2Ftags&post=56452"}],"curies":[{"name":"wp","href":"https:\/\/api.w.org\/{rel}","templated":true}]}}