{"id":56455,"date":"2019-05-09T16:01:52","date_gmt":"2019-05-09T13:01:52","guid":{"rendered":"http:\/\/arantv.az\/?p=56455"},"modified":"2019-05-09T16:01:52","modified_gmt":"2019-05-09T13:01:52","slug":"az%c9%99rbaycanda-ilk-d%c9%99f%c9%99-g%c9%99d%c9%99b%c9%99yd%c9%99-milli-yaylaq-festivali-keciril%c9%99c%c9%99k-fotolar","status":"publish","type":"post","link":"https:\/\/arantv.az\/?p=56455","title":{"rendered":"Az\u0259rbaycanda ilk d\u0259f\u0259 G\u0259d\u0259b\u0259yd\u0259 Milli Yaylaq Festival\u0131 ke\u00e7iril\u0259c\u0259k &#8211; FOTOLAR"},"content":{"rendered":"<div class=\"row\">\n<div class=\"post single\">\n<div class=\"post_content page_margin_top_section clearfix\">\n<div class=\"content_box\">\n<div class=\"text\">\n<p><strong>\u0130yul-avqust aylar\u0131 \u0259rzind\u0259 f\u00fcsunkar g\u00f6z\u0259lliyi v\u0259 \u0259srar\u0259ngiz t\u0259bi\u0259ti il\u0259 g\u00f6r\u0259nl\u0259ri heyran ed\u0259n G\u0259d\u0259b\u0259yd\u0259 respublikam\u0131zda ilk d\u0259f\u0259 olaraq milli-m\u0259d\u0259ni d\u0259y\u0259rl\u0259rimizi, tariximizi v\u0259 bir s\u0131ra \u0259n\u0259n\u0259l\u0259rimizi \u00f6z\u00fcnd\u0259 \u0259ks etdir\u0259n Milli Yaylaq Festival\u0131 ke\u00e7iril\u0259c\u0259k.<\/p>\n<p><\/strong><b>ARANTV.AZ\u00a0<\/b>x\u0259b\u0259r verir ki, h\u0259min aylar \u0259rzind\u0259 G\u0259d\u0259b\u0259y rayonunun Miskinli yayla\u011f\u0131n\u0131n \u0259razisind\u0259 orijinal \u00fcslubda \u201cYaylaq Yurdu\u201d adl\u0131 etnoq\u0259s\u0259b\u0259nin yarad\u0131laca\u011f\u0131 n\u0259z\u0259rd\u0259 tutulub.<\/p>\n<p>Etnoq\u0259s\u0259b\u0259nin \u0259razisind\u0259 ya\u015fay\u0131\u015f yurdlar\u0131 (ala\u00e7\u0131qlar) il\u0259 yana\u015f\u0131, C\u0131d\u0131r meydan\u0131, Yaylaq (k\u0259nd t\u0259s\u0259rr\u00fcfat\u0131) bazar\u0131, S\u0259n\u0259tkarl\u0131q gu\u015f\u0259si, \u201cD\u0259d\u0259 Qorqud\u201d oca\u011f\u0131 (tama\u015fa\u00e7\u0131lar \u00fc\u00e7\u00fcn s\u0259hn\u0259), Yaylaq yata\u011f\u0131 ( k\u0259nd t\u0259s\u0259rr\u00fcfat\u0131 heyvanlar\u0131 \u00fc\u00e7\u00fcn yerl\u0259r), P\u0259hl\u0259van meydan\u0131 (yar\u0131\u015f sah\u0259si), \u201cA\u015f\u0131q \u018fl\u0259sg\u0259r\u201d oca\u011f\u0131, Yaylaq s\u00fcfr\u0259si (yaylaq m\u0259tb\u0259xi) v\u0259 dig\u0259r tematik sah\u0259l\u0259r yarad\u0131lacaq.<\/p>\n<p>Yarad\u0131lacaq etnoq\u0259s\u0259b\u0259nin iyul-avqust aylar\u0131 \u0259rzind\u0259 turistl\u0259r v\u0259 qonaqlar \u00fc\u00e7\u00fcn f\u0259aliyy\u0259t g\u00f6st\u0259r\u0259c\u0259yi n\u0259z\u0259rd\u0259 tutulub. Avqust ay\u0131n\u0131n ilk yar\u0131s\u0131nda etnoq\u0259s\u0259b\u0259nin \u0259razisind\u0259 3 g\u00fcn \u0259rzind\u0259 geni\u015fmiqyasl\u0131 el \u015f\u0259nliyi (etnoqrafik-m\u0259d\u0259ni-idman t\u0259dbiri) t\u0259\u015fkil edil\u0259c\u0259k.<\/p>\n<p>Milli Yaylaq Festival\u0131 \u015f\u0259rti olaraq 3 hiss\u0259d\u0259n ibar\u0259t olacaq: m\u0259d\u0259ni-etnoqrafik hiss\u0259, milli yaylaq (idman) oyunlar\u0131 v\u0259 ekoetnoturizm.<\/p>\n<p>M\u0259d\u0259ni-etnoqrafik hiss\u0259d\u0259 a\u015f\u0131qlar\u0131n deyi\u015fm\u0259si, milli r\u0259qsl\u0259r (yall\u0131lar, c\u0259ngil\u0259r), xalq mahn\u0131lar\u0131, s\u0259hn\u0259l\u0259r, tama\u015falar, \u0259ski xalq oyunlar\u0131 (dir\u0259d\u00f6ym\u0259, \u00e7ilinga\u011fac, \u0259z\u0259ld\u0259ym\u0259z, m\u00fc\u00e7\u00fck, a\u015f\u0131q-a\u015f\u0131q, molla-mindi) t\u0259\u015fkil edil\u0259c\u0259k, yaylaq m\u0259tb\u0259x n\u00fcmun\u0259l\u0259ri (odun \u00fcz\u0259rind\u0259 bi\u015f\u0259n x\u00f6r\u0259kl\u0259r: dov\u011fa, \u00e7oban bu\u011flamas\u0131, sac\u00fcst\u00fc k\u0259t\u0259l\u0259r, kabablar v\u0259 sair) bi\u015firil\u0259c\u0259k, qo\u00e7lar\u0131n, qurdbasarlar\u0131n (\u00e7oban itl\u0259rinin) v\u0259 yerli yor\u011fa atlar\u0131n s\u0259rgi-m\u00fcsabiq\u0259si ke\u00e7iril\u0259c\u0259k, yaylaq v\u0259 spesifik k\u0259nd t\u0259s\u0259rr\u00fcfat\u0131 m\u0259hsullar\u0131n\u0131n, m\u00fcalic\u0259vi da\u011f bitkil\u0259rinin sat\u0131\u015f-yarmarkas\u0131 olacaq.<\/p>\n<p>Festival m\u00fcdd\u0259tind\u0259 \u00f6lk\u0259mizd\u0259 tolerantl\u0131q v\u0259 multikulturalizmin \u0259yani n\u00fcmayi\u015fi olaraq Az\u0259rbaycanda ya\u015fayan m\u00fcxt\u0259lif etnik qruplar\u0131n (avarlar, molokanlar, tal\u0131\u015flar, y\u0259hudil\u0259r, l\u0259zgil\u0259r v\u0259 sair) n\u00fcmay\u0259nd\u0259l\u0259rinin m\u0259d\u0259ni proqramlar\u0131 v\u0259 n\u00fcmun\u0259vi \u00e7\u0131x\u0131\u015flar\u0131na yer veril\u0259c\u0259k.<\/p>\n<p>Milli yaylaq oyunlar\u0131 adl\u0131 hiss\u0259d\u0259 Yaylaq (idman) oyunlar\u0131 \u015f\u0259rti ad\u0131 alt\u0131nda q\u0259dim tarix\u0259 malik yor\u011fa at yar\u0131\u015flar\u0131, at\u00fcst\u00fc oyunlar v\u0259 milli idman n\u00f6vl\u0259ri \u00fczr\u0259 yar\u0131\u015fmalar v\u0259 n\u00fcmun\u0259vi \u00e7\u0131x\u0131\u015flar t\u0259\u015fkil olunacaq. Yor\u011fa at yar\u0131\u015flar\u0131 (m\u00fcxt\u0259lif m\u0259saf\u0259l\u0259rd\u0259 v\u0259 kateqoriyalarda), milli g\u00fcl\u0259\u015f yar\u0131\u015f\u0131, \u00e7aparaq at yar\u0131\u015flar\u0131, \u00e7oban g\u00fcl\u0259\u015fi (K\u0259m\u0259r g\u00fcl\u0259\u015fi) ke\u00e7iril\u0259c\u0259k.<\/p>\n<p>Bununla yana\u015f\u0131, atlar \u00fcz\u0259rind\u0259 igidlik, at\u00fcst\u00fc milli oyunlar (\u00c7\u00f6vk\u0259n, Baharb\u0259nd, S\u00fcrpapaq, Piyal\u0259, \u018fr endir (at\u00fcst\u00fc g\u00fcl\u0259\u015f), G\u0259rd\u0259k qa\u00e7\u0131rma, zorxana, k\u0259ndirbazl\u0131q, oxatma kimi maraql\u0131 oyun v\u0259 yar\u0131\u015flar t\u0259qdim edil\u0259c\u0259k.<\/p>\n<p>Festivalda qonaqlar v\u0259 turistl\u0259r aras\u0131nda masa (a\u011fac\u00e7\u0259km\u0259) g\u00fcl\u0259\u015fi, Arkan (k\u0259ndir) dartma, n\u0259rd yar\u0131\u015f\u0131, \u201c\u00e7uvalqa\u00e7d\u0131\u201d kimi k\u00fctl\u0259vi oyun-yar\u0131\u015fmalar t\u0259\u015fkil edil\u0259c\u0259k.<\/p>\n<p>Festival\u0131n ekoetnoturizm hiss\u0259sind\u0259 turistl\u0259r \u00fc\u00e7\u00fcn x\u00fcsusi etnoq\u0259s\u0259b\u0259d\u0259 k\u00f6hn\u0259 \u0259n\u0259n\u0259vi \u00fcslubda d\u00fcz\u0259ldilmi\u015f yurdlarda, d\u0259y\u0259l\u0259rd\u0259 qalmaq imkan\u0131 yarad\u0131lacaq. \u201cYaylaq bir g\u00fcn\u201d adl\u0131 hiss\u0259d\u0259 turistl\u0259r \u015f\u0259rti olaraq XVIII \u0259srin \u0259n\u0259n\u0259vi yayla\u011f\u0131na s\u0259yah\u0259t ed\u0259c\u0259kl\u0259r.<\/p>\n<p>Etnoqrafik ekoq\u0259s\u0259b\u0259d\u0259 bir g\u00fcn ya\u015famaq, in\u0259k v\u0259 ya qoyun (ke\u00e7i) otarmaq, onlar\u0131 sa\u011fmaq, ot bi\u00e7m\u0259k (taya d\u00fcz\u0259ltm\u0259k), atlara qulluq etm\u0259k, nehr\u0259 \u00e7alxalamaq, t\u0259tbiqi s\u0259n\u0259tl\u0259 m\u0259\u015f\u011ful olmaq, milli m\u0259tb\u0259x n\u00fcmun\u0259l\u0259ri bi\u015firm\u0259k v\u0259 qidalanmaq, d\u0259y\u0259d\u0259 gec\u0259l\u0259m\u0259k v\u0259 sair kimi \u015f\u0259rait yarad\u0131lacaq.<\/p>\n<p>Bununla yana\u015f\u0131, festival i\u015ftirak\u00e7\u0131lar\u0131 \u00fc\u00e7\u00fcn b\u00f6lg\u0259nin m\u0259\u015fhur yerl\u0259rin\u0259 &#8211; Koro\u011flu qalas\u0131na, Mahrasa m\u0259b\u0259din\u0259, Q\u0131z qalas\u0131na v\u0259 dig\u0259r tarixi m\u0259kanlara, maraql\u0131 yerl\u0259r\u0259 atla g\u0259zintil\u0259r, s\u0259yah\u0259tl\u0259r t\u0259\u015fkil edil\u0259c\u0259k. \u201cAlman izl\u0259ri\u201d adl\u0131 x\u00fcsusi ekskursiyalar, habel\u0259 ayr\u0131-ayr\u0131 m\u0259kanlara s\u0259yah\u0259t \u00fc\u00e7\u00fcn imkan yarad\u0131lacaq. (AZ\u018fRTAC)<\/p>\n<\/div>\n<\/div>\n<\/div>\n<div class=\"social_like\">\n<div>\n<div class=\"fb-like fb_iframe_widget\" data-href=\"\" data-layout=\"button_count\" data-action=\"recommend\" data-size=\"small\" data-show-faces=\"false\" data-share=\"false\"><\/div>\n<\/div>\n<div><\/div>\n<\/div>\n<\/div>\n<\/div>\n<div class=\"row page_margin_top\">\n<div id=\"news_media_gallery\" class=\"eagle-gallery img600 in as1\">\n<div class=\"eagle-medium-wrap\">\n<div class=\"scale-ico\"><\/div>\n<p><a class=\"eagle-view-medium-img\"><img src=\"https:\/\/publika.az\/storage\/2019\/05\/09\/gedeb.jpg\" alt=\"\" \/><\/a><\/div>\n<div class=\"owl-carousel mini-slider\">\n<div class=\"owl-wrapper-outer\">\n<div class=\"owl-wrapper\">\n<div class=\"owl-item\"><img src=\"https:\/\/publika.az\/storage\/2019\/05\/09\/250x250f\/gedebey-.jpg\" alt=\"\" data-medium-img=\"https:\/\/publika.az\/storage\/2019\/05\/09\/gedebey-.jpg\" data-big-img=\"https:\/\/publika.az\/storage\/2019\/05\/09\/gedebey-.jpg\" data-title=\"\" \/><\/div>\n<div class=\"owl-item\"><img src=\"https:\/\/publika.az\/storage\/2019\/05\/09\/250x250f\/gedebey.jpg\" alt=\"\" data-medium-img=\"https:\/\/publika.az\/storage\/2019\/05\/09\/gedebey.jpg\" data-big-img=\"https:\/\/publika.az\/storage\/2019\/05\/09\/gedebey.jpg\" data-title=\"\" \/><\/div>\n<div class=\"owl-item\"><img src=\"https:\/\/publika.az\/storage\/2019\/05\/09\/250x250f\/gedebe.jpg\" alt=\"\" data-medium-img=\"https:\/\/publika.az\/storage\/2019\/05\/09\/gedebe.jpg\" data-big-img=\"https:\/\/publika.az\/storage\/2019\/05\/09\/gedebe.jpg\" data-title=\"\" \/><\/div>\n<div class=\"owl-item active\"><\/div>\n<div class=\"owl-item\"><img src=\"https:\/\/publika.az\/storage\/2019\/05\/09\/250x250f\/gede.jpg\" alt=\"\" data-medium-img=\"https:\/\/publika.az\/storage\/2019\/05\/09\/gede.jpg\" data-big-img=\"https:\/\/publika.az\/storage\/2019\/05\/09\/gede.jpg\" data-title=\"\" \/><\/div>\n<div class=\"owl-item\"><img src=\"https:\/\/publika.az\/storage\/2019\/05\/09\/250x250f\/ged.jpg\" alt=\"\" data-medium-img=\"https:\/\/publika.az\/storage\/2019\/05\/09\/ged.jpg\" data-big-img=\"https:\/\/publika.az\/storage\/2019\/05\/09\/ged.jpg\" data-title=\"\" \/><\/div>\n<\/div>\n<\/div>\n<\/div>\n<\/div>\n<\/div>\n","protected":false},"excerpt":{"rendered":"<p>\u0130yul-avqust aylar\u0131 \u0259rzind\u0259 f\u00fcsunkar g\u00f6z\u0259lliyi v\u0259 \u0259srar\u0259ngiz t\u0259bi\u0259ti il\u0259 g\u00f6r\u0259nl\u0259ri heyran ed\u0259n G\u0259d\u0259b\u0259yd\u0259 respublikam\u0131zda ilk d\u0259f\u0259 olaraq milli-m\u0259d\u0259ni d\u0259y\u0259rl\u0259rimizi, tariximizi v\u0259 bir s\u0131ra \u0259n\u0259n\u0259l\u0259rimizi \u00f6z\u00fcnd\u0259 \u0259ks etdir\u0259n Milli Yaylaq Festival\u0131 ke\u00e7iril\u0259c\u0259k. ARANTV.AZ\u00a0x\u0259b\u0259r verir ki, h\u0259min aylar \u0259rzind\u0259 G\u0259d\u0259b\u0259y rayonunun Miskinli yayla\u011f\u0131n\u0131n \u0259razisind\u0259 orijinal \u00fcslubda \u201cYaylaq Yurdu\u201d adl\u0131 etnoq\u0259s\u0259b\u0259nin yarad\u0131laca\u011f\u0131 n\u0259z\u0259rd\u0259 tutulub. Etnoq\u0259s\u0259b\u0259nin \u0259razisind\u0259 ya\u015fay\u0131\u015f yurdlar\u0131 (ala\u00e7\u0131qlar) il\u0259 yana\u015f\u0131, C\u0131d\u0131r meydan\u0131, Yaylaq (k\u0259nd t\u0259s\u0259rr\u00fcfat\u0131) bazar\u0131, S\u0259n\u0259tkarl\u0131q gu\u015f\u0259si, \u201cD\u0259d\u0259 Qorqud\u201d oca\u011f\u0131 (tama\u015fa\u00e7\u0131lar \u00fc\u00e7\u00fcn s\u0259hn\u0259), Yaylaq yata\u011f\u0131 ( k\u0259nd t\u0259s\u0259rr\u00fcfat\u0131 heyvanlar\u0131 \u00fc\u00e7\u00fcn yerl\u0259r), P\u0259hl\u0259van meydan\u0131 (yar\u0131\u015f sah\u0259si), \u201cA\u015f\u0131q \u018fl\u0259sg\u0259r\u201d oca\u011f\u0131, Yaylaq s\u00fcfr\u0259si (yaylaq&hellip;<\/p>\n","protected":false},"author":2,"featured_media":56456,"comment_status":"closed","ping_status":"closed","sticky":false,"template":"","format":"standard","meta":{"om_disable_all_campaigns":false,"_monsterinsights_skip_tracking":false,"_monsterinsights_sitenote_active":false,"_monsterinsights_sitenote_note":"","_monsterinsights_sitenote_category":0},"categories":[2],"tags":[],"aioseo_notices":[],"gutentor_comment":0,"rttpg_featured_image_url":{"full":["https:\/\/arantv.az\/wp-content\/uploads\/2019\/05\/gedeb.jpg",800,450,false],"landscape":["https:\/\/arantv.az\/wp-content\/uploads\/2019\/05\/gedeb.jpg",800,450,false],"portraits":["https:\/\/arantv.az\/wp-content\/uploads\/2019\/05\/gedeb.jpg",800,450,false],"thumbnail":["https:\/\/arantv.az\/wp-content\/uploads\/2019\/05\/gedeb-150x150.jpg",150,150,true],"medium":["https:\/\/arantv.az\/wp-content\/uploads\/2019\/05\/gedeb-300x169.jpg",300,169,true],"large":["https:\/\/arantv.az\/wp-content\/uploads\/2019\/05\/gedeb.jpg",640,360,false],"1536x1536":["https:\/\/arantv.az\/wp-content\/uploads\/2019\/05\/gedeb.jpg",800,450,false],"2048x2048":["https:\/\/arantv.az\/wp-content\/uploads\/2019\/05\/gedeb.jpg",800,450,false],"post-thumbnail":["https:\/\/arantv.az\/wp-content\/uploads\/2019\/05\/gedeb-240x172.jpg",240,172,true],"advps-thumb-one":["https:\/\/arantv.az\/wp-content\/uploads\/2019\/05\/gedeb.jpg",800,450,false]},"rttpg_author":{"display_name":"V\u00fcsal Rafiqo\u011flu","author_link":"https:\/\/arantv.az\/?author=2"},"rttpg_comment":0,"rttpg_category":"<a href=\"https:\/\/arantv.az\/?cat=2\" rel=\"category\">Region X\u0259b\u0259rl\u0259ri<\/a>","rttpg_excerpt":"\u0130yul-avqust aylar\u0131 \u0259rzind\u0259 f\u00fcsunkar g\u00f6z\u0259lliyi v\u0259 \u0259srar\u0259ngiz t\u0259bi\u0259ti il\u0259 g\u00f6r\u0259nl\u0259ri heyran ed\u0259n G\u0259d\u0259b\u0259yd\u0259 respublikam\u0131zda ilk d\u0259f\u0259 olaraq milli-m\u0259d\u0259ni d\u0259y\u0259rl\u0259rimizi, tariximizi v\u0259 bir s\u0131ra \u0259n\u0259n\u0259l\u0259rimizi \u00f6z\u00fcnd\u0259 \u0259ks etdir\u0259n Milli Yaylaq Festival\u0131 ke\u00e7iril\u0259c\u0259k. ARANTV.AZ\u00a0x\u0259b\u0259r verir ki, h\u0259min aylar \u0259rzind\u0259 G\u0259d\u0259b\u0259y rayonunun Miskinli yayla\u011f\u0131n\u0131n \u0259razisind\u0259 orijinal \u00fcslubda \u201cYaylaq Yurdu\u201d adl\u0131 etnoq\u0259s\u0259b\u0259nin yarad\u0131laca\u011f\u0131 n\u0259z\u0259rd\u0259 tutulub. Etnoq\u0259s\u0259b\u0259nin \u0259razisind\u0259 ya\u015fay\u0131\u015f yurdlar\u0131&hellip;","_links":{"self":[{"href":"https:\/\/arantv.az\/index.php?rest_route=\/wp\/v2\/posts\/56455"}],"collection":[{"href":"https:\/\/arantv.az\/index.php?rest_route=\/wp\/v2\/posts"}],"about":[{"href":"https:\/\/arantv.az\/index.php?rest_route=\/wp\/v2\/types\/post"}],"author":[{"embeddable":true,"href":"https:\/\/arantv.az\/index.php?rest_route=\/wp\/v2\/users\/2"}],"replies":[{"embeddable":true,"href":"https:\/\/arantv.az\/index.php?rest_route=%2Fwp%2Fv2%2Fcomments&post=56455"}],"version-history":[{"count":0,"href":"https:\/\/arantv.az\/index.php?rest_route=\/wp\/v2\/posts\/56455\/revisions"}],"wp:featuredmedia":[{"embeddable":true,"href":"https:\/\/arantv.az\/index.php?rest_route=\/wp\/v2\/media\/56456"}],"wp:attachment":[{"href":"https:\/\/arantv.az\/index.php?rest_route=%2Fwp%2Fv2%2Fmedia&parent=56455"}],"wp:term":[{"taxonomy":"category","embeddable":true,"href":"https:\/\/arantv.az\/index.php?rest_route=%2Fwp%2Fv2%2Fcategories&post=56455"},{"taxonomy":"post_tag","embeddable":true,"href":"https:\/\/arantv.az\/index.php?rest_route=%2Fwp%2Fv2%2Ftags&post=56455"}],"curies":[{"name":"wp","href":"https:\/\/api.w.org\/{rel}","templated":true}]}}