{"id":56524,"date":"2019-05-10T10:04:04","date_gmt":"2019-05-10T07:04:04","guid":{"rendered":"http:\/\/arantv.az\/?p=56524"},"modified":"2019-05-10T10:04:04","modified_gmt":"2019-05-10T07:04:04","slug":"leyla-%c9%99liyeva-psixonevroloji-mu%c9%99ssis%c9%99d%c9%99-fotolar","status":"publish","type":"post","link":"https:\/\/arantv.az\/?p=56524","title":{"rendered":"Leyla \u018fliyeva psixonevroloji m\u00fc\u0259ssis\u0259d\u0259 &#8211; Fotolar"},"content":{"rendered":"<div id=\"xeber_yazi\">\n<p><strong>Heyd\u0259r \u018fliyev Fondunun vitse-prezidenti Leyla \u018fliyeva paytaxt\u0131n Buzovna q\u0259s\u0259b\u0259sind\u0259ki 1 sayl\u0131 psixonevroloji sosial xidm\u0259t m\u00fc\u0259ssis\u0259sinin sakinl\u0259rini ziyar\u0259t edib.<\/strong><\/p>\n<div id=\"AdributorNativeVideo0\" class=\"AdributorNativeVideo\"><\/div>\n<p><strong>ARANTV.AZ<\/strong> x\u0259b\u0259r verir ki, 1974-c\u00fc ild\u0259 yarad\u0131lan 1 sayl\u0131 psixonevroloji sosial xidm\u0259t m\u00fc\u0259ssis\u0259si Heyd\u0259r \u018fliyev Fondunun t\u0259\u015f\u0259bb\u00fcs\u00fc il\u0259 \u0259sasl\u0131 t\u0259mir olunaraq bu ilin fevral ay\u0131nda istifad\u0259y\u0259 verilib. Yenid\u0259nqurma i\u015fl\u0259rind\u0259n sonra burada ya\u015fayanlar\u0131n sa\u011flaml\u0131\u011f\u0131 v\u0259 rahatl\u0131\u011f\u0131 \u00fc\u00e7\u00fcn m\u00fcasir standartlara uy\u011fun \u015f\u0259rait yarad\u0131l\u0131b.<\/p>\n<p>Heyd\u0259r \u018fliyev Fondu n\u00f6vb\u0259ti d\u0259f\u0259 burada x\u00fcsusi qay\u011f\u0131ya ehtiyac\u0131 olan insanlar \u00fc\u00e7\u00fcn \u015f\u0259nlik t\u0259\u015fkil edib.<\/p>\n<p>Fondun vitse-prezidenti Leyla \u018fliyeva t\u0259dbir\u0259 g\u0259l\u0259r\u0259k m\u00fc\u0259ssis\u0259nin sakinl\u0259ri il\u0259 g\u00f6r\u00fc\u015f\u00fcb, onlarla s\u00f6hb\u0259t edib, burada yarad\u0131lan \u015f\u0259rait, bu kateqoriyadan olan insanlar\u0131n m\u00fcalic\u0259si il\u0259 maraqlan\u0131b.<\/p>\n<p>1 sayl\u0131 psixonevroloji sosial xidm\u0259t m\u00fc\u0259ssis\u0259sin\u0259 Heyd\u0259r \u018fliyev Fondunun h\u0259diyy\u0259l\u0259ri t\u0259qdim edilib.<\/p>\n<\/div>\n<div class=\"site-left-rub-bosluq_orta\"><\/div>\n<p><a href=\"https:\/\/axsam.az\/showpic_el100.jpg?yol=ypgr%2FeFQKhAPnlRp77QbvM8oq7XfGuo4Jx9edOvofDsK5XA2H98%2B95nNRrPD05JpdNgvbvW6aCn8yrFcWkD2Xw%3D%3D\" target=\"_blank\" rel=\"noopener\"><img src=\"https:\/\/axsam.az\/showpic_el100.jpg?yol=ypgr%2FeFQKhAPnlRp77QbvM8oq7XfGuo4Jx9edOvofDsK5XA2H98%2B95nNRrPD05JpdNgvbvW6aCn8yrFcWkD2Xw%3D%3D\" border=\"0\" \/><\/a><\/p>\n<div><\/div>\n<p><a href=\"https:\/\/axsam.az\/showpic_el100.jpg?yol=JdNwRvxtKK%2BKpW8m0UwExxPCb11EQMNWwLlEqptMgaPgYbRXVIiPbHIuTV%2Bnc8On0Hq943yz6tcRwKY23FZXnQ%3D%3D\" target=\"_blank\" rel=\"noopener\"><img src=\"https:\/\/axsam.az\/showpic_el100.jpg?yol=JdNwRvxtKK%2BKpW8m0UwExxPCb11EQMNWwLlEqptMgaPgYbRXVIiPbHIuTV%2Bnc8On0Hq943yz6tcRwKY23FZXnQ%3D%3D\" border=\"0\" \/><\/a><\/p>\n<div><\/div>\n<p><a href=\"https:\/\/axsam.az\/showpic_el100.jpg?yol=qscA2e7J%2F40EPfYZTxy14masFbig7ftMW1VTQQBLMRBILCEOZK1GQNcVfab4gG9LNjw6tjHipSKNXUA3gIdpMw%3D%3D\" target=\"_blank\" rel=\"noopener\"><img src=\"https:\/\/axsam.az\/showpic_el100.jpg?yol=qscA2e7J%2F40EPfYZTxy14masFbig7ftMW1VTQQBLMRBILCEOZK1GQNcVfab4gG9LNjw6tjHipSKNXUA3gIdpMw%3D%3D\" border=\"0\" \/><\/a><\/p>\n<div><\/div>\n<p><a href=\"https:\/\/axsam.az\/showpic_el100.jpg?yol=lIiA86atScFPMLgtbY4tvKxdunnb2arIsYk%2B%2FcdShLUmIcDDcjOlvgiQXy5kJtFjvTHxJmvHp6aRGQ4nSE9sjw%3D%3D\" target=\"_blank\" rel=\"noopener\"><img src=\"https:\/\/axsam.az\/showpic_el100.jpg?yol=lIiA86atScFPMLgtbY4tvKxdunnb2arIsYk%2B%2FcdShLUmIcDDcjOlvgiQXy5kJtFjvTHxJmvHp6aRGQ4nSE9sjw%3D%3D\" border=\"0\" \/><\/a><\/p>\n<div><\/div>\n<p><a href=\"https:\/\/axsam.az\/showpic_el100.jpg?yol=NwMkWwGNXdxBElGKwJwskRq8Z4B1DSv6LrO3g7WpKUJRCvMHHvgPnGlTUdaAg%2BQuU7JckUeGhisrpxh6SAYD0w%3D%3D\" target=\"_blank\" rel=\"noopener\"><img src=\"https:\/\/axsam.az\/showpic_el100.jpg?yol=NwMkWwGNXdxBElGKwJwskRq8Z4B1DSv6LrO3g7WpKUJRCvMHHvgPnGlTUdaAg%2BQuU7JckUeGhisrpxh6SAYD0w%3D%3D\" border=\"0\" \/><\/a><\/p>\n<div><\/div>\n<p><a href=\"https:\/\/axsam.az\/showpic_el100.jpg?yol=1ItYvmrcO%2B%2BadNW2i8quprrJ17AvFxsnVIiTatGjAvRnUcVqfbYBka9%2B2mnjdTojTCdzEnTQ%2BURjwjFz4p3t6w%3D%3D\" target=\"_blank\" rel=\"noopener\"><img src=\"https:\/\/axsam.az\/showpic_el100.jpg?yol=1ItYvmrcO%2B%2BadNW2i8quprrJ17AvFxsnVIiTatGjAvRnUcVqfbYBka9%2B2mnjdTojTCdzEnTQ%2BURjwjFz4p3t6w%3D%3D\" border=\"0\" \/><\/a><\/p>\n<div><\/div>\n<p><a href=\"https:\/\/axsam.az\/showpic_el100.jpg?yol=aLUbmGg3AzYglFKbFNjrbJ502yQAYrkgRtgeFHMRnoWsJkBWU9QGGDV%2BO9zix%2FK3NhTSZf95d3q9oitFts6kUg%3D%3D\" target=\"_blank\" rel=\"noopener\"><img src=\"https:\/\/axsam.az\/showpic_el100.jpg?yol=aLUbmGg3AzYglFKbFNjrbJ502yQAYrkgRtgeFHMRnoWsJkBWU9QGGDV%2BO9zix%2FK3NhTSZf95d3q9oitFts6kUg%3D%3D\" border=\"0\" \/><\/a><\/p>\n<div><\/div>\n<p><a href=\"https:\/\/axsam.az\/showpic_el100.jpg?yol=Qb4gF4WO4V%2BWTTnVlLNHF9o2MKCqZcHy2yjnMr0t3SVyC1IaAspEZgIPxvy6CugrL4avbtB45gFCFbdoEIKsjQ%3D%3D\" target=\"_blank\" rel=\"noopener\"><img src=\"https:\/\/axsam.az\/showpic_el100.jpg?yol=Qb4gF4WO4V%2BWTTnVlLNHF9o2MKCqZcHy2yjnMr0t3SVyC1IaAspEZgIPxvy6CugrL4avbtB45gFCFbdoEIKsjQ%3D%3D\" border=\"0\" \/><\/a><\/p>\n<div><\/div>\n<p><a href=\"https:\/\/axsam.az\/showpic_el100.jpg?yol=Uyho29lEmcVeWjZUImPNIMBnAzjM4AyKNLvapRvbC%2BXNthnAfhk5PHY8Cc46yI72rKvoOklq4tNBzmojUYMkVQ%3D%3D\" target=\"_blank\" rel=\"noopener\"><img src=\"https:\/\/axsam.az\/showpic_el100.jpg?yol=Uyho29lEmcVeWjZUImPNIMBnAzjM4AyKNLvapRvbC%2BXNthnAfhk5PHY8Cc46yI72rKvoOklq4tNBzmojUYMkVQ%3D%3D\" border=\"0\" \/><\/a><\/p>\n<p>ax\u015fam.az<\/p>\n","protected":false},"excerpt":{"rendered":"<p>Heyd\u0259r \u018fliyev Fondunun vitse-prezidenti Leyla \u018fliyeva paytaxt\u0131n Buzovna q\u0259s\u0259b\u0259sind\u0259ki 1 sayl\u0131 psixonevroloji sosial xidm\u0259t m\u00fc\u0259ssis\u0259sinin sakinl\u0259rini ziyar\u0259t edib. ARANTV.AZ x\u0259b\u0259r verir ki, 1974-c\u00fc ild\u0259 yarad\u0131lan 1 sayl\u0131 psixonevroloji sosial xidm\u0259t m\u00fc\u0259ssis\u0259si Heyd\u0259r \u018fliyev Fondunun t\u0259\u015f\u0259bb\u00fcs\u00fc il\u0259 \u0259sasl\u0131 t\u0259mir olunaraq bu ilin fevral ay\u0131nda istifad\u0259y\u0259 verilib. Yenid\u0259nqurma i\u015fl\u0259rind\u0259n sonra burada ya\u015fayanlar\u0131n sa\u011flaml\u0131\u011f\u0131 v\u0259 rahatl\u0131\u011f\u0131 \u00fc\u00e7\u00fcn m\u00fcasir standartlara uy\u011fun \u015f\u0259rait yarad\u0131l\u0131b. Heyd\u0259r \u018fliyev Fondu n\u00f6vb\u0259ti d\u0259f\u0259 burada x\u00fcsusi qay\u011f\u0131ya ehtiyac\u0131 olan insanlar \u00fc\u00e7\u00fcn \u015f\u0259nlik t\u0259\u015fkil edib. Fondun vitse-prezidenti Leyla \u018fliyeva t\u0259dbir\u0259 g\u0259l\u0259r\u0259k m\u00fc\u0259ssis\u0259nin sakinl\u0259ri il\u0259 g\u00f6r\u00fc\u015f\u00fcb, onlarla s\u00f6hb\u0259t edib, burada yarad\u0131lan \u015f\u0259rait,&hellip;<\/p>\n","protected":false},"author":2,"featured_media":56525,"comment_status":"closed","ping_status":"closed","sticky":false,"template":"","format":"standard","meta":{"om_disable_all_campaigns":false,"_monsterinsights_skip_tracking":false,"_monsterinsights_sitenote_active":false,"_monsterinsights_sitenote_note":"","_monsterinsights_sitenote_category":0},"categories":[4],"tags":[],"aioseo_notices":[],"gutentor_comment":0,"rttpg_featured_image_url":{"full":["https:\/\/arantv.az\/wp-content\/uploads\/2019\/05\/177153_4bgdcfeluk.jpg",890,669,false],"landscape":["https:\/\/arantv.az\/wp-content\/uploads\/2019\/05\/177153_4bgdcfeluk.jpg",890,669,false],"portraits":["https:\/\/arantv.az\/wp-content\/uploads\/2019\/05\/177153_4bgdcfeluk.jpg",890,669,false],"thumbnail":["https:\/\/arantv.az\/wp-content\/uploads\/2019\/05\/177153_4bgdcfeluk-150x150.jpg",150,150,true],"medium":["https:\/\/arantv.az\/wp-content\/uploads\/2019\/05\/177153_4bgdcfeluk-300x226.jpg",300,226,true],"large":["https:\/\/arantv.az\/wp-content\/uploads\/2019\/05\/177153_4bgdcfeluk.jpg",640,481,false],"1536x1536":["https:\/\/arantv.az\/wp-content\/uploads\/2019\/05\/177153_4bgdcfeluk.jpg",890,669,false],"2048x2048":["https:\/\/arantv.az\/wp-content\/uploads\/2019\/05\/177153_4bgdcfeluk.jpg",890,669,false],"post-thumbnail":["https:\/\/arantv.az\/wp-content\/uploads\/2019\/05\/177153_4bgdcfeluk-240x172.jpg",240,172,true],"advps-thumb-one":["https:\/\/arantv.az\/wp-content\/uploads\/2019\/05\/177153_4bgdcfeluk-890x620.jpg",890,620,true]},"rttpg_author":{"display_name":"V\u00fcsal Rafiqo\u011flu","author_link":"https:\/\/arantv.az\/?author=2"},"rttpg_comment":0,"rttpg_category":"<a href=\"https:\/\/arantv.az\/?cat=4\" rel=\"category\">Siyas\u0259t<\/a>","rttpg_excerpt":"Heyd\u0259r \u018fliyev Fondunun vitse-prezidenti Leyla \u018fliyeva paytaxt\u0131n Buzovna q\u0259s\u0259b\u0259sind\u0259ki 1 sayl\u0131 psixonevroloji sosial xidm\u0259t m\u00fc\u0259ssis\u0259sinin sakinl\u0259rini ziyar\u0259t edib. ARANTV.AZ x\u0259b\u0259r verir ki, 1974-c\u00fc ild\u0259 yarad\u0131lan 1 sayl\u0131 psixonevroloji sosial xidm\u0259t m\u00fc\u0259ssis\u0259si Heyd\u0259r \u018fliyev Fondunun t\u0259\u015f\u0259bb\u00fcs\u00fc il\u0259 \u0259sasl\u0131 t\u0259mir olunaraq bu ilin fevral ay\u0131nda istifad\u0259y\u0259 verilib. Yenid\u0259nqurma i\u015fl\u0259rind\u0259n sonra burada ya\u015fayanlar\u0131n sa\u011flaml\u0131\u011f\u0131 v\u0259 rahatl\u0131\u011f\u0131 \u00fc\u00e7\u00fcn m\u00fcasir&hellip;","_links":{"self":[{"href":"https:\/\/arantv.az\/index.php?rest_route=\/wp\/v2\/posts\/56524"}],"collection":[{"href":"https:\/\/arantv.az\/index.php?rest_route=\/wp\/v2\/posts"}],"about":[{"href":"https:\/\/arantv.az\/index.php?rest_route=\/wp\/v2\/types\/post"}],"author":[{"embeddable":true,"href":"https:\/\/arantv.az\/index.php?rest_route=\/wp\/v2\/users\/2"}],"replies":[{"embeddable":true,"href":"https:\/\/arantv.az\/index.php?rest_route=%2Fwp%2Fv2%2Fcomments&post=56524"}],"version-history":[{"count":0,"href":"https:\/\/arantv.az\/index.php?rest_route=\/wp\/v2\/posts\/56524\/revisions"}],"wp:featuredmedia":[{"embeddable":true,"href":"https:\/\/arantv.az\/index.php?rest_route=\/wp\/v2\/media\/56525"}],"wp:attachment":[{"href":"https:\/\/arantv.az\/index.php?rest_route=%2Fwp%2Fv2%2Fmedia&parent=56524"}],"wp:term":[{"taxonomy":"category","embeddable":true,"href":"https:\/\/arantv.az\/index.php?rest_route=%2Fwp%2Fv2%2Fcategories&post=56524"},{"taxonomy":"post_tag","embeddable":true,"href":"https:\/\/arantv.az\/index.php?rest_route=%2Fwp%2Fv2%2Ftags&post=56524"}],"curies":[{"name":"wp","href":"https:\/\/api.w.org\/{rel}","templated":true}]}}