{"id":56527,"date":"2019-05-10T10:07:21","date_gmt":"2019-05-10T07:07:21","guid":{"rendered":"http:\/\/arantv.az\/?p=56527"},"modified":"2019-05-10T10:07:21","modified_gmt":"2019-05-10T07:07:21","slug":"komit%c9%99-s%c9%99dri-pirallahida-butun-m%c9%99cburi-kockunl%c9%99r-yaxin-aylarda-muasir-evl%c9%99rl%c9%99-t%c9%99min-olunacaq","status":"publish","type":"post","link":"https:\/\/arantv.az\/?p=56527","title":{"rendered":"Komit\u0259 s\u0259dri: &#8220;Pirallah\u0131da b\u00fct\u00fcn m\u0259cburi k\u00f6\u00e7k\u00fcnl\u0259r yax\u0131n aylarda m\u00fcasir evl\u0259rl\u0259 t\u0259min olunacaq&#8221;"},"content":{"rendered":"<p>&#8220;Pirallah\u0131 rayonunda ya\u015fayan b\u00fct\u00fcn m\u0259cburi k\u00f6\u00e7k\u00fcnl\u0259r yax\u0131n aylar \u0259rzind\u0259 m\u00fcasir m\u0259nzill\u0259r\u0259 t\u0259min edil\u0259c\u0259k&#8221;.<\/p>\n<p><span style=\"color: #000000;\"><a style=\"color: #000000;\" href=\"https:\/\/az.trend.az\/\" target=\"_blank\" rel=\"noopener\"><strong>ARANTV.AZ<\/strong> Trend<\/a><\/span>-\u0259 istinad\u0259n x\u0259b\u0259r verir ki, bunu jurnalistl\u0259r\u0259 a\u00e7\u0131qlamas\u0131nda Qa\u00e7q\u0131nlar\u0131n v\u0259 M\u0259cburi K\u00f6\u00e7k\u00fcnl\u0259rin \u0130\u015fl\u0259ri \u00fczr\u0259 D\u00f6vl\u0259t Komit\u0259sinin s\u0259dri R\u00f6v\u015f\u0259n Rzayev bildirib.<\/p>\n<p>Onun s\u00f6zl\u0259rin\u0259 g\u00f6r\u0259, Prezident \u0130lham \u018fliyevin tap\u015f\u0131r\u0131\u011f\u0131na \u0259sas\u0259n, m\u0259cburi k\u00f6\u00e7k\u00fcnl\u0259rin probleminin h\u0259ll edilm\u0259si \u00fc\u00e7\u00fcn i\u015fl\u0259r apar\u0131l\u0131r: &#8220;Bu, h\u0259m d\u0259 Birinci vitse-prezident Mehriban \u018fliyevan\u0131n g\u00fcnd\u0259lik n\u0259zar\u0259tind\u0259 olan m\u0259s\u0259l\u0259l\u0259rdir v\u0259 Komit\u0259 veril\u0259n tap\u015f\u0131r\u0131qlar \u0259sas\u0131nda f\u0259aliyy\u0259t g\u00f6st\u0259rir. Yax\u0131n aylarda Pirallah\u0131 rayonunda ya\u015fayan b\u00fct\u00fcn m\u0259cburi k\u00f6\u00e7k\u00fcnl\u0259r m\u00fcasir m\u0259nzill\u0259r\u0259 t\u0259min edil\u0259c\u0259k&#8221;.<\/p>\n<p>Komit\u0259 s\u0259dri qeyd edib ki, t\u0259xmin\u0259n ilyar\u0131mdan sonra art\u0131q biz Bak\u0131n\u0131n biz ne\u00e7\u0259 rayonun ad\u0131n\u0131 \u00e7\u0259k\u0259 bil\u0259c\u0259yik ki, b\u00fct\u00fcn m\u0259cburi k\u00f6\u00e7k\u00fcnl\u0259r m\u00fcasir m\u0259nzill\u0259rl\u0259 t\u0259min olunacaq.<\/p>\n<p>R\u00f6v\u015f\u0259n Rzayev \u0259lav\u0259 edib ki, d\u00f6vl\u0259t ba\u015f\u00e7\u0131s\u0131 t\u0259r\u0259find\u0259n q\u0259zal\u0131 binalarda m\u00fcvafiq i\u015fl\u0259rin g\u00f6r\u00fclm\u0259si bar\u0259d\u0259 d\u0259 tap\u015f\u0131r\u0131q verilib.<\/p>\n","protected":false},"excerpt":{"rendered":"<p>&#8220;Pirallah\u0131 rayonunda ya\u015fayan b\u00fct\u00fcn m\u0259cburi k\u00f6\u00e7k\u00fcnl\u0259r yax\u0131n aylar \u0259rzind\u0259 m\u00fcasir m\u0259nzill\u0259r\u0259 t\u0259min edil\u0259c\u0259k&#8221;. ARANTV.AZ Trend-\u0259 istinad\u0259n x\u0259b\u0259r verir ki, bunu jurnalistl\u0259r\u0259 a\u00e7\u0131qlamas\u0131nda Qa\u00e7q\u0131nlar\u0131n v\u0259 M\u0259cburi K\u00f6\u00e7k\u00fcnl\u0259rin \u0130\u015fl\u0259ri \u00fczr\u0259 D\u00f6vl\u0259t Komit\u0259sinin s\u0259dri R\u00f6v\u015f\u0259n Rzayev bildirib. Onun s\u00f6zl\u0259rin\u0259 g\u00f6r\u0259, Prezident \u0130lham \u018fliyevin tap\u015f\u0131r\u0131\u011f\u0131na \u0259sas\u0259n, m\u0259cburi k\u00f6\u00e7k\u00fcnl\u0259rin probleminin h\u0259ll edilm\u0259si \u00fc\u00e7\u00fcn i\u015fl\u0259r apar\u0131l\u0131r: &#8220;Bu, h\u0259m d\u0259 Birinci vitse-prezident Mehriban \u018fliyevan\u0131n g\u00fcnd\u0259lik n\u0259zar\u0259tind\u0259 olan m\u0259s\u0259l\u0259l\u0259rdir v\u0259 Komit\u0259 veril\u0259n tap\u015f\u0131r\u0131qlar \u0259sas\u0131nda f\u0259aliyy\u0259t g\u00f6st\u0259rir. Yax\u0131n aylarda Pirallah\u0131 rayonunda ya\u015fayan b\u00fct\u00fcn m\u0259cburi k\u00f6\u00e7k\u00fcnl\u0259r m\u00fcasir m\u0259nzill\u0259r\u0259 t\u0259min edil\u0259c\u0259k&#8221;. Komit\u0259 s\u0259dri qeyd edib ki, t\u0259xmin\u0259n ilyar\u0131mdan sonra art\u0131q biz&hellip;<\/p>\n","protected":false},"author":2,"featured_media":56528,"comment_status":"closed","ping_status":"closed","sticky":false,"template":"","format":"standard","meta":{"om_disable_all_campaigns":false,"_monsterinsights_skip_tracking":false,"_monsterinsights_sitenote_active":false,"_monsterinsights_sitenote_note":"","_monsterinsights_sitenote_category":0},"categories":[4],"tags":[],"aioseo_notices":[],"gutentor_comment":0,"rttpg_featured_image_url":{"full":["https:\/\/arantv.az\/wp-content\/uploads\/2019\/05\/rovsen_rzayev_014.jpg",800,600,false],"landscape":["https:\/\/arantv.az\/wp-content\/uploads\/2019\/05\/rovsen_rzayev_014.jpg",800,600,false],"portraits":["https:\/\/arantv.az\/wp-content\/uploads\/2019\/05\/rovsen_rzayev_014.jpg",800,600,false],"thumbnail":["https:\/\/arantv.az\/wp-content\/uploads\/2019\/05\/rovsen_rzayev_014-150x150.jpg",150,150,true],"medium":["https:\/\/arantv.az\/wp-content\/uploads\/2019\/05\/rovsen_rzayev_014-300x225.jpg",300,225,true],"large":["https:\/\/arantv.az\/wp-content\/uploads\/2019\/05\/rovsen_rzayev_014.jpg",640,480,false],"1536x1536":["https:\/\/arantv.az\/wp-content\/uploads\/2019\/05\/rovsen_rzayev_014.jpg",800,600,false],"2048x2048":["https:\/\/arantv.az\/wp-content\/uploads\/2019\/05\/rovsen_rzayev_014.jpg",800,600,false],"post-thumbnail":["https:\/\/arantv.az\/wp-content\/uploads\/2019\/05\/rovsen_rzayev_014-240x172.jpg",240,172,true],"advps-thumb-one":["https:\/\/arantv.az\/wp-content\/uploads\/2019\/05\/rovsen_rzayev_014.jpg",800,600,false]},"rttpg_author":{"display_name":"V\u00fcsal Rafiqo\u011flu","author_link":"https:\/\/arantv.az\/?author=2"},"rttpg_comment":0,"rttpg_category":"<a href=\"https:\/\/arantv.az\/?cat=4\" rel=\"category\">Siyas\u0259t<\/a>","rttpg_excerpt":"&#8220;Pirallah\u0131 rayonunda ya\u015fayan b\u00fct\u00fcn m\u0259cburi k\u00f6\u00e7k\u00fcnl\u0259r yax\u0131n aylar \u0259rzind\u0259 m\u00fcasir m\u0259nzill\u0259r\u0259 t\u0259min edil\u0259c\u0259k&#8221;. ARANTV.AZ Trend-\u0259 istinad\u0259n x\u0259b\u0259r verir ki, bunu jurnalistl\u0259r\u0259 a\u00e7\u0131qlamas\u0131nda Qa\u00e7q\u0131nlar\u0131n v\u0259 M\u0259cburi K\u00f6\u00e7k\u00fcnl\u0259rin \u0130\u015fl\u0259ri \u00fczr\u0259 D\u00f6vl\u0259t Komit\u0259sinin s\u0259dri R\u00f6v\u015f\u0259n Rzayev bildirib. Onun s\u00f6zl\u0259rin\u0259 g\u00f6r\u0259, Prezident \u0130lham \u018fliyevin tap\u015f\u0131r\u0131\u011f\u0131na \u0259sas\u0259n, m\u0259cburi k\u00f6\u00e7k\u00fcnl\u0259rin probleminin h\u0259ll edilm\u0259si \u00fc\u00e7\u00fcn i\u015fl\u0259r apar\u0131l\u0131r: &#8220;Bu, h\u0259m d\u0259 Birinci vitse-prezident&hellip;","_links":{"self":[{"href":"https:\/\/arantv.az\/index.php?rest_route=\/wp\/v2\/posts\/56527"}],"collection":[{"href":"https:\/\/arantv.az\/index.php?rest_route=\/wp\/v2\/posts"}],"about":[{"href":"https:\/\/arantv.az\/index.php?rest_route=\/wp\/v2\/types\/post"}],"author":[{"embeddable":true,"href":"https:\/\/arantv.az\/index.php?rest_route=\/wp\/v2\/users\/2"}],"replies":[{"embeddable":true,"href":"https:\/\/arantv.az\/index.php?rest_route=%2Fwp%2Fv2%2Fcomments&post=56527"}],"version-history":[{"count":0,"href":"https:\/\/arantv.az\/index.php?rest_route=\/wp\/v2\/posts\/56527\/revisions"}],"wp:featuredmedia":[{"embeddable":true,"href":"https:\/\/arantv.az\/index.php?rest_route=\/wp\/v2\/media\/56528"}],"wp:attachment":[{"href":"https:\/\/arantv.az\/index.php?rest_route=%2Fwp%2Fv2%2Fmedia&parent=56527"}],"wp:term":[{"taxonomy":"category","embeddable":true,"href":"https:\/\/arantv.az\/index.php?rest_route=%2Fwp%2Fv2%2Fcategories&post=56527"},{"taxonomy":"post_tag","embeddable":true,"href":"https:\/\/arantv.az\/index.php?rest_route=%2Fwp%2Fv2%2Ftags&post=56527"}],"curies":[{"name":"wp","href":"https:\/\/api.w.org\/{rel}","templated":true}]}}